{"id":20582,"date":"2023-04-13T00:56:06","date_gmt":"2023-04-13T00:56:06","guid":{"rendered":"http:\/\/fmriachuelo.com.ar\/?p=20582"},"modified":"2025-02-26T12:44:49","modified_gmt":"2025-02-26T15:44:49","slug":"jornada-popular-de-movilizacion-nacional-basta-de-ajuste-la-deuda-es-con-el-pueblo","status":"publish","type":"post","link":"http:\/\/fmriachuelo.it10.com.ar\/index.php\/2023\/04\/13\/jornada-popular-de-movilizacion-nacional-basta-de-ajuste-la-deuda-es-con-el-pueblo\/","title":{"rendered":"JORNADA POPULAR DE MOVILIZACI\u00d3N NACIONAL: BASTA DE AJUSTE, LA DEUDA ES CON EL PUEBLO"},"content":{"rendered":"<p><strong>[FM Riachuelo, 12\/04\/2023] Hoy las organizaciones sociales, populares y sindicales se unieron para recordarle al Gobierno que la verdadera deuda es con el pueblo. Con una multitudinaria movilizaci\u00f3n, el pueblo en la calle hizo o\u00edr su voz para exigir que las medidas de ajuste adoptadas por mandato del Fondo Monetario Internacional, no primen por sobre las necesidades de la gente. Bajo la consigna \u201cEsta democracia tiene una olla vac\u00eda\u201d, se remarc\u00f3 que el hambre lo provocan los poderosos y que ya no se puede ocultar m\u00e1s la situaci\u00f3n de miseria que atraviesa el pueblo. Por eso se sali\u00f3 a la calle en unidad, para mostrar que los derechos conquistados no se pueden perder y mucho menos en manos de un pu\u00f1ado de poderosos.<\/strong><\/p>\n<p><img loading=\"lazy\" decoding=\"async\" class=\"size-medium wp-image-20584 alignleft\" src=\"http:\/\/fmriachuelo.it10.com.ar\/wp-content\/uploads\/2023\/04\/WhatsApp-Image-2023-04-12-at-21.48.23-300x200.jpeg\" alt=\"\" width=\"300\" height=\"200\" srcset=\"http:\/\/fmriachuelo.it10.com.ar\/wp-content\/uploads\/2023\/04\/WhatsApp-Image-2023-04-12-at-21.48.23-300x200.jpeg 300w, http:\/\/fmriachuelo.it10.com.ar\/wp-content\/uploads\/2023\/04\/WhatsApp-Image-2023-04-12-at-21.48.23-1024x682.jpeg 1024w, http:\/\/fmriachuelo.it10.com.ar\/wp-content\/uploads\/2023\/04\/WhatsApp-Image-2023-04-12-at-21.48.23-768x512.jpeg 768w, http:\/\/fmriachuelo.it10.com.ar\/wp-content\/uploads\/2023\/04\/WhatsApp-Image-2023-04-12-at-21.48.23-1536x1023.jpeg 1536w, http:\/\/fmriachuelo.it10.com.ar\/wp-content\/uploads\/2023\/04\/WhatsApp-Image-2023-04-12-at-21.48.23-750x500.jpeg 750w, http:\/\/fmriachuelo.it10.com.ar\/wp-content\/uploads\/2023\/04\/WhatsApp-Image-2023-04-12-at-21.48.23-1140x760.jpeg 1140w, http:\/\/fmriachuelo.it10.com.ar\/wp-content\/uploads\/2023\/04\/WhatsApp-Image-2023-04-12-at-21.48.23.jpeg 1600w\" sizes=\"auto, (max-width: 300px) 100vw, 300px\" \/><\/p>\n<p>Ya que mientras hoy el \u00edndice de pobreza marca un 40% y el aumento del crecimiento es de un 4%, que adem\u00e1s queda claramente en manos de los grupos concentrados, se expres\u00f3 en la jornada el descontento por una injusta redistribuci\u00f3n, que hambrea a los de abajo y que ya no da para m\u00e1s. Los justos reclamos se expresaron en una declaraci\u00f3n de Unidad de los y las trabajadores formales y no formales, del reconocimiento a les trabajadores de la Econom\u00eda Popular y del acuerdo en reclamar en un solo pedido y unidos, que se debe empezar a mirar al pueblo y no congraciarse con los intereses especuladores respondiendo al pedido de ajuste que exigen desde los poderes f\u00e1cticos.<\/p>\n<p>&nbsp;<\/p>\n<p>De la convocatoria participaron La Uni\u00f3n de Trabajadores de la Econom\u00eda Popular (UTEP), con todos los espacios que la integran, Asociaci\u00f3n Trabajadores del Estado en sus diferentes centrales, Servicio Nacional de Sanidad y Calidad Agroalimentaria (SENASA), Federaci\u00f3n Nacional Territorial (FeNaT-CTA), Central de Trabajadores y Trabajadoras de la Argentina (CTA), entre muchas otras organizaciones sociales que adhirieron.<\/p>\n<p>En una jornada de paro y movilizaci\u00f3n por parte de los trabajadores estatales Carina Maloberti, Secretaria General de ATE Senasa contaba: <em>\u201cLos niveles de saqueo de nuestras riquezas que est\u00e1n haciendo las pesqueras, las mineras, las farmac\u00e9uticas y todo el agro son sumas siderales. Y lo sabemos porque los estatales nacionales estamos en los controles de los puertos, estamos en el comercio exterior, tambi\u00e9n estamos en cada uno de los tr\u00e1mites que estos despachantes y sus empresas que cotidianamente fugan capitales. Entonces sabemos muy bien que el problema no es que falte dinero. Lo que pasa es que la acumulaci\u00f3n ya es obscena.\u201d<\/em> Y propon\u00eda: <em>\u201cPor eso la unidad de las y los trabajadores con o sin empleo cada vez se impone m\u00e1s por la necesidad de dar pelea a estas pol\u00edticas de ajuste, de hambre de descarte y que est\u00e1n siguiendo los lineamientos del fondo monetario internacional otra vez m\u00e1s para dominio, control y ocupaci\u00f3n territorial y para cercenar nuestra soberan\u00eda.\u201d<\/em><\/p>\n<p><img loading=\"lazy\" decoding=\"async\" class=\"size-medium wp-image-20586 alignright\" src=\"http:\/\/fmriachuelo.it10.com.ar\/wp-content\/uploads\/2023\/04\/WhatsApp-Image-2023-04-12-at-21.53.05-300x168.jpeg\" alt=\"\" width=\"300\" height=\"168\" srcset=\"http:\/\/fmriachuelo.it10.com.ar\/wp-content\/uploads\/2023\/04\/WhatsApp-Image-2023-04-12-at-21.53.05-300x168.jpeg 300w, http:\/\/fmriachuelo.it10.com.ar\/wp-content\/uploads\/2023\/04\/WhatsApp-Image-2023-04-12-at-21.53.05-1024x575.jpeg 1024w, http:\/\/fmriachuelo.it10.com.ar\/wp-content\/uploads\/2023\/04\/WhatsApp-Image-2023-04-12-at-21.53.05-768x431.jpeg 768w, http:\/\/fmriachuelo.it10.com.ar\/wp-content\/uploads\/2023\/04\/WhatsApp-Image-2023-04-12-at-21.53.05-1536x862.jpeg 1536w, http:\/\/fmriachuelo.it10.com.ar\/wp-content\/uploads\/2023\/04\/WhatsApp-Image-2023-04-12-at-21.53.05-750x421.jpeg 750w, http:\/\/fmriachuelo.it10.com.ar\/wp-content\/uploads\/2023\/04\/WhatsApp-Image-2023-04-12-at-21.53.05-1140x640.jpeg 1140w, http:\/\/fmriachuelo.it10.com.ar\/wp-content\/uploads\/2023\/04\/WhatsApp-Image-2023-04-12-at-21.53.05.jpeg 1600w\" sizes=\"auto, (max-width: 300px) 100vw, 300px\" \/><\/p>\n<p>Lito Borello, Secretario de Derechos Humanos de la UTEP tambi\u00e9n opin\u00f3 sobre el context de la covocatoria y dec\u00eda: <em>\u201cHay una gran preocupaci\u00f3n porque los poderes f\u00e1cticos est\u00e1n logrando incidir en este gobierno y la aplicaci\u00f3n de pol\u00edticas m\u00e1s tendientes de favorecer a los sectores dominantes est\u00e1 sobresaliendo por sobre los intereses de los trabajadores y de los sectores m\u00e1s postergados. Esto est\u00e1 muy lejos de las expectativas que se ten\u00edan al votar a este gobierno hace 3 a\u00f1os atr\u00e1s, y est\u00e1 muy lejos tambi\u00e9n de algo que se dec\u00eda que era empezar por los de atr\u00e1s, por los que est\u00e1n m\u00e1s postergados, por los sectores m\u00e1s humildes, por los intereses de los trabajadores. La pr\u00e1ctica muestra que si bien la Argentina empieza a demostrar que tiene crecimiento, tambi\u00e9n lo que se viene dando de manera significativa es el aumento de la pobreza cada vez m\u00e1s.\u201d<\/em> Adem\u00e1s destac\u00f3 la importancia de la construcci\u00f3n de la unidad en el campo popular: <em>\u201cNuevamente la lucha en la calles y la pelea es el mejor modo. El mejor denominador com\u00fan que unifica colores de chaleco, banderas de distintas expresiones y miradas con matices, todo aquello que se une desde la lucha. Est\u00e1 claro que la unidad de los trabajadores y la unidad de los sectores populares tiene que ser desde abajo y luchando en las calles.\u201d<\/em><\/p>\n<p>En el acto central, a las puertas del Ministerio de Econom\u00eda y con la Casa de Gobierno como testigo mudo, culmin\u00f3 el ingreso de las diversas columnas en un escenario donde los distintos referentes hicieron un claro llamado a la Unidad de todo el campo popular, para continuar con un plan de lucha hasta que se reciba una respuesta por parte del gobierno a todas las demandas y propuestas presentadas, que culminar\u00eda con un gran acto convocando a todes a una gran movilizaci\u00f3n para el 1 de Mayo, como fecha hist\u00f3rica que expresa todas las luchas del pueblo por defender sus conquistas.<\/p>\n<p><img loading=\"lazy\" decoding=\"async\" class=\"size-medium wp-image-20587 alignleft\" src=\"http:\/\/fmriachuelo.it10.com.ar\/wp-content\/uploads\/2023\/04\/WhatsApp-Image-2023-04-12-at-21.54.26-300x200.jpeg\" alt=\"\" width=\"300\" height=\"200\" srcset=\"http:\/\/fmriachuelo.it10.com.ar\/wp-content\/uploads\/2023\/04\/WhatsApp-Image-2023-04-12-at-21.54.26-300x200.jpeg 300w, http:\/\/fmriachuelo.it10.com.ar\/wp-content\/uploads\/2023\/04\/WhatsApp-Image-2023-04-12-at-21.54.26-1024x682.jpeg 1024w, http:\/\/fmriachuelo.it10.com.ar\/wp-content\/uploads\/2023\/04\/WhatsApp-Image-2023-04-12-at-21.54.26-768x512.jpeg 768w, http:\/\/fmriachuelo.it10.com.ar\/wp-content\/uploads\/2023\/04\/WhatsApp-Image-2023-04-12-at-21.54.26-1536x1023.jpeg 1536w, http:\/\/fmriachuelo.it10.com.ar\/wp-content\/uploads\/2023\/04\/WhatsApp-Image-2023-04-12-at-21.54.26-750x500.jpeg 750w, http:\/\/fmriachuelo.it10.com.ar\/wp-content\/uploads\/2023\/04\/WhatsApp-Image-2023-04-12-at-21.54.26-1140x760.jpeg 1140w, http:\/\/fmriachuelo.it10.com.ar\/wp-content\/uploads\/2023\/04\/WhatsApp-Image-2023-04-12-at-21.54.26.jpeg 1600w\" sizes=\"auto, (max-width: 300px) 100vw, 300px\" \/>Con respecto a este llamado a la unidad el Secretario General de UTEP Esteban \u201cGringo\u201d Castro mencion\u00f3 <em>\u201cHay una necesidad del FMI que es la de romper nuestro humanismo, nuestra capacidad de organizaci\u00f3n, y eso es lo que no estamos dispuestos a permitir, que no lo intenten porque no lo van a lograr. Para poner freno a esa ruptura social que quieren imponer es solo si el gobierno se apoya en las organizaciones sociales y en el movimiento de trabajadores organizado, si se apoya ah\u00ed ganamos todes, si s\u00f3lo es un debate personal con las naciones imperialistas es imposible que se resuelva el problema del hambre del desempleo. Esto no se puede resolver si no hay unidad del movimiento nacional y popular, esto est\u00e1 demostrado en la historia\u201d<\/em>. Y finaliz\u00f3 diciendo: <em>\u201cSi ponemos como eje el desarrollo humano de nuestro pueblo nos queda por delante construir con todo el movimiento popular y organizado de la Argentina una gran movilizaci\u00f3n para el pr\u00f3ximo 1 de mayo, que diga no queremos m\u00e1s al FMI en nuestro pa\u00eds, lo queremos fuera de Argentina, fuera de Latinoam\u00e9rica y fuera del mundo. Para adelante tenemos que hacer asambleas en los lugares de trabajo y donde nos organizamos en nuestros barrios, con una sola y clara consigna: queremos que se vayan, y que el gobierno se apoye donde se debe apoyar, que es en el Pueblo.\u201d<\/em><\/p>\n<p>&nbsp;<\/p>\n<p><a href=\"https:\/\/www.facebook.com\/fmriachuelo\/posts\/pfbid02fyfweDXZN9UZE5P19rSpB8j8ovWMFpCnEZbPYuntyJFa49UWz2K1BWi298t4oF3Fl\">Galer\u00eda de fotos<\/a><\/p>\n<p>&nbsp;<\/p>\n<p><a href=\"https:\/\/ar.radiocut.fm\/audiocut\/jornada-lucha-por-salarios-dignos-para-todxs-lxs-trabajadores\/\">Entrevista a Carina Maloberti, Secretaria General de ATE Senasa<\/a><\/p>\n<p>&nbsp;<\/p>\n<p><a href=\"https:\/\/ar.radiocut.fm\/audiocut\/jornada-lucha-por-salarios-dignos-para-todxs-lxs-trabajadores-1\/\">Entrevista a Lito Borello, Secretario de Derechos Humanos de la UTEP<\/a><\/p>\n","protected":false},"excerpt":{"rendered":"<p>[FM Riachuelo, 12\/04\/2023] Hoy las organizaciones sociales, populares y sindicales se unieron para recordarle al Gobierno que la verdadera deuda es con el pueblo. Con una multitudinaria movilizaci\u00f3n, el pueblo en la calle hizo o\u00edr su voz para exigir que las medidas de ajuste adoptadas por mandato del Fondo Monetario Internacional, no primen por sobre [&hellip;]<\/p>\n","protected":false},"author":1,"featured_media":20583,"comment_status":"closed","ping_status":"closed","sticky":false,"template":"","format":"standard","meta":{"_monsterinsights_skip_tracking":false,"_monsterinsights_sitenote_active":false,"_monsterinsights_sitenote_note":"","_monsterinsights_sitenote_category":0,"jnews-multi-image_gallery":[],"jnews_single_post":{"format":"standard"},"jnews_primary_category":[],"_joinchat":[],"footnotes":""},"categories":[58],"tags":[103,157,156],"class_list":["post-20582","post","type-post","status-publish","format-standard","has-post-thumbnail","hentry","category-noticiariachuelo","tag-movimientos-populares","tag-nadie-se-salva-solo","tag-tierra-techo-y-trabajo"],"_links":{"self":[{"href":"http:\/\/fmriachuelo.it10.com.ar\/index.php\/wp-json\/wp\/v2\/posts\/20582","targetHints":{"allow":["GET"]}}],"collection":[{"href":"http:\/\/fmriachuelo.it10.com.ar\/index.php\/wp-json\/wp\/v2\/posts"}],"about":[{"href":"http:\/\/fmriachuelo.it10.com.ar\/index.php\/wp-json\/wp\/v2\/types\/post"}],"author":[{"embeddable":true,"href":"http:\/\/fmriachuelo.it10.com.ar\/index.php\/wp-json\/wp\/v2\/users\/1"}],"replies":[{"embeddable":true,"href":"http:\/\/fmriachuelo.it10.com.ar\/index.php\/wp-json\/wp\/v2\/comments?post=20582"}],"version-history":[{"count":1,"href":"http:\/\/fmriachuelo.it10.com.ar\/index.php\/wp-json\/wp\/v2\/posts\/20582\/revisions"}],"predecessor-version":[{"id":22107,"href":"http:\/\/fmriachuelo.it10.com.ar\/index.php\/wp-json\/wp\/v2\/posts\/20582\/revisions\/22107"}],"wp:featuredmedia":[{"embeddable":true,"href":"http:\/\/fmriachuelo.it10.com.ar\/index.php\/wp-json\/wp\/v2\/media\/20583"}],"wp:attachment":[{"href":"http:\/\/fmriachuelo.it10.com.ar\/index.php\/wp-json\/wp\/v2\/media?parent=20582"}],"wp:term":[{"taxonomy":"category","embeddable":true,"href":"http:\/\/fmriachuelo.it10.com.ar\/index.php\/wp-json\/wp\/v2\/categories?post=20582"},{"taxonomy":"post_tag","embeddable":true,"href":"http:\/\/fmriachuelo.it10.com.ar\/index.php\/wp-json\/wp\/v2\/tags?post=20582"}],"curies":[{"name":"wp","href":"https:\/\/api.w.org\/{rel}","templated":true}]}}