{"id":20431,"date":"2023-04-03T23:06:18","date_gmt":"2023-04-03T23:06:18","guid":{"rendered":"http:\/\/fmriachuelo.com.ar\/?p=20431"},"modified":"2025-02-26T12:46:20","modified_gmt":"2025-02-26T15:46:20","slug":"de-malvinas-al-canal-magdalena-reivindicando-la-soberania-nacional-en-el-espigon-municipal-de-punta-indio","status":"publish","type":"post","link":"http:\/\/fmriachuelo.it10.com.ar\/index.php\/2023\/04\/03\/de-malvinas-al-canal-magdalena-reivindicando-la-soberania-nacional-en-el-espigon-municipal-de-punta-indio\/","title":{"rendered":"DE MALVINAS AL CANAL MAGDALENA, REIVINDICANDO LA SOBERAN\u00cdA NACIONAL EN EL ESPIG\u00d3N MUNICIPAL DE PUNTA INDIO"},"content":{"rendered":"<p><b>[FM Riachuelo, 03\/04\/2023] El 2 de abril es una fecha muy sentida para todo nuestro pueblo, en ella honramos a nuestros combatientes y ca\u00eddos en las Islas Malvinas. Hoy seguimos reivindicando nuestro derecho a la soberan\u00eda de nuestro territorio. El Canal Magdalena es estrat\u00e9gico desde el punto de vista geopol\u00edtico porque nos permite una salida directa al Atl\u00e1ntico, sin necesidad de pasar por Montevideo, y de esta forma poder ejercer el control de nuestras v\u00edas navegables, mares y puertos. Por este motivo un grupo de organizaciones decidi\u00f3 realizar una actividad en Punta Indio, Provincia de Buenos Aires.<\/b><\/p>\n<p><span style=\"font-weight: 400\">Desde el <\/span><b>Espig\u00f3n Municipal de Punta Indio<\/b><span style=\"font-weight: 400\">, parti\u00f3 la <\/span><b>Flota Patriota<\/b><span style=\"font-weight: 400\"> con cuatro embarcaciones con destino a la <\/span><b>Boya N\u00b01<\/b><span style=\"font-weight: 400\"> en la que se colocaron las banderas de las organizaciones presentes con la consigna<\/span><b> \u201cMalvinas Argentinas &#8211; Volveremos\u201d.<\/b><span style=\"font-weight: 400\"> Luego la tripulaci\u00f3n cant\u00f3 el Himno Nacional.<\/span><\/p>\n<p><span style=\"font-weight: 400\">Participaron de la actividad <\/span><b>Vanesa Morales<\/b><span style=\"font-weight: 400\">, Presidenta de la Cooperativa de Trabajo La Boya &#8211; Pipinas, <\/span><b>Julio C\u00e9sar Urien<\/b><span style=\"font-weight: 400\">, Presidente de la Fundaci\u00f3n Interactiva para Promover la Cultura del Agua (FIPCA), <\/span><b>Lito Borello<\/b><span style=\"font-weight: 400\">, Secretario de DDHH Uni\u00f3n de Trabajadores y Trabajadoras de la Econom\u00eda Popular (UTEP) y Coordinador Nacional del Movimiento Popular Los Pibes, <\/span><b>Carina Maloberti<\/b><span style=\"font-weight: 400\">, Coordinadora de Fogata, Cuidadores de la Casa Com\u00fan &#8211; Punta Rasa y del Bloque Peronista en ATE, <\/span><b>Miguel Fabre<\/b><span style=\"font-weight: 400\">, Combatiente de Malvinas y<\/span><b> Luciano \u00c1lvarez<\/b><span style=\"font-weight: 400\"> del Movimiento Popular Los Pibes. Tambi\u00e9n estuvieron presentes <\/span><b>Marta Ferraro<\/b><span style=\"font-weight: 400\"> de la Agrupaci\u00f3n De Frente de M\u00e1ximo Paz, referentes de la <\/span><b>Uni\u00f3n de Peque\u00f1os Productores Organizados de Punta Indio<\/b><span style=\"font-weight: 400\"> (UPOPI), la <\/span><b>FM 100.3<\/b><span style=\"font-weight: 400\"> comunitaria de Punta del Indio, la <\/span><b>Cooperativa de Pesca Artesanal de Punta del Indio<\/b><span style=\"font-weight: 400\">, <\/span><b>Vecinos autoconvocados de Punta del Indio<\/b><span style=\"font-weight: 400\"> en defensa de los humedales y la <\/span><b>FM Riachuelo<\/b><span style=\"font-weight: 400\">.<\/span><\/p>\n<p><span style=\"font-weight: 400\"><img loading=\"lazy\" decoding=\"async\" class=\"size-medium wp-image-20433 alignleft\" src=\"http:\/\/fmriachuelo.it10.com.ar\/wp-content\/uploads\/2023\/04\/WhatsApp-Image-2023-04-03-at-20.02.12-1-300x225.jpeg\" alt=\"\" width=\"300\" height=\"225\" srcset=\"http:\/\/fmriachuelo.it10.com.ar\/wp-content\/uploads\/2023\/04\/WhatsApp-Image-2023-04-03-at-20.02.12-1-300x225.jpeg 300w, http:\/\/fmriachuelo.it10.com.ar\/wp-content\/uploads\/2023\/04\/WhatsApp-Image-2023-04-03-at-20.02.12-1-1024x768.jpeg 1024w, http:\/\/fmriachuelo.it10.com.ar\/wp-content\/uploads\/2023\/04\/WhatsApp-Image-2023-04-03-at-20.02.12-1-768x576.jpeg 768w, http:\/\/fmriachuelo.it10.com.ar\/wp-content\/uploads\/2023\/04\/WhatsApp-Image-2023-04-03-at-20.02.12-1-1536x1152.jpeg 1536w, http:\/\/fmriachuelo.it10.com.ar\/wp-content\/uploads\/2023\/04\/WhatsApp-Image-2023-04-03-at-20.02.12-1-750x563.jpeg 750w, http:\/\/fmriachuelo.it10.com.ar\/wp-content\/uploads\/2023\/04\/WhatsApp-Image-2023-04-03-at-20.02.12-1-1140x855.jpeg 1140w, http:\/\/fmriachuelo.it10.com.ar\/wp-content\/uploads\/2023\/04\/WhatsApp-Image-2023-04-03-at-20.02.12-1.jpeg 1600w\" sizes=\"auto, (max-width: 300px) 100vw, 300px\" \/>Cuando las embarcaciones culminaron su traves\u00eda y ya en tierra se realiz\u00f3 un acto donde tomaron la palabra representantes de todas las organizaciones presentes. Lito Borello expres\u00f3: <\/span><i><span style=\"font-weight: 400\">\u201cComo pueblo ya no esperamos m\u00e1s, nos organizamos, no unimos y luchamos. Este mismo pueblo es el que pone lo que hay que poner y defiende la soberan\u00eda en el lago, en las aguas y en cada territorio de un pa\u00eds ocupado por fuerzas que se est\u00e1n quedando con nuestras riquezas. Por eso celebro mucho esta actividad\u201d.<\/span><\/i><\/p>\n<p><span style=\"font-weight: 400\">&nbsp;Luego se dirigi\u00f3 a los presentes, Julio Cesar Urien: <\/span><i><span style=\"font-weight: 400\">\u201cCompa\u00f1eros este es un paso m\u00e1s en defensa de la soberan\u00eda. Hoy empezamos a mostrarle los dientes a estos grupos econ\u00f3micos que son los que nos mantienen con una dirigencia que no tiene la voluntad, la decisi\u00f3n y el valor de enfrentarlos. Hoy el futuro de nuestra patria est\u00e1 en el pueblo, est\u00e1 en nosotros\u201d<\/span><\/i><\/p>\n<p><span style=\"font-weight: 400\"><img loading=\"lazy\" decoding=\"async\" class=\"size-medium wp-image-20434 alignright\" src=\"http:\/\/fmriachuelo.it10.com.ar\/wp-content\/uploads\/2023\/04\/WhatsApp-Image-2023-04-03-at-20.02.12-300x225.jpeg\" alt=\"\" width=\"300\" height=\"225\" srcset=\"http:\/\/fmriachuelo.it10.com.ar\/wp-content\/uploads\/2023\/04\/WhatsApp-Image-2023-04-03-at-20.02.12-300x225.jpeg 300w, http:\/\/fmriachuelo.it10.com.ar\/wp-content\/uploads\/2023\/04\/WhatsApp-Image-2023-04-03-at-20.02.12-1024x768.jpeg 1024w, http:\/\/fmriachuelo.it10.com.ar\/wp-content\/uploads\/2023\/04\/WhatsApp-Image-2023-04-03-at-20.02.12-768x576.jpeg 768w, http:\/\/fmriachuelo.it10.com.ar\/wp-content\/uploads\/2023\/04\/WhatsApp-Image-2023-04-03-at-20.02.12-1536x1152.jpeg 1536w, http:\/\/fmriachuelo.it10.com.ar\/wp-content\/uploads\/2023\/04\/WhatsApp-Image-2023-04-03-at-20.02.12-750x563.jpeg 750w, http:\/\/fmriachuelo.it10.com.ar\/wp-content\/uploads\/2023\/04\/WhatsApp-Image-2023-04-03-at-20.02.12-1140x855.jpeg 1140w, http:\/\/fmriachuelo.it10.com.ar\/wp-content\/uploads\/2023\/04\/WhatsApp-Image-2023-04-03-at-20.02.12.jpeg 1600w\" sizes=\"auto, (max-width: 300px) 100vw, 300px\" \/>Carina Maloberti habl\u00f3 sobre el cuidado que el pueblo tiene para con sus compatriotas: <\/span><i><span style=\"font-weight: 400\">\u201cHoy nos cuidamos nosotros, a nuestra familia, a nuestra comunidad ejerciendo soberan\u00eda. Tambi\u00e9n cuidamos a nuestro planeta, luchamos para que se termine este sistema de hambre, exclusi\u00f3n y descarte volviendo a tomar la soberan\u00eda pol\u00edtica hacia la independencia econ\u00f3mica con justicia social\u201d<\/span><\/i><\/p>\n<p><span style=\"font-weight: 400\">Para cerrar Vanesa Morales dej\u00f3 claro: <\/span><i><span style=\"font-weight: 400\">\u201cHay algo que les vamos a seguir diciendo siempre, del agua no nos van a sacar. Es la \u00fanica manera, desde dentro del agua defendemos nuestra soberan\u00eda, cuidamos nuestro alimento y tenemos un trabajo digno\u201d<\/span><\/i><\/p>\n<p><span style=\"font-weight: 400\">Paralelamente a esta jornada se realiz\u00f3 una actividad de similares caracter\u00edsticas en las aguas de la ciudad de La Plata, Prov. de Buenos Aires, donde llegaron a la Boya N\u00b06 que marca el final del Canal Magdalena.&nbsp;<\/span><\/p>\n","protected":false},"excerpt":{"rendered":"<p>[FM Riachuelo, 03\/04\/2023] El 2 de abril es una fecha muy sentida para todo nuestro pueblo, en ella honramos a nuestros combatientes y ca\u00eddos en las Islas Malvinas. Hoy seguimos reivindicando nuestro derecho a la soberan\u00eda de nuestro territorio. El Canal Magdalena es estrat\u00e9gico desde el punto de vista geopol\u00edtico porque nos permite una salida [&hellip;]<\/p>\n","protected":false},"author":5,"featured_media":20432,"comment_status":"closed","ping_status":"closed","sticky":false,"template":"","format":"standard","meta":{"_monsterinsights_skip_tracking":false,"_monsterinsights_sitenote_active":false,"_monsterinsights_sitenote_note":"","_monsterinsights_sitenote_category":0,"jnews-multi-image_gallery":[],"jnews_single_post":{"subtitle":"","format":"standard","video":"","gallery":"","source_name":"","source_url":"","via_name":"","via_url":"","override_template":"0","override":[{"template":"2","single_blog_custom":"","parallax":"1","fullscreen":"1","layout":"right-sidebar","sidebar":"default-sidebar","second_sidebar":"default-sidebar","sticky_sidebar":"1","share_position":"top","share_float_style":"share-monocrhome","show_share_counter":"1","show_view_counter":"1","show_featured":"1","show_post_meta":"1","show_post_author":"0","show_post_author_image":"1","show_post_date":"1","post_date_format":"default","post_date_format_custom":"Y\/m\/d","show_post_category":"1","show_post_reading_time":"0","post_reading_time_wpm":"300","show_zoom_button":"0","zoom_button_out_step":"2","zoom_button_in_step":"3","show_post_tag":"1","show_prev_next_post":"1","show_popup_post":"1","number_popup_post":"1","show_author_box":"1","show_post_related":"0","show_inline_post_related":"0"}],"override_image_size":"0","image_override":[{"single_post_thumbnail_size":"crop-500","single_post_gallery_size":"crop-500"}],"trending_post":"0","trending_post_position":"meta","trending_post_label":"Trending","sponsored_post":"0","sponsored_post_label":"Sponsored by","sponsored_post_name":"","sponsored_post_url":"","sponsored_post_logo_enable":"0","sponsored_post_logo":"","sponsored_post_desc":"","disable_ad":"0"},"jnews_primary_category":{"id":"","hide":""},"_joinchat":[],"footnotes":""},"categories":[61],"tags":[153],"class_list":["post-20431","post","type-post","status-publish","format-standard","has-post-thumbnail","hentry","category-especiales-riachuelo","tag-soberania-2"],"_links":{"self":[{"href":"http:\/\/fmriachuelo.it10.com.ar\/index.php\/wp-json\/wp\/v2\/posts\/20431","targetHints":{"allow":["GET"]}}],"collection":[{"href":"http:\/\/fmriachuelo.it10.com.ar\/index.php\/wp-json\/wp\/v2\/posts"}],"about":[{"href":"http:\/\/fmriachuelo.it10.com.ar\/index.php\/wp-json\/wp\/v2\/types\/post"}],"author":[{"embeddable":true,"href":"http:\/\/fmriachuelo.it10.com.ar\/index.php\/wp-json\/wp\/v2\/users\/5"}],"replies":[{"embeddable":true,"href":"http:\/\/fmriachuelo.it10.com.ar\/index.php\/wp-json\/wp\/v2\/comments?post=20431"}],"version-history":[{"count":1,"href":"http:\/\/fmriachuelo.it10.com.ar\/index.php\/wp-json\/wp\/v2\/posts\/20431\/revisions"}],"predecessor-version":[{"id":20628,"href":"http:\/\/fmriachuelo.it10.com.ar\/index.php\/wp-json\/wp\/v2\/posts\/20431\/revisions\/20628"}],"wp:featuredmedia":[{"embeddable":true,"href":"http:\/\/fmriachuelo.it10.com.ar\/index.php\/wp-json\/wp\/v2\/media\/20432"}],"wp:attachment":[{"href":"http:\/\/fmriachuelo.it10.com.ar\/index.php\/wp-json\/wp\/v2\/media?parent=20431"}],"wp:term":[{"taxonomy":"category","embeddable":true,"href":"http:\/\/fmriachuelo.it10.com.ar\/index.php\/wp-json\/wp\/v2\/categories?post=20431"},{"taxonomy":"post_tag","embeddable":true,"href":"http:\/\/fmriachuelo.it10.com.ar\/index.php\/wp-json\/wp\/v2\/tags?post=20431"}],"curies":[{"name":"wp","href":"https:\/\/api.w.org\/{rel}","templated":true}]}}