{"id":20422,"date":"2023-04-03T21:17:26","date_gmt":"2023-04-03T21:17:26","guid":{"rendered":"http:\/\/fmriachuelo.com.ar\/?p=20422"},"modified":"2025-02-26T12:47:47","modified_gmt":"2025-02-26T15:47:47","slug":"de-malvinas-al-canal-magdalena-reivindicando-la-soberania-nacional-en-el-puerto-de-la-plata","status":"publish","type":"post","link":"http:\/\/fmriachuelo.it10.com.ar\/index.php\/2023\/04\/03\/de-malvinas-al-canal-magdalena-reivindicando-la-soberania-nacional-en-el-puerto-de-la-plata\/","title":{"rendered":"DE MALVINAS AL CANAL MAGDALENA, REIVINDICANDO LA SOBERAN\u00cdA NACIONAL EN EL PUERTO DE LA PLATA"},"content":{"rendered":"<p><strong>[FM Riachuelo, 03\/04\/2023] El d\u00eda de ayer en las aguas de la Ciudad de La Plata se llev\u00f3 adelante una actividad en homenaje a los luchadores y las luchadoras de la Guerra de Malvinas. Se intervino con una bandera la boya que simboliza el final del Canal Magdalena con el objetivo de llevar a la acci\u00f3n la lucha por la soberan\u00eda nacional, por la que todas y todos nuestros combatientes fueron a pelear.<\/strong><\/p>\n<p><img loading=\"lazy\" decoding=\"async\" class=\"size-medium wp-image-20424 alignleft\" src=\"http:\/\/fmriachuelo.it10.com.ar\/wp-content\/uploads\/2023\/04\/WhatsApp-Image-2023-04-03-at-18.09.15-300x168.jpeg\" alt=\"\" width=\"300\" height=\"168\" srcset=\"http:\/\/fmriachuelo.it10.com.ar\/wp-content\/uploads\/2023\/04\/WhatsApp-Image-2023-04-03-at-18.09.15-300x168.jpeg 300w, http:\/\/fmriachuelo.it10.com.ar\/wp-content\/uploads\/2023\/04\/WhatsApp-Image-2023-04-03-at-18.09.15-1024x575.jpeg 1024w, http:\/\/fmriachuelo.it10.com.ar\/wp-content\/uploads\/2023\/04\/WhatsApp-Image-2023-04-03-at-18.09.15-768x431.jpeg 768w, http:\/\/fmriachuelo.it10.com.ar\/wp-content\/uploads\/2023\/04\/WhatsApp-Image-2023-04-03-at-18.09.15-750x421.jpeg 750w, http:\/\/fmriachuelo.it10.com.ar\/wp-content\/uploads\/2023\/04\/WhatsApp-Image-2023-04-03-at-18.09.15-1140x640.jpeg 1140w, http:\/\/fmriachuelo.it10.com.ar\/wp-content\/uploads\/2023\/04\/WhatsApp-Image-2023-04-03-at-18.09.15.jpeg 1500w\" sizes=\"auto, (max-width: 300px) 100vw, 300px\" \/>La jornada consisti\u00f3 en una flota de militantes pertenecientes a Agrupaci\u00f3n Mar\u00eda Claudia Falcone, FIPCA (Fundaci\u00f3n Interactiva para la Promoci\u00f3n de la Cultura del Agua), Corriente Popular Vallese, la Corriente Popular Macacha G\u00fcemes y el Movimiento Popular Los Pibes, que salieron en una embarcaci\u00f3n del Puerto de Berisso hacia el moj\u00f3n mencionado, y que luego se acercaron hacia el Puerto de la Ciudad de La Plata en Ensenada junto con otra embarcaci\u00f3n para dar inicio a un acto en el lugar. Todos los participantes que estaban en tierra se acercaron hacia la orilla a recibir a las lanchas de los compa\u00f1eros y compa\u00f1eras al grito de \u201cPatria si, colonia no\u201d, para luego entonar de manera conjunta las estrofas del Himno Nacional Argentino.<\/p>\n<p>Es importante destacar que esta jornada consisti\u00f3 en 2 acciones coordinadas en cada una de las puntas del Canal Magdalena. Mientras en la Ciudad de la Plata se realizaba una intervenci\u00f3n en la boya 6, en el Pueblo de Punta Indio las organizaciones populares realizaron la misma intervenci\u00f3n en la boya 1, reafirmando su compromiso en la lucha por la soberan\u00eda de las aguas marrones y la defensa de la Patria.<\/p>\n<p><img loading=\"lazy\" decoding=\"async\" class=\"size-medium wp-image-20425 alignright\" src=\"http:\/\/fmriachuelo.it10.com.ar\/wp-content\/uploads\/2023\/04\/WhatsApp-Image-2023-04-03-at-18.13.39-300x200.jpeg\" alt=\"\" width=\"300\" height=\"200\" srcset=\"http:\/\/fmriachuelo.it10.com.ar\/wp-content\/uploads\/2023\/04\/WhatsApp-Image-2023-04-03-at-18.13.39-300x200.jpeg 300w, http:\/\/fmriachuelo.it10.com.ar\/wp-content\/uploads\/2023\/04\/WhatsApp-Image-2023-04-03-at-18.13.39-1024x683.jpeg 1024w, http:\/\/fmriachuelo.it10.com.ar\/wp-content\/uploads\/2023\/04\/WhatsApp-Image-2023-04-03-at-18.13.39-768x512.jpeg 768w, http:\/\/fmriachuelo.it10.com.ar\/wp-content\/uploads\/2023\/04\/WhatsApp-Image-2023-04-03-at-18.13.39-750x500.jpeg 750w, http:\/\/fmriachuelo.it10.com.ar\/wp-content\/uploads\/2023\/04\/WhatsApp-Image-2023-04-03-at-18.13.39-1140x760.jpeg 1140w, http:\/\/fmriachuelo.it10.com.ar\/wp-content\/uploads\/2023\/04\/WhatsApp-Image-2023-04-03-at-18.13.39.jpeg 1500w\" sizes=\"auto, (max-width: 300px) 100vw, 300px\" \/><\/p>\n<p>Los oradores del acto del Puerto de La Plata fueron: Nacho Bruno, Referente de Corriente Popular Vallese; Estela D\u00edaz, Ministerio de las Mujeres, Pol\u00edticas de G\u00e9nero y Diversidad Sexual de la Provincia de Buenos Aires; Pepe Lojo, presidente del Consorcio del Puerto de La Ciudad de La Plata en Ensenada; Gabriel Berrozpe y Victor Hugo \u201cBeto\u201d D\u00edaz, de FIPCA. Adem\u00e1s, el acto cont\u00f3 con la presencia de Nahuel Chancel, secretario general de SUPeH (Sindicatos Unidos de Petroleros e Hidrocarbur\u00edferos) de Ensenada y Secretario General adjunto de la CGT (Confederaci\u00f3n General del Trabajo); Cesar Medina de AMED (Asociaci\u00f3n Mutual de Empleados Directivos y Trabajadores Independientes); An\u00edbal Hnatiuk, Presidente del Patronato de Liberados; y el Padre Carlos.<\/p>\n<p>Nacho Bruno sintetizaba el esp\u00edritu de la actividad afirmando que: \u201cHay que poner sobre la mesa las discusiones pol\u00edticas que tenemos que dar, que tienen que ver justamente con la soberan\u00eda de nuestros r\u00edos, de nuestros puertos, de nuestra alimentaci\u00f3n. Cuando hablamos de la Soberan\u00eda, no s\u00f3lo hablamos de la causa Malvinas que es importante, que une y nos tiene a todos bajo una misma bandera, sino que hablamos de empezar a construir y reconstruir en ese tejido que se ha destruido tanto. Estas discusiones hay que tomarlas como hechos fundamentales y vertebrales de la militancia pol\u00edtica. Estas patriadas que construimos como la de hoy son para generar conciencia en la militancia.\u201d<\/p>\n<p><img loading=\"lazy\" decoding=\"async\" class=\"size-medium wp-image-20428 alignleft\" src=\"http:\/\/fmriachuelo.it10.com.ar\/wp-content\/uploads\/2023\/04\/WhatsApp-Image-2023-04-03-at-19.22.34-300x169.jpeg\" alt=\"\" width=\"300\" height=\"169\" srcset=\"http:\/\/fmriachuelo.it10.com.ar\/wp-content\/uploads\/2023\/04\/WhatsApp-Image-2023-04-03-at-19.22.34-300x169.jpeg 300w, http:\/\/fmriachuelo.it10.com.ar\/wp-content\/uploads\/2023\/04\/WhatsApp-Image-2023-04-03-at-19.22.34-1024x576.jpeg 1024w, http:\/\/fmriachuelo.it10.com.ar\/wp-content\/uploads\/2023\/04\/WhatsApp-Image-2023-04-03-at-19.22.34-768x432.jpeg 768w, http:\/\/fmriachuelo.it10.com.ar\/wp-content\/uploads\/2023\/04\/WhatsApp-Image-2023-04-03-at-19.22.34-1536x864.jpeg 1536w, http:\/\/fmriachuelo.it10.com.ar\/wp-content\/uploads\/2023\/04\/WhatsApp-Image-2023-04-03-at-19.22.34-750x422.jpeg 750w, http:\/\/fmriachuelo.it10.com.ar\/wp-content\/uploads\/2023\/04\/WhatsApp-Image-2023-04-03-at-19.22.34-1140x641.jpeg 1140w, http:\/\/fmriachuelo.it10.com.ar\/wp-content\/uploads\/2023\/04\/WhatsApp-Image-2023-04-03-at-19.22.34.jpeg 1600w\" sizes=\"auto, (max-width: 300px) 100vw, 300px\" \/><\/p>\n<p>Tambi\u00e9n tom\u00f3 la palabra Beto D\u00edaz que nos dec\u00eda:\u00bbTodo depende de nosotros, de lo que vaya a pasar con el Canal Magdalena. Depende de la organizaci\u00f3n, de juntarnos. S\u00f3lo los grandes proyectos llaman a la \u00e9pica y a la m\u00edstica. Los proyectos chiquitos y mezquinos jam\u00e1s van a lograr que nos juntemos a pelear juntos. Por eso en momentos como este vuelve a cobrar tanta importancia la palabra Patria. Se nos est\u00e1 metiendo en nosotros y est\u00e1 creando el fuego necesario para hacer posible que nos juntemos, que nos organicemos y que el reclamo se concrete en la apertura del Canal Magdalena, pero tambi\u00e9n de toda la soberan\u00eda. Que nuestra Patria, que el territorio nacional vuelva a ser nuestro.\u00bb<\/p>\n<p>&nbsp;<\/p>\n<p><a href=\"https:\/\/www.facebook.com\/fmriachuelo\/posts\/pfbid0E5ozzmGwd5RGxcaBidX27rHsy65VogsDemHnSkDbLnkVbFpfvjrQ2xTcSW8Ngo9kl\"><strong>Pod\u00e9s ver la galer\u00eda de fotos ac\u00e1<\/strong><\/a><\/p>\n","protected":false},"excerpt":{"rendered":"<p>[FM Riachuelo, 03\/04\/2023] El d\u00eda de ayer en las aguas de la Ciudad de La Plata se llev\u00f3 adelante una actividad en homenaje a los luchadores y las luchadoras de la Guerra de Malvinas. Se intervino con una bandera la boya que simboliza el final del Canal Magdalena con el objetivo de llevar a la [&hellip;]<\/p>\n","protected":false},"author":5,"featured_media":20423,"comment_status":"closed","ping_status":"closed","sticky":false,"template":"","format":"standard","meta":{"_monsterinsights_skip_tracking":false,"_monsterinsights_sitenote_active":false,"_monsterinsights_sitenote_note":"","_monsterinsights_sitenote_category":0,"jnews-multi-image_gallery":[],"jnews_single_post":{"subtitle":"","format":"standard"},"jnews_primary_category":[],"_joinchat":[],"footnotes":""},"categories":[58],"tags":[72,153],"class_list":["post-20422","post","type-post","status-publish","format-standard","has-post-thumbnail","hentry","category-noticiariachuelo","tag-historia-de-la-lucha-de-los-pueblos","tag-soberania-2"],"_links":{"self":[{"href":"http:\/\/fmriachuelo.it10.com.ar\/index.php\/wp-json\/wp\/v2\/posts\/20422","targetHints":{"allow":["GET"]}}],"collection":[{"href":"http:\/\/fmriachuelo.it10.com.ar\/index.php\/wp-json\/wp\/v2\/posts"}],"about":[{"href":"http:\/\/fmriachuelo.it10.com.ar\/index.php\/wp-json\/wp\/v2\/types\/post"}],"author":[{"embeddable":true,"href":"http:\/\/fmriachuelo.it10.com.ar\/index.php\/wp-json\/wp\/v2\/users\/5"}],"replies":[{"embeddable":true,"href":"http:\/\/fmriachuelo.it10.com.ar\/index.php\/wp-json\/wp\/v2\/comments?post=20422"}],"version-history":[{"count":1,"href":"http:\/\/fmriachuelo.it10.com.ar\/index.php\/wp-json\/wp\/v2\/posts\/20422\/revisions"}],"predecessor-version":[{"id":22108,"href":"http:\/\/fmriachuelo.it10.com.ar\/index.php\/wp-json\/wp\/v2\/posts\/20422\/revisions\/22108"}],"wp:featuredmedia":[{"embeddable":true,"href":"http:\/\/fmriachuelo.it10.com.ar\/index.php\/wp-json\/wp\/v2\/media\/20423"}],"wp:attachment":[{"href":"http:\/\/fmriachuelo.it10.com.ar\/index.php\/wp-json\/wp\/v2\/media?parent=20422"}],"wp:term":[{"taxonomy":"category","embeddable":true,"href":"http:\/\/fmriachuelo.it10.com.ar\/index.php\/wp-json\/wp\/v2\/categories?post=20422"},{"taxonomy":"post_tag","embeddable":true,"href":"http:\/\/fmriachuelo.it10.com.ar\/index.php\/wp-json\/wp\/v2\/tags?post=20422"}],"curies":[{"name":"wp","href":"https:\/\/api.w.org\/{rel}","templated":true}]}}