{"id":20376,"date":"2023-03-24T18:16:12","date_gmt":"2023-03-24T18:16:12","guid":{"rendered":"http:\/\/fmriachuelo.com.ar\/?p=20376"},"modified":"2025-02-26T12:51:30","modified_gmt":"2025-02-26T15:51:30","slug":"el-piberio-de-la-boca-en-asamblea-radial-cumple-de-nuestro-companero-oso-cisneros-y-47-anos-del-golpeel-piberio-de-la-boca-en-asamblea-radial-cumple-de-nuestro-companero-oso-cisneros-y-47-anos-del-g","status":"publish","type":"post","link":"http:\/\/fmriachuelo.it10.com.ar\/index.php\/2023\/03\/24\/el-piberio-de-la-boca-en-asamblea-radial-cumple-de-nuestro-companero-oso-cisneros-y-47-anos-del-golpeel-piberio-de-la-boca-en-asamblea-radial-cumple-de-nuestro-companero-oso-cisneros-y-47-anos-del-g\/","title":{"rendered":"EL PIBER\u00cdO DE LA BOCA EN ASAMBLEA RADIAL: CUMPLE DE NUESTRO COMPA\u00d1ERO OSO CISNEROS Y 47 A\u00d1OS DEL GOLPE"},"content":{"rendered":"<p><strong>[FM Riachuelo, 24\/03\/2022<\/strong><span style=\"font-weight: 400\"><strong>]<\/strong> <strong>Luego del cumplea\u00f1os 63 del Oso Cisneros y a 47 a\u00f1os del golpe c\u00edvico militar, la juventud del Movimiento Popular Los Pibes de la Boca se encontr\u00f3 en esta asamblea radial para reflexionar sobre el legado de los compa\u00f1eros militantes que luchaban por otro mundo posible en \u00e9l contexto de la dictadura y los que les precedieron ya en democracia, como el Oso Cisneros, poniendo as\u00ed los desaf\u00edos que tiene la juventud militante en el presente.<\/strong><\/span><\/p>\n<p><span style=\"font-weight: 400\"><em>\u201cHay fechas que desde la militancia la utilizamos para analizar la historia de lucha de nuestros compa\u00f1eros y repensar cu\u00e1l es el camino ahora y eso es lo que quieren que perdamos\u201d<\/em> Dec\u00eda <strong>Nandy, coordinador del Gimnasio Popular Los Pibes<\/strong>, que cuenta con la escuelita de boxeo donde los pibes pueden ir a hacer deporte a encontrarse y a merendar juntos.<\/span><\/p>\n<p><span style=\"font-weight: 400\">Martin \u201cOso\u201d Cisneros sigue presente en cada uno de los militantes del Movimiento Popular Los Pibes pero tambi\u00e9n es un emblema de todos los trabajadores de la Econom\u00eda Popular. Desde la juventud del Movimiento Los Pibes se vienen realizando diversas actividades que expresan lo que representa Martin \u201cEl Oso\u201d Cisneros en los j\u00f3venes que no lo conocieron pero que aun as\u00ed honran su vida y su entrega militante a diario.<\/span><\/p>\n<p><span style=\"font-weight: 400\">Hay algo que sucede cuando hay un encuentro en donde se mezclan camadas de militancia que hace la riqueza de estar ah\u00ed y <strong>Sof\u00eda, integrante de esta Fm Riachuelo<\/strong>, puedo expresar claramente\u00a0 <em>\u201cLa historia de Martin es nuestra historia, entonces, la juventud junto a compa\u00f1eros que Militaron con el Oso nos estuvimos juntando, armando cine debates y encuentros para poder compartir que significa Martin para nosotros, y fue un debate muy interesante y muy emocionante tambi\u00e9n porque recordarlo nos trae muchas cosas y \u00e9l est\u00e1 muy presente en nuestra cotidianeidad\u201d\u00a0<\/em><\/span><\/p>\n<p><span style=\"font-weight: 400\"><em style=\"font-weight: 400\">\u201cCada vez que se habla de Martin, se hace referencia a la empat\u00eda que ten\u00eda, eso es algo que los militantes tenemos que tener a flor de piel, esa empat\u00eda y ese saber contener no solo a nuestros compa\u00f1eros sino a todos<\/em>\u201d Esto que resalta\u00a0<b>Sebasti\u00e1n<\/b><b style=\"font-weight: 400\">, de la Cooperativa Tecnol\u00f3gica Fray Luis Beltr\u00e1<\/b><strong>n<\/strong>, son valores que construyen y contagian organizaci\u00f3n popular, que no nacieron con el Oso, pero \u00e9l nos demuestra que existe otro modo de construir comunidad y solidaridad entre cada uno de los trabajadores de la econom\u00eda popular que todos los d\u00edas construimos un mundo mejor.<\/span><\/p>\n<p><em><span style=\"font-weight: 400\">\u201cEn la bandera que hicimos esta Martin con la campera que ten\u00eda \u00e9l, la que tenemos enmarcada abajo, que cuando uno siente que la llama revolucionaria se est\u00e1 apagando es muy bueno ir y verla y leer lo que est\u00e1 escrito ah\u00ed. Martin es un abrigo para nosotros realmente y eso est\u00e1 reflejado en la bandera porque inclusive sin estar, sigue estando\u201d<\/span><\/em><\/p>\n<p><strong><a href=\"https:\/\/ar.radiocut.fm\/audiocut\/piberio-boca-en-asamblea-radial-cumple-del-oso-cisneros-y-47-anos-del-golpe\/\">Escucha la asamblea radial\u00a0<\/a><\/strong><\/p>\n","protected":false},"excerpt":{"rendered":"<p>[FM Riachuelo, 24\/03\/2022] Luego del cumplea\u00f1os 63 del Oso Cisneros y a 47 a\u00f1os del golpe c\u00edvico militar, la juventud del Movimiento Popular Los Pibes de la Boca se encontr\u00f3 en esta asamblea radial para reflexionar sobre el legado de los compa\u00f1eros militantes que luchaban por otro mundo posible en \u00e9l contexto de la dictadura [&hellip;]<\/p>\n","protected":false},"author":5,"featured_media":20377,"comment_status":"closed","ping_status":"closed","sticky":false,"template":"","format":"standard","meta":{"_monsterinsights_skip_tracking":false,"_monsterinsights_sitenote_active":false,"_monsterinsights_sitenote_note":"","_monsterinsights_sitenote_category":0,"jnews-multi-image_gallery":[],"jnews_single_post":{"format":"standard"},"jnews_primary_category":[],"_joinchat":[],"footnotes":""},"categories":[58],"tags":[103],"class_list":["post-20376","post","type-post","status-publish","format-standard","has-post-thumbnail","hentry","category-noticiariachuelo","tag-movimientos-populares"],"_links":{"self":[{"href":"http:\/\/fmriachuelo.it10.com.ar\/index.php\/wp-json\/wp\/v2\/posts\/20376","targetHints":{"allow":["GET"]}}],"collection":[{"href":"http:\/\/fmriachuelo.it10.com.ar\/index.php\/wp-json\/wp\/v2\/posts"}],"about":[{"href":"http:\/\/fmriachuelo.it10.com.ar\/index.php\/wp-json\/wp\/v2\/types\/post"}],"author":[{"embeddable":true,"href":"http:\/\/fmriachuelo.it10.com.ar\/index.php\/wp-json\/wp\/v2\/users\/5"}],"replies":[{"embeddable":true,"href":"http:\/\/fmriachuelo.it10.com.ar\/index.php\/wp-json\/wp\/v2\/comments?post=20376"}],"version-history":[{"count":1,"href":"http:\/\/fmriachuelo.it10.com.ar\/index.php\/wp-json\/wp\/v2\/posts\/20376\/revisions"}],"predecessor-version":[{"id":22113,"href":"http:\/\/fmriachuelo.it10.com.ar\/index.php\/wp-json\/wp\/v2\/posts\/20376\/revisions\/22113"}],"wp:featuredmedia":[{"embeddable":true,"href":"http:\/\/fmriachuelo.it10.com.ar\/index.php\/wp-json\/wp\/v2\/media\/20377"}],"wp:attachment":[{"href":"http:\/\/fmriachuelo.it10.com.ar\/index.php\/wp-json\/wp\/v2\/media?parent=20376"}],"wp:term":[{"taxonomy":"category","embeddable":true,"href":"http:\/\/fmriachuelo.it10.com.ar\/index.php\/wp-json\/wp\/v2\/categories?post=20376"},{"taxonomy":"post_tag","embeddable":true,"href":"http:\/\/fmriachuelo.it10.com.ar\/index.php\/wp-json\/wp\/v2\/tags?post=20376"}],"curies":[{"name":"wp","href":"https:\/\/api.w.org\/{rel}","templated":true}]}}