{"id":20348,"date":"2023-03-28T19:31:32","date_gmt":"2023-03-28T19:31:32","guid":{"rendered":"http:\/\/fmriachuelo.com.ar\/?p=20348"},"modified":"2025-02-26T12:50:13","modified_gmt":"2025-02-26T15:50:13","slug":"el-movimiento-socialista-emerenciano-presenta-el-libro-de-su-escuela-publica-de-gestion-social-en-buenos-aires","status":"publish","type":"post","link":"http:\/\/fmriachuelo.it10.com.ar\/index.php\/2023\/03\/28\/el-movimiento-socialista-emerenciano-presenta-el-libro-de-su-escuela-publica-de-gestion-social-en-buenos-aires\/","title":{"rendered":"EL MOVIMIENTO SOCIALISTA EMERENCIANO PRESENTA EL LIBRO DE SU ESCUELA P\u00daBLICA DE GESTI\u00d3N SOCIAL EN BUENOS AIRES"},"content":{"rendered":"<p><strong>[FM Riachuelo, 28\/03\/2023] Este lunes, en la sede de la Federaci\u00f3n Gr\u00e1fica Bonaerense, Marcela Acu\u00f1a y los compa\u00f1eros del Movimiento Socialista Emerenciano de Resitencia, Chaco presentaron el libro \u00abE.P.G.S. N\u00b02 B. Emerenciano- Escuela P\u00fablica de Gesti\u00f3n Social\u201d, material donde recopilaron la experiencia de a\u00f1os del Movimiento llevando adelante una escuela popular.<\/strong><\/p>\n<p><img loading=\"lazy\" decoding=\"async\" class=\"size-medium wp-image-20353 alignleft\" src=\"http:\/\/fmriachuelo.it10.com.ar\/wp-content\/uploads\/2023\/03\/WhatsApp-Image-2023-03-28-at-18.15.27-300x200.jpeg\" alt=\"\" width=\"300\" height=\"200\" srcset=\"http:\/\/fmriachuelo.it10.com.ar\/wp-content\/uploads\/2023\/03\/WhatsApp-Image-2023-03-28-at-18.15.27-300x200.jpeg 300w, http:\/\/fmriachuelo.it10.com.ar\/wp-content\/uploads\/2023\/03\/WhatsApp-Image-2023-03-28-at-18.15.27.jpeg 720w\" sizes=\"auto, (max-width: 300px) 100vw, 300px\" \/><\/p>\n<p>En el escenario tomaron la palabra Gringo Amichetti (Secretario General de la Federaci\u00f3n Gr\u00e1fica Bonaerense y referente de la Corriente Federal de Trabajadores de la CGT), Carina Maloberti (Secretaria General de ATE SENASA, integrante del Bloque Peronista de la CGT y referenta de Convocatoria Segunda Independencia), Lito Borello (Secretario de Derechos Humanos de la Uni\u00f3n de Trabajadores de la Econom\u00eda Popular y Coordinador Nacional del Movimiento Popular Los Pibes), Oscar De Isasi (Secretario general de ATE provincia de Buenos Aires y CTA Aut\u00f3noma prov de Bs As), Emerenciano Sena, (dirigente del Movimiento Socialista Emerenciano) y Marcela Acu\u00f1a, del Movimiento Socialista Emerenciano y autora del libro.<\/p>\n<p>H\u00e9ctor \u201cGringo\u201d Amichetti dio la bienvenida a los compa\u00f1eros de las Organizaciones que estuvieron presentes: \u201cSolo vamos a superar los l\u00edmites de la democracia y poder hacer que valga la voluntad del pueblo, no de las corporaciones, demostrando que somos capaces de construir poder popular. Se construye poder popular cuando se organiza el barrio, la f\u00e1brica, los lugares de trabajo. Por eso quiero valorar enormemente la tarea que conozco de los compa\u00f1eros de Chaco, as\u00ed como la que hacen much\u00edsimas organizaciones aqu\u00ed en Buenos Aires.\u201d<\/p>\n<p><img loading=\"lazy\" decoding=\"async\" class=\"size-medium wp-image-20349 alignright\" src=\"http:\/\/fmriachuelo.it10.com.ar\/wp-content\/uploads\/2023\/03\/WhatsApp-Image-2023-03-28-at-18.15.30-300x180.jpeg\" alt=\"\" width=\"300\" height=\"180\" srcset=\"http:\/\/fmriachuelo.it10.com.ar\/wp-content\/uploads\/2023\/03\/WhatsApp-Image-2023-03-28-at-18.15.30-300x180.jpeg 300w, http:\/\/fmriachuelo.it10.com.ar\/wp-content\/uploads\/2023\/03\/WhatsApp-Image-2023-03-28-at-18.15.30.jpeg 720w\" sizes=\"auto, (max-width: 300px) 100vw, 300px\" \/><\/p>\n<p>Marcela Acu\u00f1a, autora del libro, cont\u00f3 el proceso que vienen llevando adelante e hizo hincapi\u00e9 en la importancia de compartir la experiencia con otros espacios para que se replique: \u201cEste libro es un ensayo que creemos s\u00faper importante que se conozca en las Organizaciones Populares y en los sindicatos, porque b\u00e1sicamente es la nueva modalidad educativa que viene a enfrentar 200 a\u00f1os de nuestra escuela tradicional [&#8230;] Hemos cantado el himno a Sarmiento, hemos estudiado la historia, no sabiendo que nuestra educaci\u00f3n est\u00e1 determinada para hacernos unos sujetos subordinados al sistema capitalista.\u201d<\/p>\n<p><img loading=\"lazy\" decoding=\"async\" class=\"size-medium wp-image-20349 alignleft\" src=\"http:\/\/fmriachuelo.it10.com.ar\/wp-content\/uploads\/2023\/03\/WhatsApp-Image-2023-03-28-at-18.15.30-300x180.jpeg\" alt=\"\" width=\"300\" height=\"180\" srcset=\"http:\/\/fmriachuelo.it10.com.ar\/wp-content\/uploads\/2023\/03\/WhatsApp-Image-2023-03-28-at-18.15.30-300x180.jpeg 300w, http:\/\/fmriachuelo.it10.com.ar\/wp-content\/uploads\/2023\/03\/WhatsApp-Image-2023-03-28-at-18.15.30.jpeg 720w\" sizes=\"auto, (max-width: 300px) 100vw, 300px\" \/><\/p>\n<p>Por lo tanto, Marcela plante\u00f3: \u201cAh\u00ed es donde tenemos que estar los militantes con otro tipo de educaci\u00f3n para que podamos cambiar tanto desastre que hicieron en el mundo. Siempre tenemos que empezar por abajo. Y este libro es para eso, es una herramienta, ll\u00e1menlo herramienta pol\u00edtica, ll\u00e1menlo un sue\u00f1o.\u201d<\/p>\n<p>Emerenciano Sena, quien cont\u00f3 que la E.P.G.S. N\u00b02 cuenta con siete mil alumnos, que van desde jard\u00edn hasta terciario, reflexion\u00f3: \u201cSi nosotros queremos un pueblo que quiera la revoluci\u00f3n, tiene que conocer su verdadero origen, su verdadera historia. Entonces, este es nuestro aporte, humilde como un pelda\u00f1o, pero dependemos de todas las dem\u00e1s Organizaciones de nuestro pa\u00eds para que esto pueda transformarse en escalera.\u201d<\/p>\n<p><img loading=\"lazy\" decoding=\"async\" class=\"size-medium wp-image-20350 alignright\" src=\"http:\/\/fmriachuelo.it10.com.ar\/wp-content\/uploads\/2023\/03\/WhatsApp-Image-2023-03-28-at-18.15.29-1-300x200.jpeg\" alt=\"\" width=\"300\" height=\"200\" srcset=\"http:\/\/fmriachuelo.it10.com.ar\/wp-content\/uploads\/2023\/03\/WhatsApp-Image-2023-03-28-at-18.15.29-1-300x200.jpeg 300w, http:\/\/fmriachuelo.it10.com.ar\/wp-content\/uploads\/2023\/03\/WhatsApp-Image-2023-03-28-at-18.15.29-1.jpeg 720w\" sizes=\"auto, (max-width: 300px) 100vw, 300px\" \/><\/p>\n<p>Al t\u00e9rmino, pasaron al frente la directora y el vicedirector de la escuela. Conversaron con los compa\u00f1eros y compa\u00f1eras que estuvieron presentes de Convocatoria Segunda Independencia, Corriente Sindical 1ro de Mayo (del bloque peronista de ATE) y el Movimiento Popular Los Pibes; quienes participaron de un interesante debate donde sobrevol\u00f3 la idea de multiplicar experiencias como esta, tomando la responsabilidad de una comunidad protagonista de su propia educaci\u00f3n con el valioso ejemplo de los compa\u00f1eros de Chaco.<\/p>\n","protected":false},"excerpt":{"rendered":"<p>[FM Riachuelo, 28\/03\/2023] Este lunes, en la sede de la Federaci\u00f3n Gr\u00e1fica Bonaerense, Marcela Acu\u00f1a y los compa\u00f1eros del Movimiento Socialista Emerenciano de Resitencia, Chaco presentaron el libro \u00abE.P.G.S. N\u00b02 B. Emerenciano- Escuela P\u00fablica de Gesti\u00f3n Social\u201d, material donde recopilaron la experiencia de a\u00f1os del Movimiento llevando adelante una escuela popular. En el escenario tomaron [&hellip;]<\/p>\n","protected":false},"author":5,"featured_media":20352,"comment_status":"closed","ping_status":"closed","sticky":false,"template":"","format":"standard","meta":{"_monsterinsights_skip_tracking":false,"_monsterinsights_sitenote_active":false,"_monsterinsights_sitenote_note":"","_monsterinsights_sitenote_category":0,"jnews-multi-image_gallery":[],"jnews_single_post":{"format":"standard"},"jnews_primary_category":[],"_joinchat":[],"footnotes":""},"categories":[58],"tags":[158],"class_list":["post-20348","post","type-post","status-publish","format-standard","has-post-thumbnail","hentry","category-noticiariachuelo","tag-educacion-popular-3"],"_links":{"self":[{"href":"http:\/\/fmriachuelo.it10.com.ar\/index.php\/wp-json\/wp\/v2\/posts\/20348","targetHints":{"allow":["GET"]}}],"collection":[{"href":"http:\/\/fmriachuelo.it10.com.ar\/index.php\/wp-json\/wp\/v2\/posts"}],"about":[{"href":"http:\/\/fmriachuelo.it10.com.ar\/index.php\/wp-json\/wp\/v2\/types\/post"}],"author":[{"embeddable":true,"href":"http:\/\/fmriachuelo.it10.com.ar\/index.php\/wp-json\/wp\/v2\/users\/5"}],"replies":[{"embeddable":true,"href":"http:\/\/fmriachuelo.it10.com.ar\/index.php\/wp-json\/wp\/v2\/comments?post=20348"}],"version-history":[{"count":1,"href":"http:\/\/fmriachuelo.it10.com.ar\/index.php\/wp-json\/wp\/v2\/posts\/20348\/revisions"}],"predecessor-version":[{"id":22111,"href":"http:\/\/fmriachuelo.it10.com.ar\/index.php\/wp-json\/wp\/v2\/posts\/20348\/revisions\/22111"}],"wp:featuredmedia":[{"embeddable":true,"href":"http:\/\/fmriachuelo.it10.com.ar\/index.php\/wp-json\/wp\/v2\/media\/20352"}],"wp:attachment":[{"href":"http:\/\/fmriachuelo.it10.com.ar\/index.php\/wp-json\/wp\/v2\/media?parent=20348"}],"wp:term":[{"taxonomy":"category","embeddable":true,"href":"http:\/\/fmriachuelo.it10.com.ar\/index.php\/wp-json\/wp\/v2\/categories?post=20348"},{"taxonomy":"post_tag","embeddable":true,"href":"http:\/\/fmriachuelo.it10.com.ar\/index.php\/wp-json\/wp\/v2\/tags?post=20348"}],"curies":[{"name":"wp","href":"https:\/\/api.w.org\/{rel}","templated":true}]}}