{"id":20345,"date":"2023-03-28T22:13:14","date_gmt":"2023-03-28T22:13:14","guid":{"rendered":"http:\/\/fmriachuelo.com.ar\/?p=20345"},"modified":"2025-02-26T12:49:31","modified_gmt":"2025-02-26T15:49:31","slug":"malvinas-argentinas-reivindicando-la-soberania-nacional","status":"publish","type":"post","link":"http:\/\/fmriachuelo.it10.com.ar\/index.php\/2023\/03\/28\/malvinas-argentinas-reivindicando-la-soberania-nacional\/","title":{"rendered":"DE MALVINAS AL CANAL MAGDALENA, REIVINDICANDO LA SOBERAN\u00cdA NACIONAL"},"content":{"rendered":"<p><strong>[FM Riachuelo, 28\/03\/2023] En v\u00edsperas de un nuevo aniversario del 2 de abril, en el piso de la FM Riachuelo, se realiz\u00f3 una emisi\u00f3n especial con una mesa de debate que junt\u00f3 a referentes de trabajadores de la Econom\u00eda Popular, estatales y militantes hist\u00f3ricos en la lucha por la Soberan\u00eda. Se anunci\u00f3 una actividad en unidad en ambas puntas del Canal Magdalena, en el Puerto de La Plata y el espig\u00f3n municipal de Punta Indio, respectivamente.<\/strong><\/p>\n<p>De la mesa participaron <strong>Carina Maloberti<\/strong> de Cuidadores de la casa com\u00fan Fogata &#8211; Punta Rasa y bloque peronista en ATE; <strong>Julio Cesar Urien<\/strong>, presidente de la Fundaci\u00f3n Interactiva para Promover la Cultura del Agua (FIPCA); <strong>Beto D\u00edaz<\/strong>, compa\u00f1ero de FIPCA; <strong>Santiago De Meio<\/strong> de la Agrupaci\u00f3n Mar\u00eda Claudia Falcone de La Plata y <strong>Luciano \u00c1lvarez<\/strong>, de la Cooperativa de Trabajo La Boya &#8211; Pipinas y referente del Movimiento Popular Los Pibes.<\/p>\n<p>La actividad se desarrollar\u00e1 a las 11 hs en simultaneo en ambas puntas del <strong>Canal Magdalena<\/strong>. En el<strong> Espig\u00f3n Municipal de Punta Indio y en Cuatro Bocas del Puerto de La Plata.<\/strong><\/p>\n<p>Una palabra que se empieza a meter de vuelta en nuestros corazones, es la palabra <strong>Patria<\/strong>. Esa palabra nos emociona, nos hace llorar, nos hace no poder contar de corrido todas las acciones que se hacen para reivindicar nuestra soberan\u00eda. Es important\u00edsimo para la regi\u00f3n.<\/p>\n<p>Estamos en el agua y estamos en el territorio, porque si no se hace carne en nuestro pueblo uno puede decir muchas cosas, pero si no hay una organizaci\u00f3n popular que se para y que dice <strong>basta, hasta aqu\u00ed llegaron<\/strong> no se logra nada. Es la acci\u00f3n lo que nos mueve, lo que nos junta, <strong>ah\u00ed somos todos uno, <\/strong>m\u00e1s all\u00e1 de que seamos de agrupaciones pol\u00edticas distintas.<\/p>\n<p><iframe loading=\"lazy\" title=\"MALVINAS ARGENTINAS, REIVINDICANDO LA SOBERAN\u00cdA NACIONAL by FMR\" width=\"500\" height=\"400\" scrolling=\"no\" frameborder=\"no\" src=\"https:\/\/w.soundcloud.com\/player\/?visual=true&#038;url=https%3A%2F%2Fapi.soundcloud.com%2Ftracks%2F1479809509&#038;show_artwork=true&#038;maxheight=750&#038;maxwidth=500\"><\/iframe><\/p>\n","protected":false},"excerpt":{"rendered":"<p>[FM Riachuelo, 28\/03\/2023] En v\u00edsperas de un nuevo aniversario del 2 de abril, en el piso de la FM Riachuelo, se realiz\u00f3 una emisi\u00f3n especial con una mesa de debate que junt\u00f3 a referentes de trabajadores de la Econom\u00eda Popular, estatales y militantes hist\u00f3ricos en la lucha por la Soberan\u00eda. Se anunci\u00f3 una actividad en [&hellip;]<\/p>\n","protected":false},"author":5,"featured_media":20346,"comment_status":"closed","ping_status":"closed","sticky":false,"template":"","format":"standard","meta":{"_monsterinsights_skip_tracking":false,"_monsterinsights_sitenote_active":false,"_monsterinsights_sitenote_note":"","_monsterinsights_sitenote_category":0,"jnews-multi-image_gallery":[],"jnews_single_post":{"format":"standard"},"jnews_primary_category":[],"_joinchat":[],"footnotes":""},"categories":[61],"tags":[154,153],"class_list":["post-20345","post","type-post","status-publish","format-standard","has-post-thumbnail","hentry","category-especiales-riachuelo","tag-economia-popular-2","tag-soberania-2"],"_links":{"self":[{"href":"http:\/\/fmriachuelo.it10.com.ar\/index.php\/wp-json\/wp\/v2\/posts\/20345","targetHints":{"allow":["GET"]}}],"collection":[{"href":"http:\/\/fmriachuelo.it10.com.ar\/index.php\/wp-json\/wp\/v2\/posts"}],"about":[{"href":"http:\/\/fmriachuelo.it10.com.ar\/index.php\/wp-json\/wp\/v2\/types\/post"}],"author":[{"embeddable":true,"href":"http:\/\/fmriachuelo.it10.com.ar\/index.php\/wp-json\/wp\/v2\/users\/5"}],"replies":[{"embeddable":true,"href":"http:\/\/fmriachuelo.it10.com.ar\/index.php\/wp-json\/wp\/v2\/comments?post=20345"}],"version-history":[{"count":1,"href":"http:\/\/fmriachuelo.it10.com.ar\/index.php\/wp-json\/wp\/v2\/posts\/20345\/revisions"}],"predecessor-version":[{"id":22109,"href":"http:\/\/fmriachuelo.it10.com.ar\/index.php\/wp-json\/wp\/v2\/posts\/20345\/revisions\/22109"}],"wp:featuredmedia":[{"embeddable":true,"href":"http:\/\/fmriachuelo.it10.com.ar\/index.php\/wp-json\/wp\/v2\/media\/20346"}],"wp:attachment":[{"href":"http:\/\/fmriachuelo.it10.com.ar\/index.php\/wp-json\/wp\/v2\/media?parent=20345"}],"wp:term":[{"taxonomy":"category","embeddable":true,"href":"http:\/\/fmriachuelo.it10.com.ar\/index.php\/wp-json\/wp\/v2\/categories?post=20345"},{"taxonomy":"post_tag","embeddable":true,"href":"http:\/\/fmriachuelo.it10.com.ar\/index.php\/wp-json\/wp\/v2\/tags?post=20345"}],"curies":[{"name":"wp","href":"https:\/\/api.w.org\/{rel}","templated":true}]}}