{"id":20317,"date":"2023-03-23T23:40:59","date_gmt":"2023-03-23T23:40:59","guid":{"rendered":"http:\/\/fmriachuelo.com.ar\/?p=20317"},"modified":"2025-02-26T13:11:30","modified_gmt":"2025-02-26T16:11:30","slug":"la-boca-no-olvida-a-sus-luchadores-marcha-de-antorchas-por-memoria-verdad-y-justicia","status":"publish","type":"post","link":"http:\/\/fmriachuelo.it10.com.ar\/index.php\/2023\/03\/23\/la-boca-no-olvida-a-sus-luchadores-marcha-de-antorchas-por-memoria-verdad-y-justicia\/","title":{"rendered":"LA BOCA NO OLVIDA A SUS LUCHADORES: MARCHA DE ANTORCHAS POR MEMORIA, VERDAD Y JUSTICIA"},"content":{"rendered":"<p><strong>[FM Riachuelo, 23\/03\/2023] El mi\u00e9rcoles 22 de marzo a las 18 horas las organizaciones de los barrios de Barracas y la Boca convocaron a concentrarse en la calle Olavarr\u00eda y las v\u00edas para realizar desde all\u00ed, como todos los a\u00f1os, la tradicional marcha de antorchas que recorre distintos puntos de barrio por la Memoria, la Verdad y la Justicia. La misma fue organizada desde el espacio Encuentro por la Memoria La Boca-Barracas, donde se nuclean diversas organizaciones barriales.<\/strong><\/p>\n<p><img loading=\"lazy\" decoding=\"async\" class=\"size-medium wp-image-20324 alignleft\" src=\"http:\/\/fmriachuelo.com.ar\/wp-content\/uploads\/2023\/03\/esquina-300x200.jpeg\" alt=\"\" width=\"300\" height=\"200\" srcset=\"http:\/\/fmriachuelo.it10.com.ar\/wp-content\/uploads\/2023\/03\/esquina-300x200.jpeg 300w, http:\/\/fmriachuelo.it10.com.ar\/wp-content\/uploads\/2023\/03\/esquina-1024x682.jpeg 1024w, http:\/\/fmriachuelo.it10.com.ar\/wp-content\/uploads\/2023\/03\/esquina-768x512.jpeg 768w, http:\/\/fmriachuelo.it10.com.ar\/wp-content\/uploads\/2023\/03\/esquina-1536x1023.jpeg 1536w, http:\/\/fmriachuelo.it10.com.ar\/wp-content\/uploads\/2023\/03\/esquina-750x500.jpeg 750w, http:\/\/fmriachuelo.it10.com.ar\/wp-content\/uploads\/2023\/03\/esquina-1140x760.jpeg 1140w, http:\/\/fmriachuelo.it10.com.ar\/wp-content\/uploads\/2023\/03\/esquina.jpeg 1600w\" sizes=\"auto, (max-width: 300px) 100vw, 300px\" \/>Cont\u00f3 con 4 paradas, la primera fue en la esquina de la <strong>Avda. Almirante Brown y Suarez,<\/strong> donde fueron recibidos por la militancia del <strong>Movimiento Popular los Pibes<\/strong>. En esta parada el barrio tambi\u00e9n conmemor\u00f3 a <strong>Martin Oso Cisneros<\/strong>, militante social asesinado por un sicario de la polic\u00eda en 2004; a <strong>David, Emanuel, Ezequiel, Jes\u00fas, Bel\u00e9n y Celeste<\/strong> seis hermanos que perdieron su vida en el incendio del Banco Italiano en 2009 y a <strong>Nehuen Rodr\u00edguez<\/strong>, joven asesinado por la polic\u00eda en 2014.<\/p>\n<p><strong>Roxana Cainzos<\/strong>, mama de Nehuen, fue la primera en tomar la palabra:<em> \u201cA cuarenta a\u00f1os de democracia, hoy nos encontramos nuevamente en nuestras calles, en nuestro barrio, en nuestro territorio pidiendo justicia por nuestros desaparecidos y por todos los pibes que mat\u00f3 la polic\u00eda por gatillo f\u00e1cil\u201d<\/em><\/p>\n<p><em>\u201cEsta esquina es muy especial para m\u00ed, yo soy la mam\u00e1 de los seis chicos que murieron ac\u00e1, en este lugar tomado y la verdad que vienen reclamando las compa\u00f1eras que en este lugar se haga un jard\u00edn y nos merecemos que den este lugar para hacer un jard\u00edn en vez de que siga abandonado como est\u00e1. Hoy ac\u00e1 necesitamos que se haga un jard\u00edn y hay que seguir luchando porque la lucha es lo que nos mantiene en pie\u201d<\/em> expres\u00f3 <strong>Celia Albarrac\u00edn<\/strong>.<\/p>\n<p><img loading=\"lazy\" decoding=\"async\" class=\"size-medium wp-image-20325 alignright\" src=\"http:\/\/fmriachuelo.com.ar\/wp-content\/uploads\/2023\/03\/los-que-hablaron-300x200.jpeg\" alt=\"\" width=\"300\" height=\"200\" srcset=\"http:\/\/fmriachuelo.it10.com.ar\/wp-content\/uploads\/2023\/03\/los-que-hablaron-300x200.jpeg 300w, http:\/\/fmriachuelo.it10.com.ar\/wp-content\/uploads\/2023\/03\/los-que-hablaron-1024x682.jpeg 1024w, http:\/\/fmriachuelo.it10.com.ar\/wp-content\/uploads\/2023\/03\/los-que-hablaron-768x512.jpeg 768w, http:\/\/fmriachuelo.it10.com.ar\/wp-content\/uploads\/2023\/03\/los-que-hablaron-1536x1023.jpeg 1536w, http:\/\/fmriachuelo.it10.com.ar\/wp-content\/uploads\/2023\/03\/los-que-hablaron-750x500.jpeg 750w, http:\/\/fmriachuelo.it10.com.ar\/wp-content\/uploads\/2023\/03\/los-que-hablaron-1140x760.jpeg 1140w, http:\/\/fmriachuelo.it10.com.ar\/wp-content\/uploads\/2023\/03\/los-que-hablaron.jpeg 1600w\" sizes=\"auto, (max-width: 300px) 100vw, 300px\" \/>Tambi\u00e9n <strong>M\u00f3nica P\u00e9rez<\/strong>, referente del <strong>Movimiento Popular Los Pibes<\/strong>, salud\u00f3 a la columna: <em>\u201cHoy los esperamos en esta esquina, en un d\u00eda muy especial para nosotros, celebramos el cumplea\u00f1os de nuestro compa\u00f1ero Mart\u00edn Oso Cisneros. Pero quer\u00edamos saludarlos, recibir esta caravana entendiendo que la unidad, el esfuerzo, el compa\u00f1erismo, trabajar por los vecinos, trabajar por el territorio en unidad es lo \u00fanico que nos va a salvar ante la embestida de este gobierno que no se preocupa por los barrios del sur de la ciudad\u201d.<\/em><\/p>\n<p>Para finalizar tomaron la palabra docentes del barrio: <em>\u201cNosotros maestros y maestras no somos c\u00f3mplices de su estrategia de campa\u00f1a. Todo es m\u00e1rquetin pol\u00edtico. Se\u00f1or jefe de gobierno Rodr\u00edguez Larreta, Sra. ministra Soledad Acu\u00f1a, no sobran pibes, faltan escuelas. Nosotros no caemos en la escuela p\u00fablica, nosotros y nosotras elegimos la escuela p\u00fablica todos los d\u00edas. La educaci\u00f3n no es algo que se vende se\u00f1ora ministra. La educaci\u00f3n es un derecho y desde la m\u00e1s temprana edad. <strong>Por eso estamos ac\u00e1, porque as\u00ed como la educaci\u00f3n puede transformar la realidad, a este lugar signado por el dolor y el abandono lo queremos transformar en un lugar lleno de vida y de posibilidades para los pibes de nuestro barrio<\/strong>\u201d<\/em><\/p>\n<p>La marcha continu\u00f3 haciendo dos paradas m\u00e1s, una en<strong> Suarez y Ministro Brin<\/strong>, luego en el <strong>CESAC 41<\/strong>, para culminar en las emblem\u00e1ticas cinco esquinas, <strong>Benito P\u00e9rez Gald\u00f3s y Almte. Brown<\/strong> donde se ley\u00f3 un documento consensuado por todas las organizaciones que participaron de la actividad.<\/p>\n<p><img loading=\"lazy\" decoding=\"async\" class=\"size-medium wp-image-20326 aligncenter\" src=\"http:\/\/fmriachuelo.it10.com.ar\/wp-content\/uploads\/2023\/03\/lectura-documento-300x225.jpeg\" alt=\"\" width=\"300\" height=\"225\" srcset=\"http:\/\/fmriachuelo.it10.com.ar\/wp-content\/uploads\/2023\/03\/lectura-documento-300x225.jpeg 300w, http:\/\/fmriachuelo.it10.com.ar\/wp-content\/uploads\/2023\/03\/lectura-documento-1024x768.jpeg 1024w, http:\/\/fmriachuelo.it10.com.ar\/wp-content\/uploads\/2023\/03\/lectura-documento-768x576.jpeg 768w, http:\/\/fmriachuelo.it10.com.ar\/wp-content\/uploads\/2023\/03\/lectura-documento-1536x1152.jpeg 1536w, http:\/\/fmriachuelo.it10.com.ar\/wp-content\/uploads\/2023\/03\/lectura-documento-750x563.jpeg 750w, http:\/\/fmriachuelo.it10.com.ar\/wp-content\/uploads\/2023\/03\/lectura-documento-1140x855.jpeg 1140w, http:\/\/fmriachuelo.it10.com.ar\/wp-content\/uploads\/2023\/03\/lectura-documento.jpeg 1600w\" sizes=\"auto, (max-width: 300px) 100vw, 300px\" \/><\/p>\n","protected":false},"excerpt":{"rendered":"<p>[FM Riachuelo, 23\/03\/2023] El mi\u00e9rcoles 22 de marzo a las 18 horas las organizaciones de los barrios de Barracas y la Boca convocaron a concentrarse en la calle Olavarr\u00eda y las v\u00edas para realizar desde all\u00ed, como todos los a\u00f1os, la tradicional marcha de antorchas que recorre distintos puntos de barrio por la Memoria, la [&hellip;]<\/p>\n","protected":false},"author":5,"featured_media":20332,"comment_status":"closed","ping_status":"closed","sticky":false,"template":"","format":"standard","meta":{"_monsterinsights_skip_tracking":false,"_monsterinsights_sitenote_active":false,"_monsterinsights_sitenote_note":"","_monsterinsights_sitenote_category":0,"jnews-multi-image_gallery":[],"jnews_single_post":{"format":"standard"},"jnews_primary_category":[],"_joinchat":[],"footnotes":""},"categories":[58],"tags":[81,151],"class_list":["post-20317","post","type-post","status-publish","format-standard","has-post-thumbnail","hentry","category-noticiariachuelo","tag-aguafuertes-portenas","tag-ddhh"],"_links":{"self":[{"href":"http:\/\/fmriachuelo.it10.com.ar\/index.php\/wp-json\/wp\/v2\/posts\/20317","targetHints":{"allow":["GET"]}}],"collection":[{"href":"http:\/\/fmriachuelo.it10.com.ar\/index.php\/wp-json\/wp\/v2\/posts"}],"about":[{"href":"http:\/\/fmriachuelo.it10.com.ar\/index.php\/wp-json\/wp\/v2\/types\/post"}],"author":[{"embeddable":true,"href":"http:\/\/fmriachuelo.it10.com.ar\/index.php\/wp-json\/wp\/v2\/users\/5"}],"replies":[{"embeddable":true,"href":"http:\/\/fmriachuelo.it10.com.ar\/index.php\/wp-json\/wp\/v2\/comments?post=20317"}],"version-history":[{"count":1,"href":"http:\/\/fmriachuelo.it10.com.ar\/index.php\/wp-json\/wp\/v2\/posts\/20317\/revisions"}],"predecessor-version":[{"id":22114,"href":"http:\/\/fmriachuelo.it10.com.ar\/index.php\/wp-json\/wp\/v2\/posts\/20317\/revisions\/22114"}],"wp:featuredmedia":[{"embeddable":true,"href":"http:\/\/fmriachuelo.it10.com.ar\/index.php\/wp-json\/wp\/v2\/media\/20332"}],"wp:attachment":[{"href":"http:\/\/fmriachuelo.it10.com.ar\/index.php\/wp-json\/wp\/v2\/media?parent=20317"}],"wp:term":[{"taxonomy":"category","embeddable":true,"href":"http:\/\/fmriachuelo.it10.com.ar\/index.php\/wp-json\/wp\/v2\/categories?post=20317"},{"taxonomy":"post_tag","embeddable":true,"href":"http:\/\/fmriachuelo.it10.com.ar\/index.php\/wp-json\/wp\/v2\/tags?post=20317"}],"curies":[{"name":"wp","href":"https:\/\/api.w.org\/{rel}","templated":true}]}}