{"id":2022,"date":"2016-06-15T01:53:26","date_gmt":"2016-06-15T01:53:26","guid":{"rendered":"http:\/\/fmriachuelo.com.ar\/ljkjklj\/?p=2022"},"modified":"2016-06-15T01:53:26","modified_gmt":"2016-06-15T01:53:26","slug":"organizaciones-en-unidada-contra-el-desalolojo-de-20-familias","status":"publish","type":"post","link":"http:\/\/fmriachuelo.it10.com.ar\/index.php\/2016\/06\/15\/organizaciones-en-unidada-contra-el-desalolojo-de-20-familias\/","title":{"rendered":"ORGANIZACIONES EN UNIDAD CONTRA EL DESALOLOJO DE 20 FAMILIAS"},"content":{"rendered":"<p style=\"text-align: justify\">[FMR 14\/06\/16]En la noche de hoy se realiza el\u00a0Festival por el derecho a la vivienda, en\u00a0Brasil 1517, contra el desalojo de 20 familias que habitan el lugar. \u00a0Un gran n\u00famero de organizaciones se hizo presente para solidarizarse con la situaci\u00f3n de las familias, indefensas y en condiciones de gran vulnerabilidad que pretenden expulsar a la calle.<\/p>\n<p style=\"text-align: justify\">Sin que se contemple el legitimo derecho a la vivienda, \u00a0la Justicia Civil y las autoridades del gobierno de la Ciudad y de la Naci\u00f3n dejan en el desamparo a familias humildes que quedar\u00e1n en la calle, negandoles el derecho a una vida digna.<\/p>\n<p style=\"text-align: justify\">Esta situaci\u00f3n motiv\u00f3 que organizaciones sociales, pol\u00edticas, barriales, gremiales, de derechos humanos, (entre las m\u00e1s destacadas) se hagan presentes para acompa\u00f1ar y resistir cualquier intento de desalojo.<\/p>\n<p><img loading=\"lazy\" decoding=\"async\" class=\"alignnone size-thumbnail wp-image-2023\" src=\"http:\/\/fmriachuelo.com.ar\/ljkjklj\/wp-content\/uploads\/2016\/06\/brasil2-150x150.jpg\" alt=\"brasil2\" width=\"150\" height=\"150\" \/><img loading=\"lazy\" decoding=\"async\" class=\"alignnone size-thumbnail wp-image-2024\" src=\"http:\/\/fmriachuelo.com.ar\/ljkjklj\/wp-content\/uploads\/2016\/06\/brasil3-150x150.jpg\" alt=\"brasil3\" width=\"150\" height=\"150\" \/><img loading=\"lazy\" decoding=\"async\" class=\"alignnone size-thumbnail wp-image-2025\" src=\"http:\/\/fmriachuelo.com.ar\/ljkjklj\/wp-content\/uploads\/2016\/06\/brasil1-150x150.jpg\" alt=\"brasil1\" width=\"150\" height=\"150\" \/><\/p>\n<div id=\"x_yui_3_16_0_ym19_1_1465844963343_14160\">\n<div id=\"x_yui_3_16_0_ym19_1_1465844963343_14167\"><span id=\"x_yui_3_16_0_ym19_1_1465844963343_14165\" style=\"font-size: large\">Difundimos comunicado CTEP<\/span><\/div>\n<div><b id=\"x_yui_3_16_0_ym19_1_1465844963343_14166\"><span id=\"x_yui_3_16_0_ym19_1_1465844963343_14165\" style=\"font-size: large\">Pretenden desalojar a 20 familias en Constituci\u00f3n\u00a0<\/span><\/b><\/div>\n<div><\/div>\n<div id=\"x_yui_3_16_0_ym19_1_1465844963343_14180\">Se trata de un hotel privado en Brasil 1517. All\u00ed viven hace muchos a\u00f1os 20 familias, entre quienes hay 17 ni\u00f1os y 3 discapacitados. Siempre pagaron alquiler hasta que en el 2008 se venci\u00f3 el contrato de sub-alquiler del hotel y la persona que regentaba el lugar desapareci\u00f3. Los vecinos trataron de arreglar con la due\u00f1a para seguir pagando la cuota correspondiente, pero ella se neg\u00f3 e inici\u00f3 el juicio de desalojo. Se trata, nuevamente, de un caso en el que los propietarios tienen todo el respaldo del poder, aunque sus intereses impliquen dejar a la gente en la calle y en situaci\u00f3n de absoluto desamparo.\u00a0<b>Por eso, el martes 14 a las 20 h realizaremos un Festival por el Derecho a la Vivienda<\/b>.<\/div>\n<div><\/div>\n<div id=\"x_yui_3_16_0_ym19_1_1465844963343_14209\">Una vez m\u00e1s la propiedad privada se pone por encima de los Derechos Humanos. El Derecho a la Vivienda est\u00e1 declarado en la Constituci\u00f3n Nacional y en la Constituci\u00f3n de la Ciudad, la cual obliga a las autoridades gubernamentales a garantizar su cumplimiento en todos los casos de emergencia habitacional. Pero la Justicia Civil de la Naci\u00f3n, espec\u00edficamente el Juzgado Nacional en lo Civil Nro 34, parece no saberlo.<\/div>\n<div id=\"x_yui_3_16_0_ym19_1_1465844963343_14208\"><\/div>\n<div id=\"x_yui_3_16_0_ym19_1_1465844963343_14181\">La emergencia habitacional que padece la Ciudad Aut\u00f3noma de Buenos Aires afecta de manera diferenciada a los sectores populares. Esta situaci\u00f3n es producto de un modelo de desarrollo urbano que prioriza la l\u00f3gica del mercado inmobiliario por sobre el derecho constitucional a una vivienda y un h\u00e1bitat dignos. Aprendimos que los derechos se ganan con apoyo y organizaci\u00f3n. Por eso invitamos a todas las organizaciones, junto a los vecinos y vecinas, al Festival por el Derecho a la Vivienda y contra el desalojo.<\/div>\n<div id=\"x_yui_3_16_0_ym19_1_1465844963343_14207\"><\/div>\n<div id=\"x_yui_3_16_0_ym19_1_1465844963343_14206\"><\/div>\n<div id=\"x_yui_3_16_0_ym19_1_1465844963343_14182\">\u00a1Basta de especular con nuestros derechos!<\/div>\n<div id=\"x_yui_3_16_0_ym19_1_1465844963343_14205\">\u00a1Ninguna familia sin techo!<\/div>\n<\/div>\n","protected":false},"excerpt":{"rendered":"<p>[FMR 14\/06\/16]En la noche de hoy se realiza el\u00a0Festival por el derecho a la vivienda, en\u00a0Brasil 1517, contra el desalojo de 20 familias que habitan el lugar. \u00a0Un gran n\u00famero de organizaciones se hizo presente para solidarizarse con la situaci\u00f3n de las familias, indefensas y en condiciones de gran vulnerabilidad que pretenden expulsar a la [&hellip;]<\/p>\n","protected":false},"author":4,"featured_media":2026,"comment_status":"open","ping_status":"open","sticky":false,"template":"","format":"standard","meta":{"_monsterinsights_skip_tracking":false,"_monsterinsights_sitenote_active":false,"_monsterinsights_sitenote_note":"","_monsterinsights_sitenote_category":0,"jnews-multi-image_gallery":[],"jnews_single_post":[],"jnews_primary_category":[],"_joinchat":[],"footnotes":""},"categories":[1],"tags":[],"class_list":["post-2022","post","type-post","status-publish","format-standard","has-post-thumbnail","hentry","category-habitat"],"_links":{"self":[{"href":"http:\/\/fmriachuelo.it10.com.ar\/index.php\/wp-json\/wp\/v2\/posts\/2022","targetHints":{"allow":["GET"]}}],"collection":[{"href":"http:\/\/fmriachuelo.it10.com.ar\/index.php\/wp-json\/wp\/v2\/posts"}],"about":[{"href":"http:\/\/fmriachuelo.it10.com.ar\/index.php\/wp-json\/wp\/v2\/types\/post"}],"author":[{"embeddable":true,"href":"http:\/\/fmriachuelo.it10.com.ar\/index.php\/wp-json\/wp\/v2\/users\/4"}],"replies":[{"embeddable":true,"href":"http:\/\/fmriachuelo.it10.com.ar\/index.php\/wp-json\/wp\/v2\/comments?post=2022"}],"version-history":[{"count":0,"href":"http:\/\/fmriachuelo.it10.com.ar\/index.php\/wp-json\/wp\/v2\/posts\/2022\/revisions"}],"wp:featuredmedia":[{"embeddable":true,"href":"http:\/\/fmriachuelo.it10.com.ar\/index.php\/wp-json\/"}],"wp:attachment":[{"href":"http:\/\/fmriachuelo.it10.com.ar\/index.php\/wp-json\/wp\/v2\/media?parent=2022"}],"wp:term":[{"taxonomy":"category","embeddable":true,"href":"http:\/\/fmriachuelo.it10.com.ar\/index.php\/wp-json\/wp\/v2\/categories?post=2022"},{"taxonomy":"post_tag","embeddable":true,"href":"http:\/\/fmriachuelo.it10.com.ar\/index.php\/wp-json\/wp\/v2\/tags?post=2022"}],"curies":[{"name":"wp","href":"https:\/\/api.w.org\/{rel}","templated":true}]}}