{"id":202,"date":"2015-07-28T23:42:00","date_gmt":"2015-07-28T23:42:00","guid":{"rendered":"http:\/\/fmriachuelo.observatorioess.org.ar\/index.php\/2015\/07\/28\/venezuela-conmemora-el-natalicio-del-comandante-hugo-chavez\/"},"modified":"2025-05-06T11:45:16","modified_gmt":"2025-05-06T14:45:16","slug":"venezuela-conmemora-el-natalicio-del-comandante-hugo-chavez","status":"publish","type":"post","link":"http:\/\/fmriachuelo.it10.com.ar\/index.php\/2015\/07\/28\/venezuela-conmemora-el-natalicio-del-comandante-hugo-chavez\/","title":{"rendered":"VENEZUELA CONMEMORA EL NATALICIO DEL COMANDANTE HUGO CHAVEZ"},"content":{"rendered":"<p><span style=\"color: red;font-family: Verdana, sans-serif;font-size: large\"><strong>REVOLUCIONARIO DE LA PATRIA GRANDE: UN COMPROMISO<\/strong><\/span><\/p>\n<div style=\"clear: both;text-align: center\"><a href=\"http:\/\/4.bp.blogspot.com\/--jcQNYDHm6c\/VbgSrX2LKeI\/AAAAAAAAFpg\/B8IbYt28TB8\/s1600\/CHAVEZ.jpg\" style=\"clear: left;float: left;margin-bottom: 1em;margin-right: 1em\"><img loading=\"lazy\" decoding=\"async\" border=\"0\" height=\"63\" src=\"http:\/\/4.bp.blogspot.com\/--jcQNYDHm6c\/VbgSrX2LKeI\/AAAAAAAAFpg\/B8IbYt28TB8\/s200\/CHAVEZ.jpg\" width=\"200\" \/><\/a><\/div>\n<div><\/div>\n<div style=\"text-align: justify\"><span style=\"font-family: Verdana, sans-serif\">En todas las regiones del pa\u00eds se han organizado numerosos actos para recordar el nacimiento del l\u00edder de la Revoluci\u00f3n Bolivariana.<\/span><br \/><a name='more'><\/a><span style=\"font-family: Verdana, sans-serif\">El presidente de Venezuela, Nicol\u00e1s Maduro, encabez\u00f3 este martes en el Cuartel de la Monta\u00f1a (oeste Caracas, capital del pa\u00eds) el acto conmemorativo del natalicio n\u00famero 61 del l\u00edder de la Revoluci\u00f3n Bolivariana, <\/span><span style=\"font-family: Verdana, sans-serif\">Hugo Ch\u00e1vez<\/span><span style=\"font-family: Verdana, sans-serif\">. <\/span><br \/><span style=\"font-family: Verdana, sans-serif\">Estuvieron presentes las hijas del comandante, Mar\u00eda Gabriela, Rosa Virginia y Rosa In\u00e9s Ch\u00e1vez, adem\u00e1s de su primo, Asdr\u00fabal Ch\u00e1vez, la primera combatiente, Cilia Flores, as\u00ed como el vicepresidente de la Rep\u00fablica Jorge Arreaza y el tren ministerial del Gobierno Nacional. <br \/>En el marco de la conmemoraci\u00f3n de los 61 a\u00f1os del nacimiento del l\u00edder de la Revoluci\u00f3n Bolivariana de Venezuela, Hugo Ch\u00e1vez, desde este viernes 24 hasta el pr\u00f3ximo martes 28 de julio se realizar\u00e1n numerosas actividades en el Cuartel de la Monta\u00f1a, ubicado en la parroquia 23 de enero de Caracas, capital de esa naci\u00f3n suramerinacana. <\/span><br \/><span style=\"font-family: Verdana, sans-serif\">A trav\u00e9s de una carta dirigida a su padre, Rosa Virginia Ch\u00e1vez, presidenta de la Fundaci\u00f3n Comandante Eterno Hugo Ch\u00e1vez detall\u00f3 que el pueblo venezolano \u00abcompartir\u00e1 en la Plaza Bol\u00edvar, Casas de la Cultura, Bases de Misiones\u00bb y en el Cuartel de la Monta\u00f1a\u00bb donde habr\u00e1 \u00abactividades pedag\u00f3gicas para los ni\u00f1os como cuenta cuentos, t\u00edteres y taller de pintura\u00bb, adem\u00e1s, se realizar\u00e1n conversatorios, talleres y obras de teatro aleg\u00f3ricos al exmandatario. <\/span><br \/><b><span style=\"color: #0b5394;font-family: Verdana, sans-serif;font-size: x-small\">TELESUR\/PRODUCCI\u00d3N RIACHUELO<\/span><\/b><span style=\"font-family: Verdana\"><\/span><\/div>\n","protected":false},"excerpt":{"rendered":"<p>REVOLUCIONARIO DE LA PATRIA GRANDE: UN COMPROMISO En todas las regiones del pa\u00eds se han organizado numerosos actos para recordar el nacimiento del l\u00edder de la Revoluci\u00f3n Bolivariana.El presidente de Venezuela, Nicol\u00e1s Maduro, encabez\u00f3 este martes en el Cuartel de la Monta\u00f1a (oeste Caracas, capital del pa\u00eds) el acto conmemorativo del natalicio n\u00famero 61 del [&hellip;]<\/p>\n","protected":false},"author":4,"featured_media":0,"comment_status":"open","ping_status":"open","sticky":false,"template":"","format":"standard","meta":{"_monsterinsights_skip_tracking":false,"_monsterinsights_sitenote_active":false,"_monsterinsights_sitenote_note":"","_monsterinsights_sitenote_category":0,"jnews-multi-image_gallery":[],"jnews_single_post":{"format":"standard"},"jnews_primary_category":[],"_joinchat":[],"footnotes":""},"categories":[58],"tags":[70,72],"class_list":["post-202","post","type-post","status-publish","format-standard","hentry","category-noticiariachuelo","tag-de-la-patria-grande","tag-historia-de-la-lucha-de-los-pueblos"],"_links":{"self":[{"href":"http:\/\/fmriachuelo.it10.com.ar\/index.php\/wp-json\/wp\/v2\/posts\/202","targetHints":{"allow":["GET"]}}],"collection":[{"href":"http:\/\/fmriachuelo.it10.com.ar\/index.php\/wp-json\/wp\/v2\/posts"}],"about":[{"href":"http:\/\/fmriachuelo.it10.com.ar\/index.php\/wp-json\/wp\/v2\/types\/post"}],"author":[{"embeddable":true,"href":"http:\/\/fmriachuelo.it10.com.ar\/index.php\/wp-json\/wp\/v2\/users\/4"}],"replies":[{"embeddable":true,"href":"http:\/\/fmriachuelo.it10.com.ar\/index.php\/wp-json\/wp\/v2\/comments?post=202"}],"version-history":[{"count":1,"href":"http:\/\/fmriachuelo.it10.com.ar\/index.php\/wp-json\/wp\/v2\/posts\/202\/revisions"}],"predecessor-version":[{"id":23831,"href":"http:\/\/fmriachuelo.it10.com.ar\/index.php\/wp-json\/wp\/v2\/posts\/202\/revisions\/23831"}],"wp:attachment":[{"href":"http:\/\/fmriachuelo.it10.com.ar\/index.php\/wp-json\/wp\/v2\/media?parent=202"}],"wp:term":[{"taxonomy":"category","embeddable":true,"href":"http:\/\/fmriachuelo.it10.com.ar\/index.php\/wp-json\/wp\/v2\/categories?post=202"},{"taxonomy":"post_tag","embeddable":true,"href":"http:\/\/fmriachuelo.it10.com.ar\/index.php\/wp-json\/wp\/v2\/tags?post=202"}],"curies":[{"name":"wp","href":"https:\/\/api.w.org\/{rel}","templated":true}]}}