{"id":20190,"date":"2023-03-15T15:12:09","date_gmt":"2023-03-15T15:12:09","guid":{"rendered":"http:\/\/fmriachuelo.com.ar\/?p=20190"},"modified":"2025-02-26T13:13:32","modified_gmt":"2025-02-26T16:13:32","slug":"primer-congreso-nacional-por-la-tierra-la-produccion-y-la-casa-comun","status":"publish","type":"post","link":"http:\/\/fmriachuelo.it10.com.ar\/index.php\/2023\/03\/15\/primer-congreso-nacional-por-la-tierra-la-produccion-y-la-casa-comun\/","title":{"rendered":"PRIMER CONGRESO NACIONAL POR LA TIERRA, LA PRODUCCI\u00d3N Y LA CASA COM\u00daN"},"content":{"rendered":"<p><strong>[Comunidad Milpa*, 13\/03\/2023] Junto a varios delegadas y delegados productores de la agricultura familiar de todo el pa\u00eds, nos encontramos en el primer Congreso Nacional por la Tierra, la Producci\u00f3n y Nuestra Casa Com\u00fan.<\/strong><\/p>\n<p><img loading=\"lazy\" decoding=\"async\" class=\"size-medium wp-image-20192 alignleft\" src=\"http:\/\/fmriachuelo.it10.com.ar\/wp-content\/uploads\/2023\/03\/335032513_1575899216242879_3384652728168807117_n-300x169.jpg\" alt=\"\" width=\"300\" height=\"169\" srcset=\"http:\/\/fmriachuelo.it10.com.ar\/wp-content\/uploads\/2023\/03\/335032513_1575899216242879_3384652728168807117_n-300x169.jpg 300w, http:\/\/fmriachuelo.it10.com.ar\/wp-content\/uploads\/2023\/03\/335032513_1575899216242879_3384652728168807117_n-1024x576.jpg 1024w, http:\/\/fmriachuelo.it10.com.ar\/wp-content\/uploads\/2023\/03\/335032513_1575899216242879_3384652728168807117_n-768x432.jpg 768w, http:\/\/fmriachuelo.it10.com.ar\/wp-content\/uploads\/2023\/03\/335032513_1575899216242879_3384652728168807117_n-1536x864.jpg 1536w, http:\/\/fmriachuelo.it10.com.ar\/wp-content\/uploads\/2023\/03\/335032513_1575899216242879_3384652728168807117_n-750x422.jpg 750w, http:\/\/fmriachuelo.it10.com.ar\/wp-content\/uploads\/2023\/03\/335032513_1575899216242879_3384652728168807117_n-1140x641.jpg 1140w, http:\/\/fmriachuelo.it10.com.ar\/wp-content\/uploads\/2023\/03\/335032513_1575899216242879_3384652728168807117_n.jpg 1600w\" sizes=\"auto, (max-width: 300px) 100vw, 300px\" \/>Trabajamos en comisiones sobre tres ejes: \u201cTierra y Territorio\u201d, \u201cProducci\u00f3n, Comercializaci\u00f3n y Agregado de Valor\u201d, y \u201cCuidado de Nuestra Casa Com\u00fan\u201d. Esos temas estuvieron relacionados con el cuidado del ambiente, el modelo productivo con perspectiva de g\u00e9nero, y la posesi\u00f3n y distribuci\u00f3n de la tierra como medio de vida.<\/p>\n<p>&nbsp;<\/p>\n<p>&nbsp;<\/p>\n<p><img loading=\"lazy\" decoding=\"async\" class=\"size-medium wp-image-20191 alignright\" src=\"http:\/\/fmriachuelo.it10.com.ar\/wp-content\/uploads\/2023\/03\/335201951_764870108375310_1208882016526334766_n-300x225.jpg\" alt=\"\" width=\"300\" height=\"225\" srcset=\"http:\/\/fmriachuelo.it10.com.ar\/wp-content\/uploads\/2023\/03\/335201951_764870108375310_1208882016526334766_n-300x225.jpg 300w, http:\/\/fmriachuelo.it10.com.ar\/wp-content\/uploads\/2023\/03\/335201951_764870108375310_1208882016526334766_n-1024x769.jpg 1024w, http:\/\/fmriachuelo.it10.com.ar\/wp-content\/uploads\/2023\/03\/335201951_764870108375310_1208882016526334766_n-768x577.jpg 768w, http:\/\/fmriachuelo.it10.com.ar\/wp-content\/uploads\/2023\/03\/335201951_764870108375310_1208882016526334766_n-1536x1154.jpg 1536w, http:\/\/fmriachuelo.it10.com.ar\/wp-content\/uploads\/2023\/03\/335201951_764870108375310_1208882016526334766_n-750x563.jpg 750w, http:\/\/fmriachuelo.it10.com.ar\/wp-content\/uploads\/2023\/03\/335201951_764870108375310_1208882016526334766_n-1140x856.jpg 1140w, http:\/\/fmriachuelo.it10.com.ar\/wp-content\/uploads\/2023\/03\/335201951_764870108375310_1208882016526334766_n.jpg 2048w\" sizes=\"auto, (max-width: 300px) 100vw, 300px\" \/>\u00abHoy, la concentraci\u00f3n de la tierra en pocas personas y empresas tiene consecuencias en materia econ\u00f3mica, pol\u00edtica, social, alimenticia, clim\u00e1tica y ambiental, a partir de los desmontes indiscriminados y el uso descontrolado de agrot\u00f3xicos. Con este congreso, buscamos generar un hito para disputar un modelo de pa\u00eds de cara a los tiempos que vienen\u00bb, expusieron los organizadores del encuentro.<\/p>\n<p>&nbsp;<\/p>\n<p>&nbsp;<\/p>\n<p>&nbsp;<\/p>\n<h5><strong><em>*Comunidad Milpa: es una organizaci\u00f3n comunitaria de Tigre que trabaja en la construcci\u00f3n de una cultura agroecol\u00f3gica y lleva adelante emprendimientos productivos para generar laburo genuino en la comunidad. Realizan actividades de huerta, ferias, salud y educaci\u00f3n.<\/em><\/strong><\/h5>\n<p>&nbsp;<\/p>\n","protected":false},"excerpt":{"rendered":"<p>[Comunidad Milpa*, 13\/03\/2023] Junto a varios delegadas y delegados productores de la agricultura familiar de todo el pa\u00eds, nos encontramos en el primer Congreso Nacional por la Tierra, la Producci\u00f3n y Nuestra Casa Com\u00fan. Trabajamos en comisiones sobre tres ejes: \u201cTierra y Territorio\u201d, \u201cProducci\u00f3n, Comercializaci\u00f3n y Agregado de Valor\u201d, y \u201cCuidado de Nuestra Casa Com\u00fan\u201d. [&hellip;]<\/p>\n","protected":false},"author":5,"featured_media":20194,"comment_status":"closed","ping_status":"closed","sticky":false,"template":"","format":"standard","meta":{"_monsterinsights_skip_tracking":false,"_monsterinsights_sitenote_active":false,"_monsterinsights_sitenote_note":"","_monsterinsights_sitenote_category":0,"jnews-multi-image_gallery":[],"jnews_single_post":{"format":"standard"},"jnews_primary_category":[],"_joinchat":[],"footnotes":""},"categories":[58],"tags":[160,64,156],"class_list":["post-20190","post","type-post","status-publish","format-standard","has-post-thumbnail","hentry","category-noticiariachuelo","tag-comunicacion-popular-2","tag-economia-popular","tag-tierra-techo-y-trabajo"],"_links":{"self":[{"href":"http:\/\/fmriachuelo.it10.com.ar\/index.php\/wp-json\/wp\/v2\/posts\/20190","targetHints":{"allow":["GET"]}}],"collection":[{"href":"http:\/\/fmriachuelo.it10.com.ar\/index.php\/wp-json\/wp\/v2\/posts"}],"about":[{"href":"http:\/\/fmriachuelo.it10.com.ar\/index.php\/wp-json\/wp\/v2\/types\/post"}],"author":[{"embeddable":true,"href":"http:\/\/fmriachuelo.it10.com.ar\/index.php\/wp-json\/wp\/v2\/users\/5"}],"replies":[{"embeddable":true,"href":"http:\/\/fmriachuelo.it10.com.ar\/index.php\/wp-json\/wp\/v2\/comments?post=20190"}],"version-history":[{"count":1,"href":"http:\/\/fmriachuelo.it10.com.ar\/index.php\/wp-json\/wp\/v2\/posts\/20190\/revisions"}],"predecessor-version":[{"id":22115,"href":"http:\/\/fmriachuelo.it10.com.ar\/index.php\/wp-json\/wp\/v2\/posts\/20190\/revisions\/22115"}],"wp:featuredmedia":[{"embeddable":true,"href":"http:\/\/fmriachuelo.it10.com.ar\/index.php\/wp-json\/wp\/v2\/media\/20194"}],"wp:attachment":[{"href":"http:\/\/fmriachuelo.it10.com.ar\/index.php\/wp-json\/wp\/v2\/media?parent=20190"}],"wp:term":[{"taxonomy":"category","embeddable":true,"href":"http:\/\/fmriachuelo.it10.com.ar\/index.php\/wp-json\/wp\/v2\/categories?post=20190"},{"taxonomy":"post_tag","embeddable":true,"href":"http:\/\/fmriachuelo.it10.com.ar\/index.php\/wp-json\/wp\/v2\/tags?post=20190"}],"curies":[{"name":"wp","href":"https:\/\/api.w.org\/{rel}","templated":true}]}}