{"id":2016,"date":"2016-06-14T02:28:16","date_gmt":"2016-06-14T02:28:16","guid":{"rendered":"http:\/\/fmriachuelo.com.ar\/ljkjklj\/?p=2016"},"modified":"2016-06-14T02:28:16","modified_gmt":"2016-06-14T02:28:16","slug":"la-boca-arde-de-rabia-protestas-y-cortes-de-calles-por-falta-de-luz","status":"publish","type":"post","link":"http:\/\/fmriachuelo.it10.com.ar\/index.php\/2016\/06\/14\/la-boca-arde-de-rabia-protestas-y-cortes-de-calles-por-falta-de-luz\/","title":{"rendered":"LA BOCA ARDE DE RABIA: PROTESTAS Y CORTES DE CALLES POR FALTA DE LUZ"},"content":{"rendered":"<p>HAY TARIFAZO, PERO NO HAY LUZ<\/p>\n<p style=\"text-align: justify\">[FMR 13\/06\/16] Vecinos del barrio de La Boca se movilizan y cortan las calles por falta de respuesta de Edesur despues de muchos d\u00edas de falta de suministro electrico y el total desamparo por la situaci\u00f3n. El viernes pasado habitantes de la Isla Maciel se vieron obligados a recurrir a la metodolog\u00eda del corte del Puente Pueyrred\u00f3n por la misma situaci\u00f3n.\u00a0Mientras los gobiernos Nacionales, de la Ciudad de Buenos Aires, y la empresa EDESUR brillan por su ausencia; los vecinos se suman a los cortes desde distintos puntos del barrio de La Boca.<\/p>\n<p style=\"text-align: justify\">Escuch\u00e1 el testimonio de los vecinos en el m\u00f3vil realizado durante la transmisi\u00f3n de Romp\u00e9 el Cerco Informativo: <span style=\"color: #0000ff\"><strong><a style=\"color: #0000ff\" href=\"http:\/\/radiocut.fm\/audiocut\/urgente-movil-en-corte-brandsen-e-irala-por-falta-de-luz\/\" target=\"_blank\" rel=\"nofollow noopener\">http:\/\/radiocut.fm\/\u2026\/urgente-movil-en-corte-brandsen-e-ira\u2026\/<\/a><\/strong><\/span><\/p>\n<p style=\"text-align: justify\"><img loading=\"lazy\" decoding=\"async\" class=\"size-thumbnail wp-image-2017 alignleft\" src=\"http:\/\/fmriachuelo.com.ar\/ljkjklj\/wp-content\/uploads\/2016\/06\/WhatsApp-Image-20160613-2-150x150.jpg\" alt=\"WhatsApp-Image-20160613 (2)\" width=\"150\" height=\"150\" \/><\/p>\n<p style=\"text-align: justify\">Esta noche, los habitantes de las calles Brandsen, Irala y Suarez cansados de reiterar reclamos que no tienen respuesta cortaron \u00a0la esquina de Irala y Brandsen al tiempo que han decidido permanecer en la calle hasta que la empresa les restituya el servicio. Algunas de las familias afectadas denuncian \u00a0la falta de suministro electrico \u00a0desde hace 2 semanas, \u00a0sin respuestas concretas por parte de la empresa, que hace promesas que luego se diluyen, dej\u00e1ndolos en la misma situaci\u00f3n. Entre la poblaci\u00f3n afectada hay personas discapacitadas, mayores y ni\u00f1os con graves dificulades para la vida cotidiana.<\/p>\n<p style=\"text-align: justify\"><img loading=\"lazy\" decoding=\"async\" class=\"size-thumbnail wp-image-2018 alignleft\" src=\"http:\/\/fmriachuelo.com.ar\/ljkjklj\/wp-content\/uploads\/2016\/06\/WhatsApp-Image-20160613-1-150x150.jpg\" alt=\"WhatsApp-Image-20160613 (1)\" width=\"150\" height=\"150\" \/><\/p>\n<p style=\"text-align: justify\">Una situaci\u00f3n que est\u00e1 siendo ocultada por los medios masivos de comunicaci\u00f3n y que afecta a los habitantes de la Ciudad y la Provincia de Buenos Aires. La comunicaci\u00f3n popular\u00a0se transforma en el modo de visibilizar la grave situaci\u00f3n energ\u00e9tica. Mientras tanto\u00a0se aplican tarifazos sobre servicios ausentes.<\/p>\n<p style=\"text-align: justify\">Los vecinos fueron entrevistados en <strong>Romp\u00e9 el Cerco Informativo<\/strong>: \u00abno nos movemos hasta que la cuadrilla venga a solucionar nuestro problema\u00bb.<\/p>\n<div class=\"text_exposed_show\">\n<p>&nbsp;<\/p>\n<\/div>\n","protected":false},"excerpt":{"rendered":"<p>HAY TARIFAZO, PERO NO HAY LUZ [FMR 13\/06\/16] Vecinos del barrio de La Boca se movilizan y cortan las calles por falta de respuesta de Edesur despues de muchos d\u00edas de falta de suministro electrico y el total desamparo por la situaci\u00f3n. El viernes pasado habitantes de la Isla Maciel se vieron obligados a recurrir [&hellip;]<\/p>\n","protected":false},"author":4,"featured_media":2019,"comment_status":"open","ping_status":"open","sticky":false,"template":"","format":"link","meta":{"_monsterinsights_skip_tracking":false,"_monsterinsights_sitenote_active":false,"_monsterinsights_sitenote_note":"","_monsterinsights_sitenote_category":0,"jnews-multi-image_gallery":[],"jnews_single_post":[],"jnews_primary_category":[],"_joinchat":[],"footnotes":""},"categories":[1],"tags":[],"class_list":["post-2016","post","type-post","status-publish","format-link","has-post-thumbnail","hentry","category-habitat","post_format-post-format-link"],"_links":{"self":[{"href":"http:\/\/fmriachuelo.it10.com.ar\/index.php\/wp-json\/wp\/v2\/posts\/2016","targetHints":{"allow":["GET"]}}],"collection":[{"href":"http:\/\/fmriachuelo.it10.com.ar\/index.php\/wp-json\/wp\/v2\/posts"}],"about":[{"href":"http:\/\/fmriachuelo.it10.com.ar\/index.php\/wp-json\/wp\/v2\/types\/post"}],"author":[{"embeddable":true,"href":"http:\/\/fmriachuelo.it10.com.ar\/index.php\/wp-json\/wp\/v2\/users\/4"}],"replies":[{"embeddable":true,"href":"http:\/\/fmriachuelo.it10.com.ar\/index.php\/wp-json\/wp\/v2\/comments?post=2016"}],"version-history":[{"count":0,"href":"http:\/\/fmriachuelo.it10.com.ar\/index.php\/wp-json\/wp\/v2\/posts\/2016\/revisions"}],"wp:featuredmedia":[{"embeddable":true,"href":"http:\/\/fmriachuelo.it10.com.ar\/index.php\/wp-json\/"}],"wp:attachment":[{"href":"http:\/\/fmriachuelo.it10.com.ar\/index.php\/wp-json\/wp\/v2\/media?parent=2016"}],"wp:term":[{"taxonomy":"category","embeddable":true,"href":"http:\/\/fmriachuelo.it10.com.ar\/index.php\/wp-json\/wp\/v2\/categories?post=2016"},{"taxonomy":"post_tag","embeddable":true,"href":"http:\/\/fmriachuelo.it10.com.ar\/index.php\/wp-json\/wp\/v2\/tags?post=2016"}],"curies":[{"name":"wp","href":"https:\/\/api.w.org\/{rel}","templated":true}]}}