{"id":2005,"date":"2016-06-10T14:12:35","date_gmt":"2016-06-10T14:12:35","guid":{"rendered":"http:\/\/fmriachuelo.com.ar\/ljkjklj\/?p=2005"},"modified":"2016-06-10T14:12:35","modified_gmt":"2016-06-10T14:12:35","slug":"ciclo-de-debates-colectivos-construccion-de-comunicacion-popular","status":"publish","type":"post","link":"http:\/\/fmriachuelo.it10.com.ar\/index.php\/2016\/06\/10\/ciclo-de-debates-colectivos-construccion-de-comunicacion-popular\/","title":{"rendered":"CICLO DE DEBATES COLECTIVOS: CONSTRUCCI\u00d3N DE   COMUNICACI\u00d3N POPULAR"},"content":{"rendered":"<p style=\"text-align: justify\">[FMR 10\/06\/16] Ayer se realiz\u00f3 un nuevo\u00a0encuentro del ciclo de debates colectivos, en el espacio Alvarado del Movimiento Popular La Dignidad. En esta oportunidad el debate se trasmiti\u00f3 de manera conjunta entre las radios comunitarias: Fm La Caterva y Fm Riachuelo. \u00a0La trasmisi\u00f3n en unidad \u00a0de experiencia colectiva de articulaci\u00f3n de distintas organizaciones del campo popular, para debatir acerca de la <strong>Violencia pol\u00edtica en la Comuna 4: la democracia en tiempos del Pro<\/strong>. \u00a0En la apertura tomaron la palabra:\u00a0Julian Bokser, anfitri\u00f3n del encuentro, Luciano Alvarez de la O.S.y P. Los Pibes, Mauricio Garcia de la Asamblea del Parque Lezama y\u00a0Luciano Caldarelli\u00a0de la organizaci\u00f3n Boca es Pueblo.\u00a0Con la presentaci\u00f3n \u00a0del panel se di\u00f3 inicio a un di\u00e1logo entre los habitantes de los barrios de la zona sur de la ciudad.<\/p>\n<p style=\"text-align: justify\"><img loading=\"lazy\" decoding=\"async\" class=\"size-thumbnail wp-image-2006 alignleft\" src=\"http:\/\/fmriachuelo.com.ar\/ljkjklj\/wp-content\/uploads\/2016\/06\/WhatsApp-Image-20160609-150x150.jpg\" alt=\"WhatsApp-Image-20160609\" width=\"150\" height=\"150\" \/><\/p>\n<p style=\"text-align: justify\">En esta ocasi\u00f3n el encuentro tuvo como eje la participaci\u00f3n de las voces de los sectores populares que se hallan atravesando distintas experiencias de educaci\u00f3n popular: bachillerato popular, jard\u00edn maternal, Fines.<\/p>\n<p style=\"text-align: justify\">En el espacio Alvarado, tal como lo describi\u00f3 Julian Bokser, se lleva adelante el proyecto pol\u00edtico pedag\u00f3gico, orientado hacia los sectores populares, \u00a0donde hace varios a\u00f1os funciona un bachillerato popular y un jard\u00edn comunitario. Se produjo un di\u00e1logo fluido entre\u00a0estudiantes que participan de estas experiencias para\u00a0conquistar la educaci\u00f3n para los sectores populares: bachillerato popular, Fines (con cede en la O.S.yP. Los Pibes), docentes y coordinadores de las experiencias, junto a militantes.<\/p>\n<p style=\"text-align: justify\">Se trat\u00f3 de visibilizar la problem\u00e1tica que afecta a los sectores m\u00e1s empobrecidos, en la zona de La Boca, \u00a0a los que se les disputa el territorio para los negociados de los grandes grupos empresarios ligados al gobierno de la Ciudad, al club Boca Juniors y al gobierno nacional. Violencia, expulsi\u00f3n y muerte para los sectores que buscan condiciones de vida digna con la conquista del derecho a la vivienda.<\/p>\n<p style=\"text-align: justify\">Luciano Alvarez hizo un relato de la situaci\u00f3n de violencia que sucedi\u00f3 en la reuni\u00f3n del Consejo Comunibakl, el d\u00eda 4 de mayo, al tiempo que hizo un relato de la lucha organizada por conquistar la vivienda digna en La Boca. Luciano Caldarelli describi\u00f3 como se constituye la organizaci\u00f3n Boca es Pueblo, a partir\u00a0\u00a0del proceso de expulsi\u00f3n que se produce en un club popular como Boca Juniors, cuya identidad se ha construido con el barrio al que ahora se le niega el acceso al club. Mauricio del Parque Lezama, a su vez relat\u00f3 la experiencia de la lucha contra la privatizaci\u00f3n del espacio p\u00fablico del Parque Lezama, al tiempo que describi\u00f3 las funciones del Consejo Comunal.<\/p>\n<p style=\"text-align: justify\">Las voces de la comunicaci\u00f3n popular\u00a0mostraron una vez m\u00e1s \u00a0la unidad en la acci\u00f3n en una nueva experiencia de articulaci\u00f3n, que usualmente se comparte en la calle.<\/p>\n<p style=\"text-align: justify\">Un encuentro posible para hallar\u00a0respuestas en el di\u00e1logo, la organizaci\u00f3n y la articulaci\u00f3n como modo de enfrentar la violencia promovida y amparada desde el\u00a0\u00a0gobierno, \u00a0frente al cual los sectores populares oponen \u00a0la unidad en la acci\u00f3n. Las voces de la comunicaci\u00f3n de los sectores populares como una expresi\u00f3n que permite enfrentar diariamente las agendas de los poderes gobernantes que buscan marginar y oprimir.<\/p>\n","protected":false},"excerpt":{"rendered":"<p>[FMR 10\/06\/16] Ayer se realiz\u00f3 un nuevo\u00a0encuentro del ciclo de debates colectivos, en el espacio Alvarado del Movimiento Popular La Dignidad. En esta oportunidad el debate se trasmiti\u00f3 de manera conjunta entre las radios comunitarias: Fm La Caterva y Fm Riachuelo. \u00a0La trasmisi\u00f3n en unidad \u00a0de experiencia colectiva de articulaci\u00f3n de distintas organizaciones del campo [&hellip;]<\/p>\n","protected":false},"author":4,"featured_media":2007,"comment_status":"open","ping_status":"open","sticky":false,"template":"","format":"standard","meta":{"_monsterinsights_skip_tracking":false,"_monsterinsights_sitenote_active":false,"_monsterinsights_sitenote_note":"","_monsterinsights_sitenote_category":0,"jnews-multi-image_gallery":[],"jnews_single_post":[],"jnews_primary_category":[],"_joinchat":[],"footnotes":""},"categories":[76],"tags":[],"class_list":["post-2005","post","type-post","status-publish","format-standard","has-post-thumbnail","hentry","category-salud-comunitaria"],"_links":{"self":[{"href":"http:\/\/fmriachuelo.it10.com.ar\/index.php\/wp-json\/wp\/v2\/posts\/2005","targetHints":{"allow":["GET"]}}],"collection":[{"href":"http:\/\/fmriachuelo.it10.com.ar\/index.php\/wp-json\/wp\/v2\/posts"}],"about":[{"href":"http:\/\/fmriachuelo.it10.com.ar\/index.php\/wp-json\/wp\/v2\/types\/post"}],"author":[{"embeddable":true,"href":"http:\/\/fmriachuelo.it10.com.ar\/index.php\/wp-json\/wp\/v2\/users\/4"}],"replies":[{"embeddable":true,"href":"http:\/\/fmriachuelo.it10.com.ar\/index.php\/wp-json\/wp\/v2\/comments?post=2005"}],"version-history":[{"count":0,"href":"http:\/\/fmriachuelo.it10.com.ar\/index.php\/wp-json\/wp\/v2\/posts\/2005\/revisions"}],"wp:featuredmedia":[{"embeddable":true,"href":"http:\/\/fmriachuelo.it10.com.ar\/index.php\/wp-json\/"}],"wp:attachment":[{"href":"http:\/\/fmriachuelo.it10.com.ar\/index.php\/wp-json\/wp\/v2\/media?parent=2005"}],"wp:term":[{"taxonomy":"category","embeddable":true,"href":"http:\/\/fmriachuelo.it10.com.ar\/index.php\/wp-json\/wp\/v2\/categories?post=2005"},{"taxonomy":"post_tag","embeddable":true,"href":"http:\/\/fmriachuelo.it10.com.ar\/index.php\/wp-json\/wp\/v2\/tags?post=2005"}],"curies":[{"name":"wp","href":"https:\/\/api.w.org\/{rel}","templated":true}]}}