{"id":1998,"date":"2016-06-09T16:30:25","date_gmt":"2016-06-09T16:30:25","guid":{"rendered":"http:\/\/fmriachuelo.com.ar\/ljkjklj\/?p=1998"},"modified":"2016-06-09T16:30:25","modified_gmt":"2016-06-09T16:30:25","slug":"60-anos-desde-el-fusilamiento-en-los-basurales-de-jose-leon-suarez","status":"publish","type":"post","link":"http:\/\/fmriachuelo.it10.com.ar\/index.php\/2016\/06\/09\/60-anos-desde-el-fusilamiento-en-los-basurales-de-jose-leon-suarez\/","title":{"rendered":"60 A\u00d1OS DEL FUSILAMIENTO EN LOS BASURALES DE JOS\u00c9 LE\u00d3N SUAREZ"},"content":{"rendered":"<p style=\"text-align: justify\"><strong>LA OPERACI\u00d3N MASACRE<\/strong><br \/>\nEste 9 de Junio se cumplen 60 a\u00f1os de los fusilamientos de Jos\u00e9 Le\u00f3n Su\u00e1rez, los mismos que relata Rodolfo Walsh en su libro \u201cOperaci\u00f3n Masacre\u201d.<\/p>\n<p style=\"text-align: justify\">La primera noticia sobre los fusilamientos clandestinos de junio de 1956 me lleg\u00f3 en forma casual, a fines de ese a\u00f1o, en un caf\u00e9 de La Plata donde se jugaba al ajedrez,\u00a0\u00a0relata Walsh en el p\u00f3logo de su libro.<br \/>\nEn 1955 la oligarqu\u00eda argentina, con su brazo armado en las fuerzas armadas, derrocaron al gobierno constitucional del General Juan Domingo Per\u00f3n, prescribiendo por muchos a\u00f1os el peronismo, y comenzando un proceso que trajo nefastas consecuencias para la historia de nuestra patria. Comienza tambi\u00e9n la larga Resistencia del Peronismo a los embates de la oligarqu\u00eda.<br \/>\nEn este marco, el d\u00eda 9 de Junio de 1956 estalla una sublevaci\u00f3n militar de orientaci\u00f3n Peronista, encabezada por los generales Valle y Tanco. Este movimiento cop\u00f3 el Regimiento 7 de La Plata y atac\u00f3 la Jefatura de la Polic\u00eda Bonaerense.<br \/>\nLa reacci\u00f3n del gobierno fue rapida, volcando tanques en las calles y decretando la Ley Marcial. El Almirante Rojas, que estraba a cargo del ejecutivo, por ausencia transitoria de Aramburu, orden\u00f3 la Represi\u00f3n de las fuerzas alzadas.<br \/>\nPor la madrugada, en un basural ubicado en la intersecci\u00f3n de las calles 9 de Julio y la Avenida Marquez de la localidad de Jos\u00e9 Le\u00f3n Suarez, una comisi\u00f3n policial condujo hasta all\u00ed un grupo prisioneros, en su mayor\u00eda civiles que estaban vagamente conectados con el levantamiento, para asesinarlos fusilandolos por las espaldas. El 12 de Junio, a las 22 horas, fue ejecutado el General Valle, en el patio central de la Carcel de Las Heras.<br \/>\nEl asesinato de civiles y los fusilamientos de los militares del levantamiento contra el gobierno ilegitimo de Aramburu-Rojas figuran entre los hechos m\u00e1s crueles de nuestra historia. \u00bfQu\u00e9 significaron estos hechos? Significaron el odio de la oligarqu\u00eda por el pueblo, por la fuerza popular organizada, y el amor de tantos compa\u00f1eros por nuestra patria, por la que resistieron y lucharon hasta en los momentos m\u00e1s dif\u00edciles, soportando torturas, muertes, encarcelamientos, exilio y desapariciones.<br \/>\nLos Compa\u00f1eros fusilados:<br \/>\nMILITARES:<br \/>\nGral. de Divisi\u00f3n JUAN JOSE VALLE<br \/>\nCoronel RICARDO SANTIAGO IBAZETA<br \/>\nCoronel ALCIBIADES EDUARDO CORTINES<br \/>\nCoronel JOSE ALBINO IRIGOYEN<br \/>\nTte. Coronel OSCAR LORENZO COGORNO<br \/>\nCapit\u00e1n ELOY LUIS CARO<br \/>\nCapit\u00e1n DARDO NESTOR CANO<br \/>\nCapit\u00e1n JORGE MIGUEL COSTALES<br \/>\nTte. Primero JORGE LEOPOLDO NORIEGA<br \/>\nTte. Primero NESTOR MARCEL OVIDELA<br \/>\nSubteniente ALBERTO JUAN ABADIE<br \/>\nSuboficial Ppal. MIGUEL ANGEL PAOLINI<br \/>\nSuboficial Ppal. ERNESTO GARECCA<br \/>\nSargento Ayte. LUIS PUGNETTI<br \/>\nSargento HUGO ELADIO QUIROGA<br \/>\nSargento LUIS BAGNETTI<br \/>\nCabo MIGUEL JOSE RODRIGUEZ<br \/>\nCabo M\u00fasico LUCIANO ISAIAS ROJAS<br \/>\nCIVILES:<br \/>\nCLEMENTE BRAULIO ROSS<br \/>\nNORBERTO ROSS<br \/>\nOSVALDO ALBERTO ALBEDRO<br \/>\nDANTE HIPOLITO LUGO<br \/>\nALDO EMIR JOFRE<br \/>\nMIGUEL ANGEL MAURI\u00d1O<br \/>\nROLANDO ZANETTA<br \/>\nRAMON RAULVIDELA<br \/>\nCARLOS IRIGOYEN<br \/>\nCARLOS ALBERTO LIZASO<br \/>\nNICOLAS CARRANZA<br \/>\nFRANCISCO GARIBOTTI<br \/>\nMARIO Bri\u00f3n<br \/>\nVICENTE RODRIGUEZ<br \/>\nNO OLVIDAMOS, NO PERDONAMOS, NO NOS RECONCILIAMOS<br \/>\nLA SANGRE DERRAMADA JAM\u00c1S SER\u00c1 NEGOCIADA LIBRES O MUERTOS, JAM\u00c1S ESCLAVOS<br \/>\nCOMPA\u00d1EROS PERONISTAS FUSILADOS EN J.L.SUAREZ PRESENTES!!<br \/>\n\u00a1VIVA PER\u00d3N, VIVA LA PATRIA!<\/p>\n","protected":false},"excerpt":{"rendered":"<p>LA OPERACI\u00d3N MASACRE Este 9 de Junio se cumplen 60 a\u00f1os de los fusilamientos de Jos\u00e9 Le\u00f3n Su\u00e1rez, los mismos que relata Rodolfo Walsh en su libro \u201cOperaci\u00f3n Masacre\u201d. La primera noticia sobre los fusilamientos clandestinos de junio de 1956 me lleg\u00f3 en forma casual, a fines de ese a\u00f1o, en un caf\u00e9 de La [&hellip;]<\/p>\n","protected":false},"author":4,"featured_media":1999,"comment_status":"open","ping_status":"open","sticky":false,"template":"","format":"standard","meta":{"_monsterinsights_skip_tracking":false,"_monsterinsights_sitenote_active":false,"_monsterinsights_sitenote_note":"","_monsterinsights_sitenote_category":0,"jnews-multi-image_gallery":[],"jnews_single_post":[],"jnews_primary_category":[],"_joinchat":[],"footnotes":""},"categories":[1],"tags":[],"class_list":["post-1998","post","type-post","status-publish","format-standard","has-post-thumbnail","hentry","category-habitat"],"_links":{"self":[{"href":"http:\/\/fmriachuelo.it10.com.ar\/index.php\/wp-json\/wp\/v2\/posts\/1998","targetHints":{"allow":["GET"]}}],"collection":[{"href":"http:\/\/fmriachuelo.it10.com.ar\/index.php\/wp-json\/wp\/v2\/posts"}],"about":[{"href":"http:\/\/fmriachuelo.it10.com.ar\/index.php\/wp-json\/wp\/v2\/types\/post"}],"author":[{"embeddable":true,"href":"http:\/\/fmriachuelo.it10.com.ar\/index.php\/wp-json\/wp\/v2\/users\/4"}],"replies":[{"embeddable":true,"href":"http:\/\/fmriachuelo.it10.com.ar\/index.php\/wp-json\/wp\/v2\/comments?post=1998"}],"version-history":[{"count":0,"href":"http:\/\/fmriachuelo.it10.com.ar\/index.php\/wp-json\/wp\/v2\/posts\/1998\/revisions"}],"wp:featuredmedia":[{"embeddable":true,"href":"http:\/\/fmriachuelo.it10.com.ar\/index.php\/wp-json\/"}],"wp:attachment":[{"href":"http:\/\/fmriachuelo.it10.com.ar\/index.php\/wp-json\/wp\/v2\/media?parent=1998"}],"wp:term":[{"taxonomy":"category","embeddable":true,"href":"http:\/\/fmriachuelo.it10.com.ar\/index.php\/wp-json\/wp\/v2\/categories?post=1998"},{"taxonomy":"post_tag","embeddable":true,"href":"http:\/\/fmriachuelo.it10.com.ar\/index.php\/wp-json\/wp\/v2\/tags?post=1998"}],"curies":[{"name":"wp","href":"https:\/\/api.w.org\/{rel}","templated":true}]}}