{"id":1993,"date":"2016-06-08T23:25:05","date_gmt":"2016-06-08T23:25:05","guid":{"rendered":"http:\/\/fmriachuelo.com.ar\/ljkjklj\/?p=1993"},"modified":"2016-06-08T23:25:05","modified_gmt":"2016-06-08T23:25:05","slug":"reprimieron-y-desalojaron-a-los-trabajadores-de-la-economia-popular-de-la-fabrica-rb","status":"publish","type":"post","link":"http:\/\/fmriachuelo.it10.com.ar\/index.php\/2016\/06\/08\/reprimieron-y-desalojaron-a-los-trabajadores-de-la-economia-popular-de-la-fabrica-rb\/","title":{"rendered":"REPRIMIERON Y DESALOJARON A LOS TRABAJADORES DE LA ECONOM\u00cdA POPULAR DE LA FABRICA RB"},"content":{"rendered":"<p style=\"text-align: justify\">[FMR 08\/06\/16] Reprimieron y desalojaron trabajadores de la f\u00e1brica recuperada RB, ubicada en\u00a0Panam\u00e1 1726\u00a0de la localidad de\u00a0Mart\u00ednez, Provincia de Buenos Aires. Los trabajadores y las organizaciones que se hicieron presentes intentaron resistir el desalojo de una medida dictada por la justicia, que desampar\u00f3 a los\u00a0trabajadores que pierden su fuente laboral al tiempo que deja en el abandanono a las 18 familias.<\/p>\n<p style=\"text-align: justify\">Escuch\u00e1 <strong><a href=\"http:\/\/radiocut.fm\/audiocut\/urgente-desalojo-en-la-fabrica-rb-luiano-alvarez-osyp-los-pibes-y-vasco-murua-mner\/\">AQU\u00cd<\/a><\/strong>\u00a0los testimonios de los referentes: Eduardo \u00abVasco\u00bb Mur\u00faa, del Movimiento Nacional de Empresas Recuperadas y Luciano Alvarez, referente de la Organizaci\u00f3n Los Pibes, presentes en el lugar para acompa\u00f1ar la resistencia de los trabajadores.<\/p>\n<p style=\"text-align: justify\"><img loading=\"lazy\" decoding=\"async\" class=\"size-thumbnail wp-image-1995 alignleft\" src=\"http:\/\/fmriachuelo.com.ar\/ljkjklj\/wp-content\/uploads\/2016\/06\/desalojo-coop-martinez-300x169-7f-150x150.jpg\" alt=\"desalojo-coop-martinez-300x169-7f\" width=\"150\" height=\"150\" \/><\/p>\n<p style=\"text-align: justify\">En un desmedido operativo policial se realiz\u00f3 el desalojo que cont\u00f3 con la presencia de por lo menos 100\u00a0efectivos que tiraron gases sobre unos 50 trabajadores que estaban presentes en el lugar, de manera pac\u00edfica, \u00a0tratando de resistir la medida.<\/p>\n<p style=\"text-align: justify\">Los trabajadores y referentes de organizaciones sociales presentes responsabillizaron al juez Dr. Orlando Abel Diaz, a cargo del Juzgado de Garant\u00edas N\u00b02 de San Isidro, por los heridos y la p\u00e9rdida de la fuente laboral.\u00a0\u00abEl Juez D\u00edaz es responsable por los heridos y la perdida de los puestos de trabajo de 18 compa\u00f1eros\u00bb<\/p>\n<p style=\"text-align: justify\">La empresa que trabajaba en gesti\u00f3n cooperativa, cumpliendo una importante funci\u00f3n social, debi\u00f3 suspender sus actividades y los 18 trabajadores de la econom\u00eda popular perdieron su fuente de trabajo.<\/p>\n<p style=\"text-align: justify\">\n","protected":false},"excerpt":{"rendered":"<p>[FMR 08\/06\/16] Reprimieron y desalojaron trabajadores de la f\u00e1brica recuperada RB, ubicada en\u00a0Panam\u00e1 1726\u00a0de la localidad de\u00a0Mart\u00ednez, Provincia de Buenos Aires. Los trabajadores y las organizaciones que se hicieron presentes intentaron resistir el desalojo de una medida dictada por la justicia, que desampar\u00f3 a los\u00a0trabajadores que pierden su fuente laboral al tiempo que deja en [&hellip;]<\/p>\n","protected":false},"author":4,"featured_media":1994,"comment_status":"open","ping_status":"open","sticky":false,"template":"","format":"standard","meta":{"_monsterinsights_skip_tracking":false,"_monsterinsights_sitenote_active":false,"_monsterinsights_sitenote_note":"","_monsterinsights_sitenote_category":0,"jnews-multi-image_gallery":[],"jnews_single_post":[],"jnews_primary_category":[],"_joinchat":[],"footnotes":""},"categories":[76],"tags":[],"class_list":["post-1993","post","type-post","status-publish","format-standard","has-post-thumbnail","hentry","category-salud-comunitaria"],"_links":{"self":[{"href":"http:\/\/fmriachuelo.it10.com.ar\/index.php\/wp-json\/wp\/v2\/posts\/1993","targetHints":{"allow":["GET"]}}],"collection":[{"href":"http:\/\/fmriachuelo.it10.com.ar\/index.php\/wp-json\/wp\/v2\/posts"}],"about":[{"href":"http:\/\/fmriachuelo.it10.com.ar\/index.php\/wp-json\/wp\/v2\/types\/post"}],"author":[{"embeddable":true,"href":"http:\/\/fmriachuelo.it10.com.ar\/index.php\/wp-json\/wp\/v2\/users\/4"}],"replies":[{"embeddable":true,"href":"http:\/\/fmriachuelo.it10.com.ar\/index.php\/wp-json\/wp\/v2\/comments?post=1993"}],"version-history":[{"count":0,"href":"http:\/\/fmriachuelo.it10.com.ar\/index.php\/wp-json\/wp\/v2\/posts\/1993\/revisions"}],"wp:featuredmedia":[{"embeddable":true,"href":"http:\/\/fmriachuelo.it10.com.ar\/index.php\/wp-json\/"}],"wp:attachment":[{"href":"http:\/\/fmriachuelo.it10.com.ar\/index.php\/wp-json\/wp\/v2\/media?parent=1993"}],"wp:term":[{"taxonomy":"category","embeddable":true,"href":"http:\/\/fmriachuelo.it10.com.ar\/index.php\/wp-json\/wp\/v2\/categories?post=1993"},{"taxonomy":"post_tag","embeddable":true,"href":"http:\/\/fmriachuelo.it10.com.ar\/index.php\/wp-json\/wp\/v2\/tags?post=1993"}],"curies":[{"name":"wp","href":"https:\/\/api.w.org\/{rel}","templated":true}]}}