{"id":1988,"date":"2016-06-08T12:42:19","date_gmt":"2016-06-08T12:42:19","guid":{"rendered":"http:\/\/fmriachuelo.com.ar\/ljkjklj\/?p=1988"},"modified":"2016-06-08T12:42:19","modified_gmt":"2016-06-08T12:42:19","slug":"fm-la-caterva-fm-riachuelo-construyendo-comunicacion-popular","status":"publish","type":"post","link":"http:\/\/fmriachuelo.it10.com.ar\/index.php\/2016\/06\/08\/fm-la-caterva-fm-riachuelo-construyendo-comunicacion-popular\/","title":{"rendered":"FM LA CATERVA + FM RIACHUELO: CONSTRUYENDO COMUNICACI\u00d3N POPULAR"},"content":{"rendered":"<p>TRASMISI\u00d3N EN UNIDAD: CICLO DE DEBATES COLECTIVOS<\/p>\n<p style=\"text-align: justify\">[FMR 08\/06\/16] El proximo jueves 9 de junio se realizar\u00e1 el \u00abCiclo de Debates Colectivos\u00bb que abordar\u00e1 la <strong>Violencia Pol\u00edtica en la Comna 4: La democracia en tiempo del PRO.\u00a0<\/strong>El encuentro se har\u00e1 junto a estudiantes de las experiencias de educaci\u00f3n popular, militantes de la organizaci\u00f3n Boca es Pueblo y de la O.S. y P. Los Pibes.<\/p>\n<p style=\"text-align: justify\">Se tratar\u00e1 de una nueva experiencia que la comunicaci\u00f3n pone al servicio de los sectores populares para darles la voz a distintos actores sociales.<\/p>\n","protected":false},"excerpt":{"rendered":"<p>TRASMISI\u00d3N EN UNIDAD: CICLO DE DEBATES COLECTIVOS [FMR 08\/06\/16] El proximo jueves 9 de junio se realizar\u00e1 el \u00abCiclo de Debates Colectivos\u00bb que abordar\u00e1 la Violencia Pol\u00edtica en la Comna 4: La democracia en tiempo del PRO.\u00a0El encuentro se har\u00e1 junto a estudiantes de las experiencias de educaci\u00f3n popular, militantes de la organizaci\u00f3n Boca es [&hellip;]<\/p>\n","protected":false},"author":4,"featured_media":1989,"comment_status":"open","ping_status":"open","sticky":false,"template":"","format":"standard","meta":{"_monsterinsights_skip_tracking":false,"_monsterinsights_sitenote_active":false,"_monsterinsights_sitenote_note":"","_monsterinsights_sitenote_category":0,"jnews-multi-image_gallery":[],"jnews_single_post":[],"jnews_primary_category":[],"_joinchat":[],"footnotes":""},"categories":[76],"tags":[],"class_list":["post-1988","post","type-post","status-publish","format-standard","has-post-thumbnail","hentry","category-salud-comunitaria"],"_links":{"self":[{"href":"http:\/\/fmriachuelo.it10.com.ar\/index.php\/wp-json\/wp\/v2\/posts\/1988","targetHints":{"allow":["GET"]}}],"collection":[{"href":"http:\/\/fmriachuelo.it10.com.ar\/index.php\/wp-json\/wp\/v2\/posts"}],"about":[{"href":"http:\/\/fmriachuelo.it10.com.ar\/index.php\/wp-json\/wp\/v2\/types\/post"}],"author":[{"embeddable":true,"href":"http:\/\/fmriachuelo.it10.com.ar\/index.php\/wp-json\/wp\/v2\/users\/4"}],"replies":[{"embeddable":true,"href":"http:\/\/fmriachuelo.it10.com.ar\/index.php\/wp-json\/wp\/v2\/comments?post=1988"}],"version-history":[{"count":0,"href":"http:\/\/fmriachuelo.it10.com.ar\/index.php\/wp-json\/wp\/v2\/posts\/1988\/revisions"}],"wp:featuredmedia":[{"embeddable":true,"href":"http:\/\/fmriachuelo.it10.com.ar\/index.php\/wp-json\/"}],"wp:attachment":[{"href":"http:\/\/fmriachuelo.it10.com.ar\/index.php\/wp-json\/wp\/v2\/media?parent=1988"}],"wp:term":[{"taxonomy":"category","embeddable":true,"href":"http:\/\/fmriachuelo.it10.com.ar\/index.php\/wp-json\/wp\/v2\/categories?post=1988"},{"taxonomy":"post_tag","embeddable":true,"href":"http:\/\/fmriachuelo.it10.com.ar\/index.php\/wp-json\/wp\/v2\/tags?post=1988"}],"curies":[{"name":"wp","href":"https:\/\/api.w.org\/{rel}","templated":true}]}}