{"id":19721,"date":"2023-01-20T19:31:47","date_gmt":"2023-01-20T19:31:47","guid":{"rendered":"http:\/\/fmriachuelo.com.ar\/?p=19721"},"modified":"2025-02-26T13:53:16","modified_gmt":"2025-02-26T16:53:16","slug":"victoria-popular-frente-popular-dario-santillan-logro-la-reincorporacion-de-las-trabajadoras-despedidas","status":"publish","type":"post","link":"http:\/\/fmriachuelo.it10.com.ar\/index.php\/2023\/01\/20\/victoria-popular-frente-popular-dario-santillan-logro-la-reincorporacion-de-las-trabajadoras-despedidas\/","title":{"rendered":"VICTORIA POPULAR: FRENTE POPULAR DAR\u00cdO SANTILL\u00c1N LOGR\u00d3 LA REINCORPORACI\u00d3N DE LAS TRABAJADORAS DESPEDIDAS"},"content":{"rendered":"<p><strong>[FM Riachuelo, 20\/01\/2023] El Frente popular Dar\u00edo Santill\u00e1n junto a otras Organizaciones se congreg\u00f3 ayer en el Ministerio de Espacio P\u00fablico del gobierno porte\u00f1o, para exigir que sean reincorporadas las 35 trabajadoras cooperativistas que hab\u00edan sido despedidas. Un grupo ocup\u00f3 pac\u00edficamente el espacio afirmando que no se mover\u00edan hasta que llegaran al acuerdo que finalmente lograron. Una vez m\u00e1s, la lucha y la unidad dieron como resultado una victoria popular frente a quienes pretenden avanzar sobre la dignidad consolidada de lxs trabajadorxs de la Econom\u00eda Popular.<\/strong><\/p>\n<p><em>\u00a0\u201cHace 8 a\u00f1os que estamos en recolecci\u00f3n tercerizados y ahora vienen y nos quieren sacar nuestros puestos de trabajo. Empezaron por 15 y ahora van por 20 compa\u00f1eros m\u00e1s. Esto es sacarle el pan de la boca a muchas familias\u201d<\/em>, denunci\u00f3 una de las trabajadoras de la cooperativa por la ma\u00f1ana, en la concentraci\u00f3n que se dio en las puertas del Ministerio. <em>\u201cNosotros vamos a seguir luchando hasta que nos devuelvan nuestros puestos de trabajo, porque es muy injusto lo que est\u00e1n haciendo. Van por los pobres, no por los ricos. Los ricos pueden tener d\u00f3lares y los pobres no pueden tener nada. As\u00ed que sigamos luchando y no dejemos que este gobierno nos maltrate.\u201d<\/em><\/p>\n<p>All\u00ed mismo, la trabajadora y militante del FPDS, Flavia Romero, asegur\u00f3 que: <em>\u201cEl trabajo que realizamos nosotros es muy importante. Nos organizamos tanto para recolecci\u00f3n como barrido, tenemos comedores que ayudan a los vecinos, tenemos productivos. En la pandemia las compa\u00f1eras de barrido, de recolecci\u00f3n, de salud, no descansaron ni un minuto y pusieron en riesgo su vida.\u201d <\/em><\/p>\n<p><em>\u201cEl gobierno est\u00e1 queriendo recortar justamente a las Organizaciones Sociales que le ponemos el cuerpo a un mont\u00f3n de cuestiones que el mismo no cubre. Al gobierno de la ciudad no le interesan los barrios populares\u201d<\/em>, expres\u00f3.<\/p>\n<p>Despu\u00e9s de horas de concentraci\u00f3n y ocupaci\u00f3n pac\u00edfica en el Ministerio, las compa\u00f1eras llegaron a un acuerdo, logrando la reincorporaci\u00f3n inmediata de 30 de las trabajadoras que hab\u00edan sido despedidas y de las otras 5, que ser\u00e1n reincorporadas el mes que viene. Dina S\u00e1nchez, referenta del FPDS, expres\u00f3 la felicidad por la victoria conseguida: \u201cCreo que la lucha colectiva vuelve a dar sus frutos. Esta es una demostraci\u00f3n m\u00e1s de que sin lucha no hay victorias y que tenemos que seguir construyendo la m\u00e1s amplia unidad del sector para poder dar la pelea que nos espera.\u201d Adem\u00e1s, agradeci\u00f3 a: <em>\u201cToda la compa\u00f1erada de las Organizaciones hermanas que se acercaron a solidarizarse y acompa\u00f1arnos.\u201d<\/em><\/p>\n<p><img loading=\"lazy\" decoding=\"async\" class=\"wp-image-19724 aligncenter\" src=\"http:\/\/fmriachuelo.it10.com.ar\/wp-content\/uploads\/2023\/01\/DSC_0140-1-compressed-300x200.jpg\" alt=\"\" width=\"464\" height=\"309\" srcset=\"http:\/\/fmriachuelo.it10.com.ar\/wp-content\/uploads\/2023\/01\/DSC_0140-1-compressed-300x200.jpg 300w, http:\/\/fmriachuelo.it10.com.ar\/wp-content\/uploads\/2023\/01\/DSC_0140-1-compressed-1024x683.jpg 1024w, http:\/\/fmriachuelo.it10.com.ar\/wp-content\/uploads\/2023\/01\/DSC_0140-1-compressed-768x512.jpg 768w, http:\/\/fmriachuelo.it10.com.ar\/wp-content\/uploads\/2023\/01\/DSC_0140-1-compressed-1536x1024.jpg 1536w, http:\/\/fmriachuelo.it10.com.ar\/wp-content\/uploads\/2023\/01\/DSC_0140-1-compressed-2048x1365.jpg 2048w, http:\/\/fmriachuelo.it10.com.ar\/wp-content\/uploads\/2023\/01\/DSC_0140-1-compressed-750x500.jpg 750w, http:\/\/fmriachuelo.it10.com.ar\/wp-content\/uploads\/2023\/01\/DSC_0140-1-compressed-1140x760.jpg 1140w\" sizes=\"auto, (max-width: 464px) 100vw, 464px\" \/><\/p>\n","protected":false},"excerpt":{"rendered":"<p>[FM Riachuelo, 20\/01\/2023] El Frente popular Dar\u00edo Santill\u00e1n junto a otras Organizaciones se congreg\u00f3 ayer en el Ministerio de Espacio P\u00fablico del gobierno porte\u00f1o, para exigir que sean reincorporadas las 35 trabajadoras cooperativistas que hab\u00edan sido despedidas. Un grupo ocup\u00f3 pac\u00edficamente el espacio afirmando que no se mover\u00edan hasta que llegaran al acuerdo que finalmente [&hellip;]<\/p>\n","protected":false},"author":5,"featured_media":19723,"comment_status":"closed","ping_status":"closed","sticky":false,"template":"","format":"standard","meta":{"_monsterinsights_skip_tracking":false,"_monsterinsights_sitenote_active":false,"_monsterinsights_sitenote_note":"","_monsterinsights_sitenote_category":0,"jnews-multi-image_gallery":[],"jnews_single_post":{"format":"standard"},"jnews_primary_category":[],"_joinchat":[],"footnotes":""},"categories":[58],"tags":[68,92],"class_list":["post-19721","post","type-post","status-publish","format-standard","has-post-thumbnail","hentry","category-noticiariachuelo","tag-de-los-trabajadores","tag-los-nuestros"],"_links":{"self":[{"href":"http:\/\/fmriachuelo.it10.com.ar\/index.php\/wp-json\/wp\/v2\/posts\/19721","targetHints":{"allow":["GET"]}}],"collection":[{"href":"http:\/\/fmriachuelo.it10.com.ar\/index.php\/wp-json\/wp\/v2\/posts"}],"about":[{"href":"http:\/\/fmriachuelo.it10.com.ar\/index.php\/wp-json\/wp\/v2\/types\/post"}],"author":[{"embeddable":true,"href":"http:\/\/fmriachuelo.it10.com.ar\/index.php\/wp-json\/wp\/v2\/users\/5"}],"replies":[{"embeddable":true,"href":"http:\/\/fmriachuelo.it10.com.ar\/index.php\/wp-json\/wp\/v2\/comments?post=19721"}],"version-history":[{"count":1,"href":"http:\/\/fmriachuelo.it10.com.ar\/index.php\/wp-json\/wp\/v2\/posts\/19721\/revisions"}],"predecessor-version":[{"id":22119,"href":"http:\/\/fmriachuelo.it10.com.ar\/index.php\/wp-json\/wp\/v2\/posts\/19721\/revisions\/22119"}],"wp:featuredmedia":[{"embeddable":true,"href":"http:\/\/fmriachuelo.it10.com.ar\/index.php\/wp-json\/wp\/v2\/media\/19723"}],"wp:attachment":[{"href":"http:\/\/fmriachuelo.it10.com.ar\/index.php\/wp-json\/wp\/v2\/media?parent=19721"}],"wp:term":[{"taxonomy":"category","embeddable":true,"href":"http:\/\/fmriachuelo.it10.com.ar\/index.php\/wp-json\/wp\/v2\/categories?post=19721"},{"taxonomy":"post_tag","embeddable":true,"href":"http:\/\/fmriachuelo.it10.com.ar\/index.php\/wp-json\/wp\/v2\/tags?post=19721"}],"curies":[{"name":"wp","href":"https:\/\/api.w.org\/{rel}","templated":true}]}}