{"id":19701,"date":"2023-01-19T22:02:09","date_gmt":"2023-01-19T22:02:09","guid":{"rendered":"http:\/\/fmriachuelo.com.ar\/?p=19701"},"modified":"2025-02-26T13:54:13","modified_gmt":"2025-02-26T16:54:13","slug":"movilizacion-solidaria-con-la-lucha-del-pueblo-peruano","status":"publish","type":"post","link":"http:\/\/fmriachuelo.it10.com.ar\/index.php\/2023\/01\/19\/movilizacion-solidaria-con-la-lucha-del-pueblo-peruano\/","title":{"rendered":"MOVILIZACI\u00d3N SOLIDARIA CON LA LUCHA DEL PUEBLO PERUANO EN ARGENTINA"},"content":{"rendered":"<p><strong>[FM Riachuelo, 19\/01\/2023] Hoy por la tarde trabajadorxs de organizaciones populares y sindicales se\u00a0 concentraron en a la embajada de Per\u00fa en Argentina para manifestar su apoyo y solidaridad con el paro y movilizaci\u00f3n que se est\u00e1n llevando adelante en el pa\u00eds hermano de Nuestram\u00e9rica.<\/strong><\/p>\n<p>Poniendo en pr\u00e1ctica la diplomacia de los pueblos, diversas organizaciones argentinas se encontraron all\u00ed para exigir la inmediata renuncia de la presidenta de facto Dina Boluarte, la renuncia del Congreso, el inicio de un proceso de Asamblea Constituyente y el cese de la represi\u00f3n hacia el pueblo movilizado en Per\u00fa. En este pa\u00eds hermano ya se cuentan m\u00e1s de 50 muertes a causa de la persecuci\u00f3n de la protesta desde la destituci\u00f3n del ex presidente Pedro Castillo. Por eso, durante la concentraci\u00f3n en la embajada se dedic\u00f3 un espacio de memoria con fotos de los asesinados por la represi\u00f3n en las movilizaciones.<\/p>\n<p><img loading=\"lazy\" decoding=\"async\" class=\"wp-image-19703 alignleft\" src=\"http:\/\/fmriachuelo.it10.com.ar\/wp-content\/uploads\/2023\/01\/WhatsApp-Image-2023-01-19-at-4.46.20-PM-300x217.jpeg\" alt=\"\" width=\"416\" height=\"301\" srcset=\"http:\/\/fmriachuelo.it10.com.ar\/wp-content\/uploads\/2023\/01\/WhatsApp-Image-2023-01-19-at-4.46.20-PM-300x217.jpeg 300w, http:\/\/fmriachuelo.it10.com.ar\/wp-content\/uploads\/2023\/01\/WhatsApp-Image-2023-01-19-at-4.46.20-PM-1024x741.jpeg 1024w, http:\/\/fmriachuelo.it10.com.ar\/wp-content\/uploads\/2023\/01\/WhatsApp-Image-2023-01-19-at-4.46.20-PM-768x556.jpeg 768w, http:\/\/fmriachuelo.it10.com.ar\/wp-content\/uploads\/2023\/01\/WhatsApp-Image-2023-01-19-at-4.46.20-PM-120x86.jpeg 120w, http:\/\/fmriachuelo.it10.com.ar\/wp-content\/uploads\/2023\/01\/WhatsApp-Image-2023-01-19-at-4.46.20-PM-750x543.jpeg 750w, http:\/\/fmriachuelo.it10.com.ar\/wp-content\/uploads\/2023\/01\/WhatsApp-Image-2023-01-19-at-4.46.20-PM-1140x825.jpeg 1140w, http:\/\/fmriachuelo.it10.com.ar\/wp-content\/uploads\/2023\/01\/WhatsApp-Image-2023-01-19-at-4.46.20-PM.jpeg 1280w\" sizes=\"auto, (max-width: 416px) 100vw, 416px\" \/><\/p>\n<p>La FM Riachuelo estuvo presente y entrevist\u00f3 a <strong>Carina Maloberti<\/strong>, Secretaria General de ATE SENASA y Direcci\u00f3n Nacional de Convocatoria Segunda Independencia, quien nos comparti\u00f3 unas reflexiones, conmovida por la situaci\u00f3n en Per\u00fa: <em>\u201cLos pueblos estamos diciendo que no pasar\u00e1n. Per\u00fa se ha levantado. El ejemplo de los compa\u00f1eros y compa\u00f1eras ca\u00eddos en Puno, su historia de lucha y de resistencia a varias dictaduras supremacistas del imperio tambi\u00e9n contagia al continente\u201d<\/em>. Adem\u00e1s nos habl\u00f3 del camino que est\u00e1n tomando los pueblos para una segunda y definitiva emancipaci\u00f3n: <em>\u201cLa verdad, lo que hoy est\u00e1n haciendo all\u00e1 en Per\u00fa, est\u00e1 terminando con este golpe, con los vendepatria como Dina Boluarte, que va a ser destituida por la voluntad popular. Luego tambi\u00e9n nos va a quedar el desaf\u00edo de armar los proyectos por venir. Y ah\u00ed nos entretejemos todos en ese compromiso: la descolonizaci\u00f3n de nuestra Patria Grande, de nuestra Am\u00e9rica mestiza, diversa, india, criolla, que una vez m\u00e1s dice que los Pueblos estamos decididos a ser libres, a librarnos de ellos.\u201d.<\/em><\/p>\n<p><strong>Lito Borello<\/strong>, Secretario de Derechos Humanos de la UTEP (Uni\u00f3n de Trabajadores de la Econom\u00eda Popular) y Coordinador Nacional del Movimiento Popular Los Pibes, nos comparti\u00f3 un an\u00e1lisis del contexto pol\u00edtico latinoamericano: <em>\u201dSin duda el proceso de Per\u00fa no est\u00e1 aislado, es una embestida del bloque de poder global en toda la regi\u00f3n de Am\u00e9rica Latina. La situaci\u00f3n de Per\u00fa encuentra, con particularidades, situaciones similares en Venezuela, en Colombia, en Paraguay, en Brasil, y en muchos de nuestros pa\u00edses latinoamericanos, que es un nuevo tiempo de recolonizaci\u00f3n. El poder global viene con toda la hambruna de querer llevarse nuestras riquezas naturales, nuestra agua, nuestro petr\u00f3leo, nuestra biodiversidad.\u201d<\/em><\/p>\n<p>Tambi\u00e9n estuvieron presentes hermanos de la patria peruana, que expresaron su repudio y acompa\u00f1amiento. Entre ellos estuvo <strong>Mario S\u00e1nchez<\/strong>, compa\u00f1ero de la organizaci\u00f3n sindical 13 de Abril de la Central de Trabajadores de la Argentina (CTA), que expres\u00f3: <em>\u201cEs lamentable estar lejos de mi Patria y ver c\u00f3mo est\u00e1n matando a mis hermanos peruanos en la zona del sur. Por eso en esta tarde me he unido aqu\u00ed, a los hermanos peruanos para pronunciarnos en contra del neoliberalismo, para pronunciarnos en contra del gobierno de facto de Dina Boluarte (&#8230;) Y que renuncie el Parlamento, todo el Congreso porque no nos representa, ha traicionado la confianza del pueblo\u201d.<\/em><\/p>\n<p>Esta acci\u00f3n fue un ejemplo m\u00e1s de la solidaridad de los pueblos latinoamericanos puesta en pr\u00e1ctica, demostrando que somos una sola patria y que hay un pueblo de pie dispuesto a defender cualquier embate de los sectores de poder concentrado que hambrean a nuestro pueblo y saquean los bienes comunes en nuestra regi\u00f3n.<\/p>\n<p><strong>Pod\u00e9s escuchar la lista de los testimonios ac\u00e1<\/strong><\/p>\n","protected":false},"excerpt":{"rendered":"<p>[FM Riachuelo, 19\/01\/2023] Hoy por la tarde trabajadorxs de organizaciones populares y sindicales se\u00a0 concentraron en a la embajada de Per\u00fa en Argentina para manifestar su apoyo y solidaridad con el paro y movilizaci\u00f3n que se est\u00e1n llevando adelante en el pa\u00eds hermano de Nuestram\u00e9rica. Poniendo en pr\u00e1ctica la diplomacia de los pueblos, diversas organizaciones [&hellip;]<\/p>\n","protected":false},"author":5,"featured_media":19707,"comment_status":"closed","ping_status":"closed","sticky":false,"template":"","format":"standard","meta":{"_monsterinsights_skip_tracking":false,"_monsterinsights_sitenote_active":false,"_monsterinsights_sitenote_note":"","_monsterinsights_sitenote_category":0,"jnews-multi-image_gallery":[],"jnews_single_post":{"format":"standard"},"jnews_primary_category":[],"_joinchat":[],"footnotes":""},"categories":[58],"tags":[151,70],"class_list":["post-19701","post","type-post","status-publish","format-standard","has-post-thumbnail","hentry","category-noticiariachuelo","tag-ddhh","tag-de-la-patria-grande"],"_links":{"self":[{"href":"http:\/\/fmriachuelo.it10.com.ar\/index.php\/wp-json\/wp\/v2\/posts\/19701","targetHints":{"allow":["GET"]}}],"collection":[{"href":"http:\/\/fmriachuelo.it10.com.ar\/index.php\/wp-json\/wp\/v2\/posts"}],"about":[{"href":"http:\/\/fmriachuelo.it10.com.ar\/index.php\/wp-json\/wp\/v2\/types\/post"}],"author":[{"embeddable":true,"href":"http:\/\/fmriachuelo.it10.com.ar\/index.php\/wp-json\/wp\/v2\/users\/5"}],"replies":[{"embeddable":true,"href":"http:\/\/fmriachuelo.it10.com.ar\/index.php\/wp-json\/wp\/v2\/comments?post=19701"}],"version-history":[{"count":1,"href":"http:\/\/fmriachuelo.it10.com.ar\/index.php\/wp-json\/wp\/v2\/posts\/19701\/revisions"}],"predecessor-version":[{"id":22120,"href":"http:\/\/fmriachuelo.it10.com.ar\/index.php\/wp-json\/wp\/v2\/posts\/19701\/revisions\/22120"}],"wp:featuredmedia":[{"embeddable":true,"href":"http:\/\/fmriachuelo.it10.com.ar\/index.php\/wp-json\/wp\/v2\/media\/19707"}],"wp:attachment":[{"href":"http:\/\/fmriachuelo.it10.com.ar\/index.php\/wp-json\/wp\/v2\/media?parent=19701"}],"wp:term":[{"taxonomy":"category","embeddable":true,"href":"http:\/\/fmriachuelo.it10.com.ar\/index.php\/wp-json\/wp\/v2\/categories?post=19701"},{"taxonomy":"post_tag","embeddable":true,"href":"http:\/\/fmriachuelo.it10.com.ar\/index.php\/wp-json\/wp\/v2\/tags?post=19701"}],"curies":[{"name":"wp","href":"https:\/\/api.w.org\/{rel}","templated":true}]}}