{"id":19689,"date":"2023-01-18T22:43:54","date_gmt":"2023-01-18T22:43:54","guid":{"rendered":"http:\/\/fmriachuelo.com.ar\/?p=19689"},"modified":"2025-02-26T13:56:56","modified_gmt":"2025-02-26T16:56:56","slug":"levantamiento-del-pueblo-en-peru-reporte-de-un-medio-popular","status":"publish","type":"post","link":"http:\/\/fmriachuelo.it10.com.ar\/index.php\/2023\/01\/18\/levantamiento-del-pueblo-en-peru-reporte-de-un-medio-popular\/","title":{"rendered":"LEVANTAMIENTO DEL PUEBLO EN PER\u00da: REPORTE DE UN MEDIO POPULAR"},"content":{"rendered":"<p><strong>[FM Riachuelo, 18\/01\/2023] 40 d\u00edas pasaron desde la destituci\u00f3n del presidente de Per\u00fa, Pedro Castillo, y la instauraci\u00f3n de un gobierno que respondi\u00f3 con salvaje represi\u00f3n a las masivas protestas populares que exigen la renuncia de Dina Boluarte, la presidenta de facto, y el llamado a una asamblea constituyente. La FM Riachuelo se comunic\u00f3 con Jaime Vel\u00e1zquez, comunicador social del portal de noticias Ecos Latinos, quien explic\u00f3 c\u00f3mo se fueron desarrollando los hechos hasta la actualidad, en las puertas del paro nacional de este jueves.<\/strong><\/p>\n<p>Mientras el pueblo muestra en las calles su decisi\u00f3n de ser protagonista de un proceso de transformaci\u00f3n, los medios hegem\u00f3nicos operan para demonizar la movilizaci\u00f3n popular y generar el fantasma de un enemigo interno. Rescatamos la visi\u00f3n de un medio popular que se centra en el relato de quienes llevan adelante las movilizaciones en todo el pa\u00eds.<\/p>\n<p>Jaime Vel\u00e1zquez dio un panorama de la situaci\u00f3n actual: <em>\u201cEstamos viviendo una convulsi\u00f3n total con cientos de miles de personas acerc\u00e1ndose a Lima para exigir la renuncia de Boluarte y desde el gobierno est\u00e1n acusando a los que protestan de terroristas. Tenemos una poblaci\u00f3n enardecida y un gobierno pr\u00e1cticamente acorralado.\u201d<\/em><\/p>\n<p>Sobre el problema estructural que sufre Per\u00fa y tantos otros pa\u00edses de la regi\u00f3n, asegur\u00f3 que: <em>\u201cPedro Castillo nunca aplic\u00f3 en su periodo de gobierno una pol\u00edtica en favor de esos sectores, porque tenemos una constituci\u00f3n que no le permite al Estado tomar medidas o hacer reformas estructurales para terminar con esa brecha de desigualdad.\u201d<\/em><\/p>\n<p>Adem\u00e1s, agreg\u00f3 que: <em>\u201cEl congreso bloquea la iniciativa de una nueva constituci\u00f3n y quita toda posibilidad de que el pueblo pueda participar en un refer\u00e9ndum. No solamente lo excluyen hist\u00f3ricamente, sino tambi\u00e9n le quitan el derecho a la participaci\u00f3n pol\u00edtica.\u201d<\/em><\/p>\n<p>Como apunta Jaime: <em>\u201cEl pueblo peruano siempre se ha caracterizado por ser rebelde.\u201d<\/em> Es por eso que las protestas que exigen la renuncia de Boluarte y el llamado a una asamblea constituyente llevan ya m\u00e1s de un mes y confluir\u00e1n este jueves 19 de enero en un Paro Nacional, C\u00edvico y Popular.<\/p>\n<p><span style=\"color: #ff0000\"><strong><a href=\"https:\/\/ar.radiocut.fm\/audiocut\/levantamiento-del-pueblo-en-peru-reporte-un-medio-popular\/\" target=\"_blank\" rel=\"noopener\">Escuch\u00e1 la entrevista completa<\/a><\/strong><\/span><\/p>\n","protected":false},"excerpt":{"rendered":"<p>[FM Riachuelo, 18\/01\/2023] 40 d\u00edas pasaron desde la destituci\u00f3n del presidente de Per\u00fa, Pedro Castillo, y la instauraci\u00f3n de un gobierno que respondi\u00f3 con salvaje represi\u00f3n a las masivas protestas populares que exigen la renuncia de Dina Boluarte, la presidenta de facto, y el llamado a una asamblea constituyente. La FM Riachuelo se comunic\u00f3 con [&hellip;]<\/p>\n","protected":false},"author":5,"featured_media":19690,"comment_status":"closed","ping_status":"closed","sticky":false,"template":"","format":"standard","meta":{"_monsterinsights_skip_tracking":false,"_monsterinsights_sitenote_active":false,"_monsterinsights_sitenote_note":"","_monsterinsights_sitenote_category":0,"jnews-multi-image_gallery":[],"jnews_single_post":{"format":"standard"},"jnews_primary_category":[],"_joinchat":[],"footnotes":""},"categories":[58],"tags":[108,151,70],"class_list":["post-19689","post","type-post","status-publish","format-standard","has-post-thumbnail","hentry","category-noticiariachuelo","tag-comunicacion-popular","tag-ddhh","tag-de-la-patria-grande"],"_links":{"self":[{"href":"http:\/\/fmriachuelo.it10.com.ar\/index.php\/wp-json\/wp\/v2\/posts\/19689","targetHints":{"allow":["GET"]}}],"collection":[{"href":"http:\/\/fmriachuelo.it10.com.ar\/index.php\/wp-json\/wp\/v2\/posts"}],"about":[{"href":"http:\/\/fmriachuelo.it10.com.ar\/index.php\/wp-json\/wp\/v2\/types\/post"}],"author":[{"embeddable":true,"href":"http:\/\/fmriachuelo.it10.com.ar\/index.php\/wp-json\/wp\/v2\/users\/5"}],"replies":[{"embeddable":true,"href":"http:\/\/fmriachuelo.it10.com.ar\/index.php\/wp-json\/wp\/v2\/comments?post=19689"}],"version-history":[{"count":1,"href":"http:\/\/fmriachuelo.it10.com.ar\/index.php\/wp-json\/wp\/v2\/posts\/19689\/revisions"}],"predecessor-version":[{"id":22121,"href":"http:\/\/fmriachuelo.it10.com.ar\/index.php\/wp-json\/wp\/v2\/posts\/19689\/revisions\/22121"}],"wp:featuredmedia":[{"embeddable":true,"href":"http:\/\/fmriachuelo.it10.com.ar\/index.php\/wp-json\/wp\/v2\/media\/19690"}],"wp:attachment":[{"href":"http:\/\/fmriachuelo.it10.com.ar\/index.php\/wp-json\/wp\/v2\/media?parent=19689"}],"wp:term":[{"taxonomy":"category","embeddable":true,"href":"http:\/\/fmriachuelo.it10.com.ar\/index.php\/wp-json\/wp\/v2\/categories?post=19689"},{"taxonomy":"post_tag","embeddable":true,"href":"http:\/\/fmriachuelo.it10.com.ar\/index.php\/wp-json\/wp\/v2\/tags?post=19689"}],"curies":[{"name":"wp","href":"https:\/\/api.w.org\/{rel}","templated":true}]}}