{"id":19589,"date":"2023-01-09T20:53:43","date_gmt":"2023-01-09T20:53:43","guid":{"rendered":"http:\/\/fmriachuelo.com.ar\/?p=19589"},"modified":"2025-02-26T13:57:40","modified_gmt":"2025-02-26T16:57:40","slug":"solidaridad-con-lula-y-el-pueblo-de-brasil-programa-especial","status":"publish","type":"post","link":"http:\/\/fmriachuelo.it10.com.ar\/index.php\/2023\/01\/09\/solidaridad-con-lula-y-el-pueblo-de-brasil-programa-especial\/","title":{"rendered":"SOLIDARIDAD CON LULA Y EL PUEBLO DE BRASIL: PROGRAMA ESPECIAL"},"content":{"rendered":"<p><b>[FM Riachuelo, 09\/01\/2023]<\/b> <b>Hoy por la ma\u00f1ana la FM Riachuelo realiz\u00f3 un Programa Especial titulado \u201cSolidaridad con Lula y el pueblo de Brasil. En pie de lucha y resistencia para detener su derecho a ser soberano\u201d en el que compartimos diversas expresiones de referentes de Movimientos Populares de Nuestra Am\u00e9rica de Brasil, Argentina, Venezuela y Bolivia. Juntxs reflexionamos sobre la profundizaci\u00f3n del embate del poder global, alertando a la militancia sobre la guerra declarada por los imperios a los pueblos del mundo y reforzamos la idea de lo imperioso que es la unidad y la construcci\u00f3n de poder popular, enmarcada en una nueva geometr\u00eda, para parir una verdadera democracia participativa y protag\u00f3nica.<\/b><\/p>\n<p><span style=\"font-weight: 400\">Haciendo un ejercicio de diplomacia de los pueblos, intentamos ser un aporte<\/span> <span style=\"font-weight: 400\">a la solidaridad internacional con la lucha del pueblo brasile\u00f1o al que, desde los resultados de la elecci\u00f3n presidencial de octubre pasado y la asunci\u00f3n de Lula como presidente hace s\u00f3lo una semana, hoy le toca combatir una nueva asonada de los poderes f\u00e1cticos para desestabilizar su democracia y derrocar el reciente ascenso del gobierno popular que, entre sus anuncios, dej\u00f3 claro que el combate es contra los poderosos y a favor de los pueblos libres.<\/span><span style=\"font-weight: 400\">\u00a0<\/span><\/p>\n<p><span style=\"font-weight: 400\">De este modo recorrimos el Programa Especial <\/span><b>\u201cSolidaridad con Lula y el pueblo de Brasil. En pie de lucha y resistencia para detener su derecho a ser soberano\u201d<\/b><span style=\"font-weight: 400\">, del cual compartiremos algunas expresiones a continuaci\u00f3n.<\/span><\/p>\n<p><i><span style=\"font-weight: 400\">\u201cNuestra lucha ser\u00e1 muy larga pero nosotros estamos muy animados y muy contentos para hacer este enfrentamiento, porque este enfrentamiento en Brasil es tambi\u00e9n para Nuestram\u00e9rica. Porque esta batalla es de la juventud, las mujeres, los campesinos, los obreros, unidos en una sola Am\u00e9rica contra los imperialistas y las tentativas de golpe\u201d,<\/span><\/i><span style=\"font-weight: 400\"> r<\/span><span style=\"font-weight: 400\">esalt\u00f3 en su an\u00e1lisis de la situaci\u00f3n <\/span><b>Alexandre Concei\u00e7\u00e3o, Coordinador Nacional del Movimiento Sin Tierra (MST) de Brasil. <\/b>Asimismo, destac\u00f3<span style=\"font-weight: 400\">\u00a0un punto central sobre el ataque sufrido por el pueblo brasilero y su democracia cuando relat\u00f3 el trasfondo de los hechos, que no se limitaron a las tomas de los edificios de los tres poderes, sino que en distintas regiones de Brasil estaban preparados para atacar t\u00e1cticamente lugares estrat\u00e9gicos como refiner\u00edas y dep\u00f3sitos de alimentos, todo esto con el fin de fomentar el caos en todo el territorio.<\/span><\/p>\n<p><span style=\"font-weight: 400\">En ese mismo sentido, <\/span><b>Carina Maloberti, Secretaria General de ATE SENASA y Direcci\u00f3n Nacional de Convocatoria Segunda Independencia<\/b><span style=\"font-weight: 400\"> expres\u00f3: <\/span><i><span style=\"font-weight: 400\">\u201cEl objetivo de esta guerra declarada en nuestro continente no es un presidente ni la administraci\u00f3n del Estado, sino que vienen por la territorialidad, los bienes comunes y por el sometimiento total de nuestros pueblos y eso se alcanza con estados fallidos, el desgobierno y la desesperanza. Lo que va a exigir nuestro pueblo no es menos que una revoluci\u00f3n\u201d.\u00a0<\/span><\/i><span style=\"font-weight: 400\">Sobre la forma de lucha que los movimientos populares sostienen contra estas embestidas dijo<\/span><i><span style=\"font-weight: 400\">:<\/span><\/i> <i><span style=\"font-weight: 400\">\u201cTenemos que recuperar nuestros proyectos de liberaci\u00f3n, pero sobre todo tenemos que recuperar la fe en ellos (\u2026) Esta institucionalidad caduca s\u00f3lo tiene que abrir la puerta a nuestra movilizaci\u00f3n y a nuestras asambleas que deciden en los territorios, no hay otra forma de parar esto\u201d.<\/span><\/i><\/p>\n<p><span style=\"font-weight: 400\">Por otro lado<\/span><b>, Juan Contreras, referente de la Coordinadora Sim\u00f3n Bol\u00edvar y de la radio Al Son del 23, ambas del Barrio 23 de Enero, Caracas, Venezuela<\/b><span style=\"font-weight: 400\"> asever\u00f3:\u00a0 \u201c<\/span><i><span style=\"font-weight: 400\">Es evidente que lo ocurrido forma parte de un plan, de una contraofensiva que est\u00e1 haciendo el imperio norteamericano contra los gobiernos progresistas que hoy est\u00e1n en Am\u00e9rica Latina, as\u00ed como lo que hoy est\u00e1 sucediendo en la hermana rep\u00fablica del Per\u00fa, que es una r\u00e9plica casi id\u00e9ntica del golpe que le hicieron al compa\u00f1ero Evo Morales, y de lo que se trata aqu\u00ed es de que el compa\u00f1ero Lula no pueda gobernar.\u201d Y <\/span><\/i><span style=\"font-weight: 400\">concluy\u00f3 expresando claramente, desde la mirada de los movimientos populares, que la salida no es desde la pol\u00edtica partidaria sino<\/span><i><span style=\"font-weight: 400\"> que \u201chay que construir la democracia de nuestros pueblos y el reto del campo popular y revolucionario en Am\u00e9rica Latina y el Caribe es el de juntar a nuestros pueblos (\u2026) Frente a este panorama la \u00fanica posibilidad es la construcci\u00f3n de una plataforma de todos los movimientos sociales de Nuestra Am\u00e9rica, ese es nuestro reto\u201d.<\/span><\/i><\/p>\n<p><span style=\"font-weight: 400\">A su turno, <\/span><b>Fernando Valdivia, referente del Movimiento Guevarista de Santa Cruz de la Sierra, Bolivia,<\/b><span style=\"font-weight: 400\"> sobre las tareas de las organizaciones populares para salir de esta dif\u00edcil situaci\u00f3n plante\u00f3<\/span><i><span style=\"font-weight: 400\">: \u201cEn Brasil la derecha ha crecido extremadamente y lo mismo ocurre en Bolivia, que la derecha ha logrado asentarse en Santa Cruz, generando una fuerte base social de sustentaci\u00f3n basada obviamente en la mentira. En estos mensajes sostienen contenidos que apelan m\u00e1s que todo al sentimiento y no a la racionalidad. Entonces una primera tarea es la lucha de ideas. (&#8230;) Es vital que nuestros pueblos de Latinoam\u00e9rica est\u00e9n permanentemente en contacto comparando situaciones, evidenciando denuncias poniendo de relieve cu\u00e1les son las estrategias del enemigo para comprender que la Patria es una sola y el enemigo tambi\u00e9n es uno solo y que este act\u00faa a trav\u00e9s de sus agentes locales de manera sistem\u00e1tica\u201d.<\/span><\/i><\/p>\n<p><span style=\"font-weight: 400\">Desde la <\/span><b>Uni\u00f3n de Trabajadores de la Econom\u00eda Popular (UTEP) su secretario General Esteban \u201cGringo\u201d Castro <\/b><span style=\"font-weight: 400\">expres\u00f3 su mirada sobre esta grave situaci\u00f3n que aqueja a nuestra Patria Grande<\/span><i><span style=\"font-weight: 400\">: \u201cTenemos que lograr un proceso defensivo y ofensivo para que nuestras pol\u00edticas populares eviten que las estrategias golpistas se apropien de nuestros pueblos. Tenemos que estar atentos a las estrategias imperialistas porque los pueblos organizados se le pueden parar de frente y decirles \u201chasta ac\u00e1 llegaste\u201d, lo que hace falta es fuerza popular organizada. (&#8230;) Tenemos que construir la unidad como dice el Papa Francisco mirando lo que nuestro pueblo hace y as\u00ed construir estrategias de poder, no lo veo en forma pesimista creo que es nuestra oportunidad de demostrar que luchamos y nos organizamos\u201d.<\/span><\/i><\/p>\n<p><span style=\"font-weight: 400\">En horas previas al programa especial, <\/span><b>Lito Borello, Secretario de Derechos Humanos de UTEP (Uni\u00f3n de Trabajadores de la Econom\u00eda Popular) y coordinador nacional del Movimiento Popular Los Pibes<\/b><span style=\"font-weight: 400\"> hizo un balance de esta grave situaci\u00f3n que atraviesa Brasil y nos interpel\u00f3 diciendo<\/span><i><span style=\"font-weight: 400\">: \u201cLa situaci\u00f3n de Brasil, requiere s\u00ed, un fuerte repudio y solidaridad, pero hay que profundizar el an\u00e1lisis que va m\u00e1s all\u00e1 de los sucedido, porque esto tiene que ver con formatos del poder mundial que se van implementando, para erosionar la posibilidad que nuestros pueblos en Am\u00e9rica Latina puedan caminar hacia un verdadero ejercicio de soberan\u00eda. Por ello, no alcanza con decir \u201cfue un intento de golpe\u201d porque vamos a vivir con un \u201cgolpear sistem\u00e1tico\u201d a nuestros pueblos, que desde las capacidades del poder nos van desgastando la institucionalidad desde adentro produciendo un estado fallido en las democracias de estos \u00faltimos tiempos. Por ello, hay que comprender adecuadamente la complejidad de este momento que se viene evidenciando en toda nuestra Patria Grande\u201d.<\/span><\/i><\/p>\n<p><span style=\"font-weight: 400\">De esta manera, recorrimos las diversas voces de representantes de Movimientos populares de nuestra Patria Grande con quienes nos aunamos para dejar en evidencia que nuestros pueblos quieren vivir en paz y que no van a permitir que los poderosos les quiten sus sue\u00f1os de libertad y de vivir en un mundo mejor.<\/span><\/p>\n<p><span style=\"font-weight: 400\">Es necesario profundizar a\u00fan m\u00e1s el camino de la comunicaci\u00f3n popular al servicio de las luchas de nuestro pueblo. El rol que nos toca como medios populares no es s\u00f3lo el hecho de informar, sino el de aportar a concientizar a toda la comunidad sobre c\u00f3mo los poderes f\u00e1cticos nos quieren dividir y distanciar, lo que implica un claro ataque a nuestros pueblos. Es una lucha que nos involucra a todes, sumar conciencia y o\u00eddo es necesario porque necesitamos defender nuestra Patria.\u00a0<\/span><\/p>\n<p><span style=\"font-weight: 400\">\u00a1Porque el Pueblo siempre va a vencer! \u00a1Porque si nos tocan a uno respondemos todes!!<\/span><\/p>\n<p>&nbsp;<\/p>\n<h3><a href=\"https:\/\/soundcloud.com\/prensa-fm-riachuelo\/sets\/programa-especial-en-solidaridad-con-lula-y-el-pueblo-de-brasil?si=1c6899e650cf4a2f8a728e2b68160580&amp;utm_source=clipboard&amp;utm_medium=text&amp;utm_campaign=social_sharing\"><b>ACCED\u00c9 AQU\u00cd A LAS ENTREVISTAS COMPLETAS<\/b><\/a><\/h3>\n<p>&nbsp;<\/p>\n","protected":false},"excerpt":{"rendered":"<p>[FM Riachuelo, 09\/01\/2023] Hoy por la ma\u00f1ana la FM Riachuelo realiz\u00f3 un Programa Especial titulado \u201cSolidaridad con Lula y el pueblo de Brasil. En pie de lucha y resistencia para detener su derecho a ser soberano\u201d en el que compartimos diversas expresiones de referentes de Movimientos Populares de Nuestra Am\u00e9rica de Brasil, Argentina, Venezuela y [&hellip;]<\/p>\n","protected":false},"author":5,"featured_media":19590,"comment_status":"closed","ping_status":"closed","sticky":false,"template":"","format":"standard","meta":{"_monsterinsights_skip_tracking":false,"_monsterinsights_sitenote_active":false,"_monsterinsights_sitenote_note":"","_monsterinsights_sitenote_category":0,"jnews-multi-image_gallery":[],"jnews_single_post":{"format":"standard"},"jnews_primary_category":[],"_joinchat":[],"footnotes":""},"categories":[61],"tags":[70,72],"class_list":["post-19589","post","type-post","status-publish","format-standard","has-post-thumbnail","hentry","category-especiales-riachuelo","tag-de-la-patria-grande","tag-historia-de-la-lucha-de-los-pueblos"],"_links":{"self":[{"href":"http:\/\/fmriachuelo.it10.com.ar\/index.php\/wp-json\/wp\/v2\/posts\/19589","targetHints":{"allow":["GET"]}}],"collection":[{"href":"http:\/\/fmriachuelo.it10.com.ar\/index.php\/wp-json\/wp\/v2\/posts"}],"about":[{"href":"http:\/\/fmriachuelo.it10.com.ar\/index.php\/wp-json\/wp\/v2\/types\/post"}],"author":[{"embeddable":true,"href":"http:\/\/fmriachuelo.it10.com.ar\/index.php\/wp-json\/wp\/v2\/users\/5"}],"replies":[{"embeddable":true,"href":"http:\/\/fmriachuelo.it10.com.ar\/index.php\/wp-json\/wp\/v2\/comments?post=19589"}],"version-history":[{"count":1,"href":"http:\/\/fmriachuelo.it10.com.ar\/index.php\/wp-json\/wp\/v2\/posts\/19589\/revisions"}],"predecessor-version":[{"id":22122,"href":"http:\/\/fmriachuelo.it10.com.ar\/index.php\/wp-json\/wp\/v2\/posts\/19589\/revisions\/22122"}],"wp:featuredmedia":[{"embeddable":true,"href":"http:\/\/fmriachuelo.it10.com.ar\/index.php\/wp-json\/wp\/v2\/media\/19590"}],"wp:attachment":[{"href":"http:\/\/fmriachuelo.it10.com.ar\/index.php\/wp-json\/wp\/v2\/media?parent=19589"}],"wp:term":[{"taxonomy":"category","embeddable":true,"href":"http:\/\/fmriachuelo.it10.com.ar\/index.php\/wp-json\/wp\/v2\/categories?post=19589"},{"taxonomy":"post_tag","embeddable":true,"href":"http:\/\/fmriachuelo.it10.com.ar\/index.php\/wp-json\/wp\/v2\/tags?post=19589"}],"curies":[{"name":"wp","href":"https:\/\/api.w.org\/{rel}","templated":true}]}}