{"id":19583,"date":"2023-01-09T18:51:01","date_gmt":"2023-01-09T18:51:01","guid":{"rendered":"http:\/\/fmriachuelo.com.ar\/?p=19583"},"modified":"2025-02-27T20:46:47","modified_gmt":"2025-02-27T23:46:47","slug":"solidaridad-con-lula-y-con-el-pueblo-de-brasil-lito-borello-y-una-mirada-en-clave-regional","status":"publish","type":"post","link":"http:\/\/fmriachuelo.it10.com.ar\/index.php\/2023\/01\/09\/solidaridad-con-lula-y-con-el-pueblo-de-brasil-lito-borello-y-una-mirada-en-clave-regional\/","title":{"rendered":"SOLIDARIDAD CON LULA Y CON EL PUEBLO DE BRASIL. LITO BORELLO Y UNA MIRADA EN CLAVE REGIONAL"},"content":{"rendered":"<p><b>[FM Riachuelo, 09\/01\/2023]<\/b> <b>El d\u00eda de ayer <\/b><b>seguidores del <\/b><b>exmandatario de Brasil Jair Bolsonaro<\/b><b> invadieron el Congreso Nacional, el palacio presidencial y la sede de la Corte Suprema en Brasilia, pr\u00e1cticamente sin resistencia de la polic\u00eda de la capital federal. Desde la victoria electoral de Lula da Silva, los seguidores del ex mandatario acamparon frente a diferentes cuarteles de las Fuerzas Armadas brasile\u00f1as para exigir un golpe de Estado para \u00absalvar Brasil\u00bb y deponer al nuevo presidente, vencedor de las elecciones de octubre de 2022. Ante esta situaci\u00f3n FM Riachuelo convers\u00f3 con Lito Borello, Secretario de Derechos Humanos de la Uni\u00f3n de Trabajadores y Trabajadoras de la Econom\u00eda Popular, para que nos brinde su mirada sobre lo sucedido y c\u00f3mo afecta esta situaci\u00f3n a toda la regi\u00f3n.<\/b><\/p>\n<p><b>Fm Riachuelo:<\/b><span style=\"font-weight: 400;\"> Venimos charlando de la situaci\u00f3n de Brasil, de lo que pas\u00f3 ayer, de este intento de Golpe y quer\u00edamos tener tu reflexi\u00f3n.<\/span><\/p>\n<p><b>Lito Borello:<\/b><span style=\"font-weight: 400;\"> La situaci\u00f3n de Brasil requiere, m\u00e1s all\u00e1 de nuestro firme repudio y solidaridad con el pueblo de Brasil y con el gobierno de Lula, profundizar el an\u00e1lisis\u00a0 para no quedarnos en una interpretaci\u00f3n ligada solamente a Brasil, ni tampoco en una interpretaci\u00f3n de solamente un intento de golpe. En realidad tiene que ver con formatos que el poder mundial va implementando para erosionar la posibilidad de que nuestros pueblos en Am\u00e9rica Latina puedan caminar hacia un verdadero ejercicio de soberan\u00eda. No alcanza con decir solamente que fue un intento de golpe, vamos a empezar a vivir, como lo estamos viendo en estos \u00faltimos meses, un golpear sobre las capacidades del ejercicio del poder leg\u00edtimo de nuestro pueblo. El poder f\u00e1ctico con la capacidad que tienen los poderes globales a trav\u00e9s de los grandes medios de comunicaci\u00f3n, los medios hegem\u00f3nicos, la capacidad financiera, el poder econ\u00f3mico, esa bater\u00eda de instrumentos con los que se han hecho los poderosos van desgastando desde adentro y van convirtiendo en un estado fallido las democracias de estos \u00faltimos a\u00f1os. Por lo tanto, nos exige, al mismo tiempo que estamos en pie de lucha, en pie de resistencia. Nos exige entender la compleja situaci\u00f3n que vive hoy Brasil, que fue ayer, pero hoy contin\u00faa y que va ir teniendo remezones de lo que se empez\u00f3, mejor dicho de lo que se evidencio el d\u00eda domingo. Porque los campamentos ya ven\u00edan instalados desde hace varios d\u00edas y en Brasil ya se hablaba de esta posibilidad. Estas situaciones van a requerir de una firme y contundente respuesta de los gobiernos, de Lula en particular, pero hay que echar mano al ejercicio del poder popular, porque sino esto va a quedar prenda de que el poder global siga desgastando en nuestros pueblos, en nuestras patrias la posibilidad de ser soberanos y de que podamos imaginar que nuestros pueblos puedan tener un derrotero independiente, soberano. Es necesario ir m\u00e1s a fondo en el an\u00e1lisis de esta situaci\u00f3n.<\/span><\/p>\n<p><b>FMR:<\/b><span style=\"font-weight: 400;\"> Cuando fue el intento de golpe en Bolivia hab\u00edamos hecho una entrevista con vos y hab\u00eda quedado una frase que dec\u00eda \u00abCruzaron un l\u00edmite\u00bb. \u00bfQu\u00e9 hace que el poder real, siga cruzando esos l\u00edmites y le meta el acelerador a las acciones que vienen realizando?<\/span><\/p>\n<p><b><img loading=\"lazy\" decoding=\"async\" class=\"size-medium wp-image-14727 alignright\" src=\"http:\/\/fmriachuelo.com.ar\/wp-content\/uploads\/2022\/03\/WhatsApp-Image-2022-03-02-at-6.50.17-PM-300x225.jpeg\" alt=\"\" width=\"300\" height=\"225\" srcset=\"http:\/\/fmriachuelo.it10.com.ar\/wp-content\/uploads\/2022\/03\/WhatsApp-Image-2022-03-02-at-6.50.17-PM-300x225.jpeg 300w, http:\/\/fmriachuelo.it10.com.ar\/wp-content\/uploads\/2022\/03\/WhatsApp-Image-2022-03-02-at-6.50.17-PM-1024x768.jpeg 1024w, http:\/\/fmriachuelo.it10.com.ar\/wp-content\/uploads\/2022\/03\/WhatsApp-Image-2022-03-02-at-6.50.17-PM-768x576.jpeg 768w, http:\/\/fmriachuelo.it10.com.ar\/wp-content\/uploads\/2022\/03\/WhatsApp-Image-2022-03-02-at-6.50.17-PM-1536x1152.jpeg 1536w, http:\/\/fmriachuelo.it10.com.ar\/wp-content\/uploads\/2022\/03\/WhatsApp-Image-2022-03-02-at-6.50.17-PM-750x563.jpeg 750w, http:\/\/fmriachuelo.it10.com.ar\/wp-content\/uploads\/2022\/03\/WhatsApp-Image-2022-03-02-at-6.50.17-PM-1140x855.jpeg 1140w, http:\/\/fmriachuelo.it10.com.ar\/wp-content\/uploads\/2022\/03\/WhatsApp-Image-2022-03-02-at-6.50.17-PM.jpeg 1600w\" sizes=\"auto, (max-width: 300px) 100vw, 300px\" \/>LB:<\/b><span style=\"font-weight: 400;\"> El poder global est\u00e1 reseteando el mundo. Est\u00e1 cambiando ese modo que conoc\u00edamos de dominaci\u00f3n de hace algunas d\u00e9cadas atr\u00e1s.\u00a0 A partir de la crisis del 2008 en adelante, el capitalismo entra en una crisis civilizatoria, en una crisis mundial, Francisco llama a esta situaci\u00f3n una crisis integral y los movimientos hablamos de una crisis multidimensional. El poder est\u00e1 reseteando el mundo hacia uno mucho m\u00e1s perverso, el 1% del mundo tiene el poder econ\u00f3mico del 80 % de la poblaci\u00f3n mundial. El nivel de decrecimiento exponencial de las muy pocas manos del poder econ\u00f3mico, del poder financiero, del poder multimedi\u00e1tico, ha sido en los \u00faltimos a\u00f1os despiadado. Ya no queda duda que los adoradores del dios dinero, los se\u00f1ores de la guerra, est\u00e1n dispuestos a cualquier cosa para no perder sus privilegios y est\u00e1n dispuestos a terminar con la mitad de la poblaci\u00f3n mundial en aras de ellos seguir garantizando su forma de vida. Sabemos que hay que ir a fondo en profundizar, en discernir el momento en el que estamos a nivel mundial. No alcanza en nuestra regi\u00f3n con ser solidarios con Per\u00fa, con Bolivia o con Brasil, sino entender que hay un proceso regional que est\u00e1 en marcha y que a la vez hay que continentalizar la resistencia y encontrar en el auxilio del pensamiento de nuestros patriotas, de una patria com\u00fan, de una patria Latinoamericana, para recuperar y encarar un segundo tiempo emancipador. Y para construir como nos indica Francisco \u201ceste sistema no da m\u00e1s y es necesario construir otro mundo posible\u201d y como tambi\u00e9n lo dicen los zapatistas \u201cun mundo donde quepan todos los mundos\u201d<\/span><\/p>\n<p><b>FMR:<\/b><span style=\"font-weight: 400;\"> En referencia a esto \u00faltimo que mencionas de que no alcanza con la solidaridad expresada con la necesidad de continentalizar la resistencia, \u00bfCu\u00e1les son las tareas desde cada patria chica? \u00bfEn qu\u00e9 medida en nuestra patria chica Argentina pueden suceder hechos parecidos, si es que no se est\u00e1n cocinando? \u00bfC\u00f3mo debemos profundizar ese an\u00e1lisis y pensar las acciones concretas de todos los d\u00edas?<\/span><\/p>\n<p><b>LB:<\/b><span style=\"font-weight: 400;\"> Nosotros lo venimos planteando, esto m\u00e1s ac\u00e1 o m\u00e1s all\u00e1 en el tiempo lo vamos a ir viviendo en toda la regi\u00f3n. Por su puesto con matices, con particularidades de cada uno de nuestros pa\u00edses, pero es un modelo global al que se camina. La pol\u00edtica tal cual la conoc\u00edamos en los \u00faltimos a\u00f1os est\u00e1 absolutamente superada. Si no se construye comunidad, si no se construye poder popular y si no se construye una l\u00f3gica de otra geometr\u00eda m\u00e1s all\u00e1 de la que nos quieren imponer como \u00fanica regla posible para tener un sue\u00f1o democr\u00e1tico, no alcanzan esas democracias encorsetadas. Esas democracias aparentes en donde votamos una vez cada tantos a\u00f1os, nos dejan izar las banderas y cantar el himno, pero el ejercicio concreto de la soberan\u00eda lo tiene el poder global y as\u00ed saquean nuestras patrias y hambrean a nuestros pueblos. Tenemos patrias ocupadas con un nivel de saqueo, de expoliaci\u00f3n y de sometimiento a nuestros pueblos que solamente puede ser revertido con un proyecto liberador, con un proceso revolucionario, con recuperar la capacidad de independencia para poder imaginar un camino soberano. Esto es lo que hacen con estas azonadas que est\u00e1n muy lejos de solamente pretender llegar a un gobierno. Est\u00e1n permanentemente erosionando y construyendo estados fallidos que nos imposibiliten construir unidad, construir poder popular y seguir teniendo claro que esto se hace teniendo a los trabajadores como columna vertebral y como cabeza del proceso de transformaci\u00f3n.<\/span><\/p>\n<p><b>FMR:<\/b><span style=\"font-weight: 400;\"> Lito podr\u00edamos concluir que la mejor manera de hacer solidaridad regional desde los movimientos populares es hacer carne todos estos conceptos que dec\u00eds desde nuestras patrias chicas, desde nuestros territorios.<\/span><\/p>\n<p><b>LB:<\/b><span style=\"font-weight: 400;\"> Sin duda, al tiempo de ser firmes y contundentes en nuestro repudio a lo que est\u00e1 pasando, a esos poderes que est\u00e1n golpeando en este momento a Brasil pero tambi\u00e9n lo est\u00e1n haciendo en Per\u00fa, en Bolivia. Al mismo tiempo de ser claros en esto estar dispuestos a que si tocan a uno nos tocan a todos. Tenemos que profundizar la interpretaci\u00f3n para saber que construir, para saber qu\u00e9 significan los desaf\u00edos que tenemos por delante. Sino la sensaci\u00f3n es que nos siguen metiendo la zanahoria de los temas electorales como \u00fanica manera de hacer pol\u00edtica, y entonces mientras tanto nos seguir\u00e1n distrayendo con cosas que no van a poder evitar la embestida de los poderosos. Ante esta contraofensiva restauradora del poder global, los pueblos nos tenemos que organizar y encarar un proceso liberador y una segunda etapa emancipatoria.\u00a0<\/span><\/p>\n<p><b>FMR:<\/b><span style=\"font-weight: 400;\"> Para finalizar en este programa especial, en el que est\u00e1n pasando varios referentes de organizaciones populares argentinas y latinoamericanas, ten\u00e9s aire libre para cerrar con lo que quieras manifestar en este marco y no te hayamos preguntado y que consideres importante comunicar.<\/span><\/p>\n<p><b>LB:<\/b><span style=\"font-weight: 400;\"> Simplemente destacar el rol de una comunicaci\u00f3n alternativa. M\u00e1s que nunca hay que poder mirarnos en el espejo de nuestros pueblos y no mirarnos en el espejo de otros grandes medios comunicacionales que nos llevan a desvirtuar el origen de nuestro nacimiento y de nuestra necesidad concreta de una comunicaci\u00f3n al servicio de la construcci\u00f3n de un proyecto popular. Por lo tanto es indispensable fortalecer, profundizar y extender las experiencias comunicacionales alternativas. Entendiendo esto como experiencias comunicacionales alternativas ligadas a los procesos de transformaci\u00f3n revolucionaria, ligados a los intereses de nuestro pueblo, ligados a los intereses de nuestra patria.<\/span><\/p>\n","protected":false},"excerpt":{"rendered":"<p>[FM Riachuelo, 09\/01\/2023] El d\u00eda de ayer seguidores del exmandatario de Brasil Jair Bolsonaro invadieron el Congreso Nacional, el palacio presidencial y la sede de la Corte Suprema en Brasilia, pr\u00e1cticamente sin resistencia de la polic\u00eda de la capital federal. Desde la victoria electoral de Lula da Silva, los seguidores del ex mandatario acamparon frente [&hellip;]<\/p>\n","protected":false},"author":5,"featured_media":19584,"comment_status":"closed","ping_status":"closed","sticky":false,"template":"","format":"standard","meta":{"_monsterinsights_skip_tracking":false,"_monsterinsights_sitenote_active":false,"_monsterinsights_sitenote_note":"","_monsterinsights_sitenote_category":0,"jnews-multi-image_gallery":[],"jnews_single_post":{"format":"standard"},"jnews_primary_category":[],"_joinchat":[],"footnotes":""},"categories":[63],"tags":[70,72],"class_list":["post-19583","post","type-post","status-publish","format-standard","has-post-thumbnail","hentry","category-entrevista-riachuelo","tag-de-la-patria-grande","tag-historia-de-la-lucha-de-los-pueblos"],"_links":{"self":[{"href":"http:\/\/fmriachuelo.it10.com.ar\/index.php\/wp-json\/wp\/v2\/posts\/19583","targetHints":{"allow":["GET"]}}],"collection":[{"href":"http:\/\/fmriachuelo.it10.com.ar\/index.php\/wp-json\/wp\/v2\/posts"}],"about":[{"href":"http:\/\/fmriachuelo.it10.com.ar\/index.php\/wp-json\/wp\/v2\/types\/post"}],"author":[{"embeddable":true,"href":"http:\/\/fmriachuelo.it10.com.ar\/index.php\/wp-json\/wp\/v2\/users\/5"}],"replies":[{"embeddable":true,"href":"http:\/\/fmriachuelo.it10.com.ar\/index.php\/wp-json\/wp\/v2\/comments?post=19583"}],"version-history":[{"count":2,"href":"http:\/\/fmriachuelo.it10.com.ar\/index.php\/wp-json\/wp\/v2\/posts\/19583\/revisions"}],"predecessor-version":[{"id":23119,"href":"http:\/\/fmriachuelo.it10.com.ar\/index.php\/wp-json\/wp\/v2\/posts\/19583\/revisions\/23119"}],"wp:featuredmedia":[{"embeddable":true,"href":"http:\/\/fmriachuelo.it10.com.ar\/index.php\/wp-json\/wp\/v2\/media\/19584"}],"wp:attachment":[{"href":"http:\/\/fmriachuelo.it10.com.ar\/index.php\/wp-json\/wp\/v2\/media?parent=19583"}],"wp:term":[{"taxonomy":"category","embeddable":true,"href":"http:\/\/fmriachuelo.it10.com.ar\/index.php\/wp-json\/wp\/v2\/categories?post=19583"},{"taxonomy":"post_tag","embeddable":true,"href":"http:\/\/fmriachuelo.it10.com.ar\/index.php\/wp-json\/wp\/v2\/tags?post=19583"}],"curies":[{"name":"wp","href":"https:\/\/api.w.org\/{rel}","templated":true}]}}