{"id":19579,"date":"2023-01-06T20:36:16","date_gmt":"2023-01-06T20:36:16","guid":{"rendered":"http:\/\/fmriachuelo.com.ar\/?p=19579"},"modified":"2025-02-26T14:00:06","modified_gmt":"2025-02-26T17:00:06","slug":"entrevista-a-lito-borello-una-mirada-sobre-peru-en-clave-regional","status":"publish","type":"post","link":"http:\/\/fmriachuelo.it10.com.ar\/index.php\/2023\/01\/06\/entrevista-a-lito-borello-una-mirada-sobre-peru-en-clave-regional\/","title":{"rendered":"ENTREVISTA A LITO BORELLO: UNA MIRADA SOBRE PER\u00da EN CLAVE REGIONAL"},"content":{"rendered":"<p><b>[FM Riachuelo, 06\/01\/2023] En el hermano pa\u00eds peruano se vienen levantando protestas populares que exigen la renuncia de la ileg\u00edtima presidenta Dina Boluarte y la convocatoria a una asamblea constituyente como respuesta a la grave crisis de un Estado que hace tiempo no responde ni resuelve la situaci\u00f3n de su pueblo. Desde FM Riachuelo charlamos con Lito Borello, secretario de DDHH de la UTEP y coordinador nacional del Movimiento Popular Los Pibes, con quien profundizamos en la ra\u00edz de este problema que debemos mirar en clave regional, en medio de la situaci\u00f3n que atraviesan tambi\u00e9n Bolivia, Brasil y muchos pa\u00edses de la regi\u00f3n.<\/b><\/p>\n<p><b>FM Riachuelo:<\/b><span style=\"font-weight: 400\"> Luego de la destituci\u00f3n de Castillo en Per\u00fa el pueblo ha salido a las calles, actualmente hay m\u00e1s de 36 cortes en el pa\u00eds hermano exigiendo la renuncia de Boluarte y una reforma constitucional, \u00bfc\u00f3mo est\u00e1s viendo la situaci\u00f3n?<\/span><\/p>\n<p><b>Lito Borello:<\/b><span style=\"font-weight: 400\"> Es una situaci\u00f3n compleja, no es nuevo el proceso que se viene dando en Per\u00fa. Desde que el presidente gan\u00f3 e intent\u00f3 tomar posesi\u00f3n de su cargo, permanentemente ha estado hostigado por el poder f\u00e1ctico, como muchas veces decimos, y por distintas logias que juegan en el Per\u00fa un papel muy fuerte. Esto no ha permitido una consolidaci\u00f3n institucional de ese triunfo y <strong>est\u00e1 claro que en el \u00faltimo tiempo el poder global, expresado en Per\u00fa tambi\u00e9n, avanza hacia deteriorar muy fuerte ese intento ya con un nivel de agresividad, de golpe.<\/strong> Antes habl\u00e1bamos de golpes blandos, pero cada vez los golpes empiezan a tener un formato mucho m\u00e1s violento, mucho m\u00e1s cruento y se vienen con formatos nuevos con un nivel de virulencia y de agresi\u00f3n hacia nuestros pueblos mucho m\u00e1s fuertes. Estamos muy preocupados. Hay un alto nivel de solidaridad y de adhesi\u00f3n en nuestra am\u00e9rica por la pelea del pueblo peruano, pero a la vez hay mucha preocupaci\u00f3n por c\u00f3mo contin\u00faa esto en estos d\u00edas, que no parece que vaya a calmar, sino que la situaci\u00f3n indica todo lo contrario.<strong> Los poderes globales y locales est\u00e1n decididos a que ese gobierno no se consolide.<\/strong><\/span><\/p>\n<p><b>FMR:<\/b><span style=\"font-weight: 400\"> En Brasil la asunci\u00f3n de Lula fue sumamente complicada, hubo un poder real marcando la cancha en todo momento. Una situaci\u00f3n parecida pasa en Bolivia, donde la derecha cruce\u00f1a impide toda acci\u00f3n de gobierno,\u00a0 \u00bfc\u00f3mo ves esto en clave regional?<\/span><\/p>\n<p><b>LB:<\/b><span style=\"font-weight: 400\"> As\u00ed es como hay que poderlo interpretar. <strong>Lo de Per\u00fa no es un hecho aislado, lo de Bolivia no es un hecho aislado y lo de Brasil, que reci\u00e9n acaba de asumir con todo ese fascismo de Bolsonaro que sigue estando presente m\u00e1s all\u00e1 de que \u00e9l se haya ido del pa\u00eds en el momento de la asunci\u00f3n<\/strong>, claramente el bolsonarismo est\u00e1 presente en Brasil y va a jugar un papel de hostigamiento permanente sobre la instalaci\u00f3n del gobierno de Lula. Nosotros lo venimos planteando en el marco de una crisis mundial, de una crisis global, de una crisis civilizatoria, de una crisis integral. <strong>La regi\u00f3n de Am\u00e9rica Latina vive un proceso de recolonizaci\u00f3n por los poderes globales, y en ese marco, esos poderes intentan volver a un saqueo, a una depredaci\u00f3n, a garantizar la dominaci\u00f3n en nuestras tierras a sangre y fuego, a como d\u00e9 lugar.<\/strong> Y m\u00e1s all\u00e1 de algunos formatos m\u00e1s sofisticados, siguen siendo tambi\u00e9n m\u00e1s perversos, siguen siendo profundamente violentos con instrumentos nuevos, donde ya no tan solo la violencia directas la ejercen los militares o las fuerzas armadas o la polic\u00eda, sino tambi\u00e9n el delito organizado, las bandas, el narcotr\u00e1fico, un sin n\u00famero de instrumentos que est\u00e1n en el marco de estas nuevas pol\u00edticas de los modelos de dominaci\u00f3n. Todo esto requiere que nosotros tengamos claramente este an\u00e1lisis m\u00e1s profundo, para entender que m\u00e1s que nunca debemos volver a los postulados de nuestros patriotas, <strong>la necesidad de generar una resistencia continental <\/strong>a estas embestidas que no van a parar y que solamente retomando el camino de un proceso liberador, de un proceso emancipador, de un segundo tiempo, de una segunda etapa de una emancipaci\u00f3n en toda nuestra regi\u00f3n, nos va a encontrar siempre viendo una parte peque\u00f1a de la pel\u00edcula que son nuestras patrias chicas. Las realidades nos incumben a todos y hay que ser muy claros en esto, ya ni siquiera es solidaridad con el pueblo del Per\u00fa o con el de Bolivia, sino es solidaridad con nosotros mismos. <strong>Son nuestras batallas, son nuestras luchas, son nuestras mismas dificultades que si no consolidamos en la regi\u00f3n no vamos a poder tener nuestras patrias libres.<\/strong><\/span><\/p>\n<p><b>FMR:<\/b><span style=\"font-weight: 400\"> Trayendo el tema de Brasil particularmente en el momento del triunfo de Lula los bolsonaristas salieron violentamente a las calles, hubo much\u00edsimos cortes, lo que est\u00e1 pasando en Bolivia con el tema de Camacho que tambi\u00e9n salieron los golpistas a las calles, la derecha tambi\u00e9n se est\u00e1 apropiando de las herramientas que siempre utiliz\u00f3 el pueblo saliendo a las calles, \u00bfc\u00f3mo lo est\u00e1s viendo eso?<\/span><\/p>\n<p><b><img loading=\"lazy\" decoding=\"async\" class=\"size-medium wp-image-19581 alignleft\" src=\"http:\/\/fmriachuelo.it10.com.ar\/wp-content\/uploads\/2023\/01\/WhatsApp-Image-2023-01-07-at-13.40.42-300x200.jpeg\" alt=\"\" width=\"300\" height=\"200\" srcset=\"http:\/\/fmriachuelo.it10.com.ar\/wp-content\/uploads\/2023\/01\/WhatsApp-Image-2023-01-07-at-13.40.42-300x200.jpeg 300w, http:\/\/fmriachuelo.it10.com.ar\/wp-content\/uploads\/2023\/01\/WhatsApp-Image-2023-01-07-at-13.40.42-1024x683.jpeg 1024w, http:\/\/fmriachuelo.it10.com.ar\/wp-content\/uploads\/2023\/01\/WhatsApp-Image-2023-01-07-at-13.40.42-768x512.jpeg 768w, http:\/\/fmriachuelo.it10.com.ar\/wp-content\/uploads\/2023\/01\/WhatsApp-Image-2023-01-07-at-13.40.42-750x500.jpeg 750w, http:\/\/fmriachuelo.it10.com.ar\/wp-content\/uploads\/2023\/01\/WhatsApp-Image-2023-01-07-at-13.40.42.jpeg 1079w\" sizes=\"auto, (max-width: 300px) 100vw, 300px\" \/>LB:<\/b><span style=\"font-weight: 400\"> En los nuevos modos en estas guerras integrales la derecha tambi\u00e9n gana las calles, tambi\u00e9n tienen grupos violentos paramilitares o de civiles,<strong> la derecha pone dinero en el narcotr\u00e1fico y en el delito organizado para romper el tejido social y desmembrar a nuestros territorios a nuestras barriadas.<\/strong> Estas pol\u00edticas son las que requieren de mucha unidad y de construcci\u00f3n de poder popular. No alcanza con las institucionalidades, <strong>no alcanza en algunas elecciones ganarle<\/strong> a algunas expresiones del neoliberalismo o del liberalismo m\u00e1s rancio de la peor derecha, <strong>si no se tiene despu\u00e9s para acompa\u00f1ar esos triunfos electorales, un pueblo organizado, organizaci\u00f3n popular, poder popular y tener claro que el sujeto social que sigue siendo el sujeto pol\u00edtico que puede garantizar un proceso revolucionario como es necesario son los trabajadores.<\/strong> Cuando no est\u00e1n los trabajadores en el centro, es muy dif\u00edcil imaginar esas pol\u00edticas profesionales que solo se quedan en los grandes salones de la democracia institucional creer que vamos a vencer las pretensiones del imperialismo, las pretensiones del capitalismo, las pretensiones de un poder global que est\u00e1 dispuesto a cualquier cosa para seguir garantizando sus privilegios.<\/span><\/p>\n<p><b>FMR:<\/b><span style=\"font-weight: 400\"> Argentina tambi\u00e9n est\u00e1 inmersa en esta realidad de la regi\u00f3n. \u00bfDe qu\u00e9 manera nos afecta a nosotros?<\/span><\/p>\n<p><b>LB:<\/b><span style=\"font-weight: 400\"> Lamentablemente nosotros a tres a\u00f1os vista de haber conquistado poder haber echarlo a Macri,\u00a0 en el plano electoral eso se logr\u00f3 con una alquimia, con una f\u00f3rmula de tres grandes sectores y a tres a\u00f1os est\u00e1 claro que son muy pocas las perspectivas que se han logrado impulsar en el sentido nacional, popular y que vayan en contra de las asimetr\u00edas que generan los poderosos. Las empresas, los grupos de poder, los grandes medios comunicacionales digamos, <strong>toda esa artiller\u00eda que hoy tiene el poder global, si no se la enfrenta desde otro lugar y se cree que solamente se la puede enfrentar desde una correlaci\u00f3n de fuerza de una arquitectura parlamentaria nos quedamos a mitad de camino.<\/strong> Vemos como gobiernos que llegan con discursos progresistas y que rozan muchas de las banderas nacionales y populares, despu\u00e9s en la implementaci\u00f3n concreta, en estas democracias cada vez m\u00e1s acorcetadas, en estas democracias que ya est\u00e1n muy lejos de poder brindar justicia social, <strong>en estas democracias es donde est\u00e1 roto el contrato de derecho y donde ya no somos iguales ante la ley, si no se profundizan terminan siendo un retroceso<\/strong>. Este debate atraviesa todo el campo popular. Este debate a meses de que se cumplan cuarenta a\u00f1os de democracia, <strong>nos obliga a repensar si estas democracias son las que pueden permitir realmente que nuestros pueblos sean felices y nuestras patrias realmente puedan ser soberanas.<\/strong> Sino, tenemos que empezar a encontrar un proceso de <strong>profundizaci\u00f3n de democracias mucho m\u00e1s protag\u00f3nicas, mucho m\u00e1s participativas y un proceso de refundaci\u00f3n de la Naci\u00f3n a trav\u00e9s de una asamblea constituyente y de pensar un estado al servicio de un proceso revolucionario.\u00a0<\/strong> Con estos retoques cosm\u00e9ticos, que muchas veces nos viene dando este gobierno nacional est\u00e1 claro que no vamos a poder parar la embestida de aquellos adoradores del dios dinero donde solamente piensan en ellos.<\/span><\/p>\n<p><b>FMR:<\/b><span style=\"font-weight: 400\"> El a\u00f1o que pas\u00f3 fue bastante dif\u00edcil para los movimientos populares, desde los allanamientos, las persecuciones, el ajuste que hemos sufrido y justo hace unos d\u00edas sali\u00f3 la noticia de la condonaci\u00f3n de la deuda de 220 mil millones de pesos para EDENOR y EDESUR, demostrando cu\u00e1les son los intereses que defiende el estado, que sigue apostando a los sectores concentrados de la econom\u00eda y siguen recortando desde abajo. \u00bfCu\u00e1les crees que son nuestros desaf\u00edos para este nuevo a\u00f1o?<\/span><\/p>\n<p><b>LB:<\/b><span style=\"font-weight: 400\"> Hemos vivido estas \u00faltimas fiestas de fin de a\u00f1o con angustia, con preocupaci\u00f3n viendo esto que ustedes plantean claramente. <strong>El gobierno sigue siendo muy d\u00f3cil a las embestidas de los poderosos y sigue creyendo que aunque tengan un discurso distinto despu\u00e9s termina apretando por el eslab\u00f3n m\u00e1s d\u00e9bil, los trabajadores, los movimientos populares.<\/strong> La verdad es que nos deja con una fuerte preocupaci\u00f3n. Ahora entramos en un a\u00f1o electoral, la campa\u00f1a multimedi\u00e1tica logra obnubilarnos la vista con la zanahoria electoral, como si todo se fuera a resolver \u00fanicamente a partir de elegir una mejor o peor lista. Est\u00e1 claro que ni los nombres de los ministros, ni los\u00a0 nombres salvadores van a podernos crear o permitir construir <strong>la capacidad de un pueblo organizado, que tiene que pelear contra un poder voraz, que en el mundo est\u00e1 en crisis pero, que est\u00e1 dispuesto a cualquier cosa para venir por nuestras patrias para saquearlas.<\/strong> Por eso hablamos de un proceso de recolonizaci\u00f3n. As\u00ed como hace varios cientos de a\u00f1os ven\u00edan por nuestras riquezas, hoy en el marco de la pelea mundial de los poderosos van a venir a nuestras tierras por nuestras aguas, por nuestro petr\u00f3leo, por nuestra energ\u00eda, por nuestra biodiversidad, por nuestro lugar geopol\u00edticamente de car\u00e1cter estrat\u00e9gico. <strong>Si los pueblos no nos organizamos, si los pueblos no nos ganamos el nivel de conciencia capaz de organizarnos para construir un proceso revolucionario y una segunda etapa emancipatoria lamentablemente nuestras descendencias no tendr\u00e1n destino.<\/strong> Los pueblos hoy est\u00e1n caminando. Los pueblos independientemente de sus dirigencias vienen haciendo cosas, venimos con mucha alegr\u00eda de haber pasado el momento m\u00e1s complejo que fue la pandemia a partir de los mejores valores de nuestros sectores m\u00e1s humildes, de nuestro pueblo humilde y trabajador, <strong>del subsuelo de la patria sublevada, desde ah\u00ed surgi\u00f3 el amor, la fraternidad, las construcciones comunitarias que nos ayudaron a transitar nada menos que la pandemia.<\/strong> El debate ahora est\u00e1 si nos podemos poner a la altura de las circunstancias, a la altura de los desaf\u00edos que tenemos por delante, <strong>organizarnos y generar la mayor unidad posible de todos los trabajadores, los que tienen patr\u00f3n, los que no tenemos patr\u00f3n, los que son del estado, los que son privados. Seguimos siendo los trabajadores la columna vertebral y la cabeza de cualquier proceso revolucionario que pueda encarar una patria justa, libre y soberana.<\/strong><\/span><\/p>\n<p><span style=\"font-weight: 400\">\u00a0\u00a0\u00a0\u00a0\u00a0<\/span><\/p>\n","protected":false},"excerpt":{"rendered":"<p>[FM Riachuelo, 06\/01\/2023] En el hermano pa\u00eds peruano se vienen levantando protestas populares que exigen la renuncia de la ileg\u00edtima presidenta Dina Boluarte y la convocatoria a una asamblea constituyente como respuesta a la grave crisis de un Estado que hace tiempo no responde ni resuelve la situaci\u00f3n de su pueblo. Desde FM Riachuelo charlamos [&hellip;]<\/p>\n","protected":false},"author":5,"featured_media":19580,"comment_status":"closed","ping_status":"closed","sticky":false,"template":"","format":"standard","meta":{"_monsterinsights_skip_tracking":false,"_monsterinsights_sitenote_active":false,"_monsterinsights_sitenote_note":"","_monsterinsights_sitenote_category":0,"jnews-multi-image_gallery":[],"jnews_single_post":{"format":"standard"},"jnews_primary_category":[],"_joinchat":[],"footnotes":""},"categories":[63],"tags":[70,72],"class_list":["post-19579","post","type-post","status-publish","format-standard","has-post-thumbnail","hentry","category-entrevista-riachuelo","tag-de-la-patria-grande","tag-historia-de-la-lucha-de-los-pueblos"],"_links":{"self":[{"href":"http:\/\/fmriachuelo.it10.com.ar\/index.php\/wp-json\/wp\/v2\/posts\/19579","targetHints":{"allow":["GET"]}}],"collection":[{"href":"http:\/\/fmriachuelo.it10.com.ar\/index.php\/wp-json\/wp\/v2\/posts"}],"about":[{"href":"http:\/\/fmriachuelo.it10.com.ar\/index.php\/wp-json\/wp\/v2\/types\/post"}],"author":[{"embeddable":true,"href":"http:\/\/fmriachuelo.it10.com.ar\/index.php\/wp-json\/wp\/v2\/users\/5"}],"replies":[{"embeddable":true,"href":"http:\/\/fmriachuelo.it10.com.ar\/index.php\/wp-json\/wp\/v2\/comments?post=19579"}],"version-history":[{"count":1,"href":"http:\/\/fmriachuelo.it10.com.ar\/index.php\/wp-json\/wp\/v2\/posts\/19579\/revisions"}],"predecessor-version":[{"id":23107,"href":"http:\/\/fmriachuelo.it10.com.ar\/index.php\/wp-json\/wp\/v2\/posts\/19579\/revisions\/23107"}],"wp:featuredmedia":[{"embeddable":true,"href":"http:\/\/fmriachuelo.it10.com.ar\/index.php\/wp-json\/wp\/v2\/media\/19580"}],"wp:attachment":[{"href":"http:\/\/fmriachuelo.it10.com.ar\/index.php\/wp-json\/wp\/v2\/media?parent=19579"}],"wp:term":[{"taxonomy":"category","embeddable":true,"href":"http:\/\/fmriachuelo.it10.com.ar\/index.php\/wp-json\/wp\/v2\/categories?post=19579"},{"taxonomy":"post_tag","embeddable":true,"href":"http:\/\/fmriachuelo.it10.com.ar\/index.php\/wp-json\/wp\/v2\/tags?post=19579"}],"curies":[{"name":"wp","href":"https:\/\/api.w.org\/{rel}","templated":true}]}}