{"id":195,"date":"2015-07-31T02:26:00","date_gmt":"2015-07-31T02:26:00","guid":{"rendered":"http:\/\/fmriachuelo.observatorioess.org.ar\/index.php\/2015\/07\/31\/colombia-mineria-extractivismo-y-empobrecimiento\/"},"modified":"2025-05-06T11:56:58","modified_gmt":"2025-05-06T14:56:58","slug":"colombia-mineria-extractivismo-y-empobrecimiento","status":"publish","type":"post","link":"http:\/\/fmriachuelo.it10.com.ar\/index.php\/2015\/07\/31\/colombia-mineria-extractivismo-y-empobrecimiento\/","title":{"rendered":"COLOMBIA: MINER\u00cdA, EXTRACTIVISMO Y EMPOBRECIMIENTO"},"content":{"rendered":"<p><span style=\"color: red;font-family: Verdana, sans-serif;font-size: large\"><b>LAS CUENTAS NO DAN<\/b><\/span><br \/><span style=\"font-family: Verdana, sans-serif\">LA MINER\u00cdA NO ES UN NEGOCIO PARA COLOMBIA<\/span><\/p>\n<div style=\"clear: both;text-align: center\"><a href=\"http:\/\/3.bp.blogspot.com\/-xh02lUt5MIs\/VbrcF_-I06I\/AAAAAAAAFrk\/xcQuAxLb8yM\/s1600\/no%2Ba%2Bla%2Bmina.jpg\" style=\"clear: left;float: left;margin-bottom: 1em;margin-right: 1em\"><span style=\"font-family: Verdana, sans-serif\"><img loading=\"lazy\" decoding=\"async\" border=\"0\" height=\"150\" src=\"http:\/\/3.bp.blogspot.com\/-xh02lUt5MIs\/VbrcF_-I06I\/AAAAAAAAFrk\/xcQuAxLb8yM\/s200\/no%2Ba%2Bla%2Bmina.jpg\" width=\"200\" \/><\/span><\/a><\/div>\n<div style=\"text-align: justify\"><span style=\"font-family: Verdana, sans-serif\">El gobierno de Juan Manuel Santos ha vendido a la opini\u00f3n p\u00fablica nacional e internacional que uno de los polos econ\u00f3micos de desarrollo del pa\u00eds es la MINERIA. En su plan de desarrollo, la miner\u00eda es una de las \u201clocomotoras\u201d; sobre esa base el pa\u00eds le da en concesi\u00f3n a las multinacionales para que exploren, y si encuentran minerales o hidrocarburos los extraigan y se los lleven en su totalidad sin dejarle ganancias a la naci\u00f3n acorde con la riqueza que hay en el subsuelo. <\/span><br \/><a name='more'><\/a><span style=\"font-family: Verdana, sans-serif\">El PIB minero representa, del PIB total, solamente el 2,3% y el 7.7% teniendo en cuenta los hidrocarburos.&nbsp;<\/span><br \/><span style=\"font-family: Verdana, sans-serif\">Cabe preguntar: \u00bfy por el 7.7% del producto interno bruto del pa\u00eds le entregamos el 49% de nuestro territorio para que las multinacionales horaden la tierra, desaparezcan colinas, desv\u00eden r\u00edos y acaben con el medio ambiente?<br \/>En el 2012 la miner\u00eda le aport\u00f3 al PIB total 36.112 miles de millones de pesos.[i]<\/span><br \/><span style=\"font-family: Verdana, sans-serif\">O las cifras est\u00e1n mal o las multinacionales le esconden al Estado lo que verdaderamente extraen de: Oro, Plata, Platino, Colt\u00e1n, Carb\u00f3n, Petr\u00f3leo y Esmeraldas entre otros.<br \/>Seg\u00fan un art\u00edculo editado en el peri\u00f3dico El Tiempo, que cita como fuente el estudio de la Contralor\u00eda con el t\u00edtulo \u201cMiner\u00eda en Colombia\u201d del a\u00f1o 2013, en cinco a\u00f1os las empresas mineras pagaron como promedio 878 mil millones de pesos anuales por concepto del impuesto a la renta, mientras que tuvieron deducciones, descuentos y exenciones que representaron un gasto tributario para el f\u00edsco de 1,78 billones de pesos. M\u00e1s adelante se explica que \u201cpor cada 100 pesos efectivamente pagado por este concepto, las empresas mineras tuvieron descuentos que terminaron representando p\u00e9rdidas para el Estado de m\u00e1s de 200 pesos\u201d.<br \/>En s\u00edntesis se puede afirmar que, en t\u00e9rminos generales, la miner\u00eda no solamente no produce ganancias al estado colombiano, sino que adem\u00e1s genera p\u00e9rdidas.[ii]<br \/>Tradicionalmente Colombia ha sido un pa\u00eds con vocaci\u00f3n agr\u00edcola. En 1990 este sector representaba el 16,7 % del PIB total y la fuerza de trabajo empleada era el 26 % del total nacional. Haciendo una comparaci\u00f3n con el a\u00f1o 2013, resulta evidente que la ca\u00edda de producci\u00f3n ha sido vertical y el porcentaje del PIB agr\u00edcola se ha reducido en un 6,1% con respecto al PIB total. Los trabajadores ahora empleados son el 16,9% del total.[iii] La Agricultura, Ganader\u00eda, Caza, Pesca y Silvicultura generaron 29.114 miles de millones de pesos. [iv]<br \/>La mano de obra empleada en el sector minero, incluido hidrocarburos, genera el 0,96% del total, con 202 mil personas.[v] Si se calcula el empleo directo en la gran miner\u00eda, ser\u00edan unos 15.000 trabajadores sobre un total aproximado de 21,5 millones de personas empleadas en todos los dem\u00e1s sectores.[vi]<br \/>La agricultura ha sido deprimida por los TLC, que ha sumido a los agricultores en una crisis muy profunda generando movilizaciones, paros y huelgas que todav\u00eda no se han resuelto. Las importaciones de alimentos se han multiplicado, llegando a diez millones de toneladas. Estas llevaron a una quiebra total a los productores campesinos. Seg\u00fan una encuesta del Dane publicada en junio el a\u00f1o 2015, el 27% de los v\u00edveres consumidos en Colombia son for\u00e1neos.[vii]<br \/>Se puede concluir que si se desarrolla la agricultura, la ganader\u00eda, la pesca y la silvicultura no se necesitar\u00edan importar tantos alimentos y al mismo tiempo no se entregar\u00eda el pa\u00eds a las multinacionales para que acaben con el medio ambiente.<br \/>La miner\u00eda no genera encadenamiento productivo, la tecnolog\u00eda que se usa es muy avanzada, y esta impide que se ocupe mano de obra en la producci\u00f3n. Si no hay trabajadores que consuman, no se desarrollan otras ramas de la econom\u00eda como las confecciones, la textil, los restaurantes, cafeter\u00edas, las bebidas, autopartes, venta de carros y otros.<br \/>La agricultura ocupa mano de obra y genera encadenamiento productivo en otros sectores econ\u00f3micos, desarrollando el comercio, transporte, manufacturas y peque\u00f1as industrias. Por lo tanto, si la producci\u00f3n de alimento aumentara solamente un 2% del PIB total, se crear\u00eda tambi\u00e9n un mercado interno que generar\u00eda un crecimiento econ\u00f3mico superior al PIB minero (sin hidrocarburo).<br \/>La agricultura no deteriora el medio ambiente, todo lo contrario, se conserva el agua, el aire, la tierra, ayudando a conservar el planeta. En cambio la miner\u00eda acaba con todo, la tierra queda des\u00e9rtica, los qu\u00edmicos envenenan el agua y el aire; el ser humano contrae enfermedades cr\u00f3nicas de las v\u00edas respiratorias, el sistema digestivo, el sistema nervioso llegando a producir la muerte.<br \/>Por lo anterior es m\u00e1s rentable para el pueblo colombiano una pol\u00edtica hacia el desarrollo en el sector rural que seguir entregando nuestro territorio a las multinacionales para que extraigan los minerales que les generan ganancias millonarias y ning\u00fan beneficio para los colombianos.<br \/><span style=\"font-size: x-small\">[i] \u201cAnuario Estad\u00edstico Minero 2007-2012\u201d, MINISTERIO DE MINAS Y ENERG\u00cdA, Bogot\u00e1 2013.<br \/>[ii] \u201cMineras pagan bajos impuestos y reciben millonarios beneficios\u201d, 6 de mayo de 2013,  <br \/>[iii] \u201cREVISI\u00d3N DE LA OCDE DE LAS POL\u00cdTICAS AGR\u00cdCOLAS: COLOMBIA 2015\u201d OECD 2015.<br \/>[iv] \u201cAnuario Estad\u00edstico Minero 2007-2012\u201d, MINISTERIO DE MINAS Y ENERG\u00cdA, Bogot\u00e1 2013.<br \/>[v] \u201cINDICADORES DE LA MINER\u00cdA EN COLOMBIA\u201d, Unidad de Planeaci\u00f3n Minero Energ\u00e9tica, Bogot\u00e1 2014.<br \/>[vi] \u00abLA RENTA MINERA Y EL PLAN DE DESARROLLO 2010 \u2013 2014\u00bb Camilo Gonz\u00e1lez Posso, Bogot\u00e1 D.C. Febrero de 2011, p\u00e1gina 32.<br \/>[vii] \u00ab27% de v\u00edveres consumidos son for\u00e1neos Colombia come cada vez m\u00e1s alimentos importados\u00bb,23 de Junio 2015, ELESPECTADOR.COM<\/span><\/span><\/p>\n<div style=\"text-align: left\"><span style=\"font-family: Verdana, sans-serif\"><b><span style=\"color: #0b5394;font-size: x-small\">AGENCIA DE NOTICIAS NUEVA COLOMBIA-NOALAMINERIA .ORG\/PRODUCCI\u00d3N RIACHUELO<\/span><\/b><\/span><\/div>\n<\/div>\n","protected":false},"excerpt":{"rendered":"<p>LAS CUENTAS NO DANLA MINER\u00cdA NO ES UN NEGOCIO PARA COLOMBIA El gobierno de Juan Manuel Santos ha vendido a la opini\u00f3n p\u00fablica nacional e internacional que uno de los polos econ\u00f3micos de desarrollo del pa\u00eds es la MINERIA. En su plan de desarrollo, la miner\u00eda es una de las \u201clocomotoras\u201d; sobre esa base el [&hellip;]<\/p>\n","protected":false},"author":4,"featured_media":0,"comment_status":"open","ping_status":"open","sticky":false,"template":"","format":"standard","meta":{"_monsterinsights_skip_tracking":false,"_monsterinsights_sitenote_active":false,"_monsterinsights_sitenote_note":"","_monsterinsights_sitenote_category":0,"jnews-multi-image_gallery":[],"jnews_single_post":{"format":"standard"},"jnews_primary_category":[],"_joinchat":[],"footnotes":""},"categories":[58],"tags":[70,71,147],"class_list":["post-195","post","type-post","status-publish","format-standard","hentry","category-noticiariachuelo","tag-de-la-patria-grande","tag-de-la-tierra","tag-habitat"],"_links":{"self":[{"href":"http:\/\/fmriachuelo.it10.com.ar\/index.php\/wp-json\/wp\/v2\/posts\/195","targetHints":{"allow":["GET"]}}],"collection":[{"href":"http:\/\/fmriachuelo.it10.com.ar\/index.php\/wp-json\/wp\/v2\/posts"}],"about":[{"href":"http:\/\/fmriachuelo.it10.com.ar\/index.php\/wp-json\/wp\/v2\/types\/post"}],"author":[{"embeddable":true,"href":"http:\/\/fmriachuelo.it10.com.ar\/index.php\/wp-json\/wp\/v2\/users\/4"}],"replies":[{"embeddable":true,"href":"http:\/\/fmriachuelo.it10.com.ar\/index.php\/wp-json\/wp\/v2\/comments?post=195"}],"version-history":[{"count":1,"href":"http:\/\/fmriachuelo.it10.com.ar\/index.php\/wp-json\/wp\/v2\/posts\/195\/revisions"}],"predecessor-version":[{"id":23838,"href":"http:\/\/fmriachuelo.it10.com.ar\/index.php\/wp-json\/wp\/v2\/posts\/195\/revisions\/23838"}],"wp:attachment":[{"href":"http:\/\/fmriachuelo.it10.com.ar\/index.php\/wp-json\/wp\/v2\/media?parent=195"}],"wp:term":[{"taxonomy":"category","embeddable":true,"href":"http:\/\/fmriachuelo.it10.com.ar\/index.php\/wp-json\/wp\/v2\/categories?post=195"},{"taxonomy":"post_tag","embeddable":true,"href":"http:\/\/fmriachuelo.it10.com.ar\/index.php\/wp-json\/wp\/v2\/tags?post=195"}],"curies":[{"name":"wp","href":"https:\/\/api.w.org\/{rel}","templated":true}]}}