{"id":194,"date":"2015-07-31T02:35:00","date_gmt":"2015-07-31T02:35:00","guid":{"rendered":"http:\/\/fmriachuelo.observatorioess.org.ar\/index.php\/2015\/07\/31\/buenos-aires-conflicto-en-la-linea-60-de-transporte-automotor\/"},"modified":"2025-05-06T11:59:45","modified_gmt":"2025-05-06T14:59:45","slug":"buenos-aires-conflicto-en-la-linea-60-de-transporte-automotor","status":"publish","type":"post","link":"http:\/\/fmriachuelo.it10.com.ar\/index.php\/2015\/07\/31\/buenos-aires-conflicto-en-la-linea-60-de-transporte-automotor\/","title":{"rendered":"BUENOS AIRES: CONFLICTO EN LA LINEA 60 DE TRANSPORTE AUTOMOTOR"},"content":{"rendered":"<p><span style=\"font-family: Verdana, sans-serif\"><span style=\"color: red;font-size: large\"><b>RESPONSABILIDAD PATRONAL<\/b><\/span><\/span><br \/><span style=\"font-family: Verdana, sans-serif\">L\u00cdNEA 60: SALEN MICROS MANEJADOS POR LOS CHOFERES EN CONFLICTO<\/span><a href=\"http:\/\/2.bp.blogspot.com\/-ByxSRPn96zg\/VbrdusHvaII\/AAAAAAAAFr0\/v9JQhFkuZkw\/s1600\/60.jpg\" style=\"clear: left;float: left;margin-bottom: 1em;margin-right: 1em\"><img loading=\"lazy\" decoding=\"async\" border=\"0\" height=\"131\" src=\"http:\/\/2.bp.blogspot.com\/-ByxSRPn96zg\/VbrdusHvaII\/AAAAAAAAFr0\/v9JQhFkuZkw\/s200\/60.jpg\" width=\"200\" \/><\/a><br \/><span style=\"font-family: Verdana, sans-serif;text-align: justify\">Un paso adelante de los trabajadores que rompe el lock out empresario. Luego de la acci\u00f3n obrera en la Autopista Panamericana y mientras contin\u00faan las negociaciones en el Ministerio de Trabajo de la Naci\u00f3n, comenzaron a salir micros desde la cabecera Constituci\u00f3n. Los mismos son manejados por choferes en conflicto, algunos de ellos parte de la n\u00f3mina de despedidos. Mientras tanto en cada corte se refuerza la militarizaci\u00f3n del conflicto y el avance de las fuerzas de seguridad represivas contra los trabajadores.<\/span><br \/><a name='more'><\/a><\/p>\n<div style=\"text-align: justify\"><span style=\"font-family: Verdana\"><\/span><span style=\"font-family: Verdana, sans-serif\">El conflicto de la L\u00ednea 60 lleva ya 16 d\u00edas. En el d\u00eda de ayer la jueza Servini de Cubria hab\u00eda dispuesto la liberaci\u00f3n de la restricci\u00f3n para la salida de las unidades, pero en la misma resoluci\u00f3n impon\u00eda el cobro de boleto.<\/span><\/div>\n<div style=\"text-align: justify\"><span style=\"font-family: Verdana, sans-serif\">Como no hab\u00eda respuesta a la cuesti\u00f3n de fondo, los despidos y salarios ca\u00eddos, los trabajadores hab\u00edan votado prestar servicio pero manteniendo el no cobro de boletos. Adem\u00e1s, un corte en la Panamericana.<br \/>Hoy desde las 8 hs se realiz\u00f3 el corte parcial de la autopista, que motiv\u00f3 una convocatoria a una reuni\u00f3n en el Ministerio de Trabajo de la Naci\u00f3n.<\/span><br \/><span style=\"font-family: Verdana, sans-serif\">Pero tambi\u00e9n como resultado de la continuidad del plan de lucha, en estos momentos est\u00e1n comenzando a salir unidades de la cabecera de Plaza Constituci\u00f3n. Los mismos son manejados por trabajadores en conflicto, e incluso algunos de los que hab\u00edan sido despedidos.<br \/>Esto significa para los trabajadores un primer avance: rompen el lock out de la empresa. Sin embargo, se mantiene la negociaci\u00f3n que hasta el momento se ha chocado con una dura posici\u00f3n de la empresa, garantizada por el gobierno tanto por el Ministerio de Trabajo como la Gendamer\u00eda Nacional.<br \/>Los delegados, tal como fue votado en asamblea, exigen la reincorporaci\u00f3n de los despedidos y la satisfacci\u00f3n del resto de las demandas.<\/span><\/p>\n<div style=\"text-align: justify\"><span style=\"font-family: Verdana, sans-serif\"><b><span style=\"font-size: x-small\">Para tomar contacto con los delegados comunicarse a los siguientes tel\u00e9fonos:<\/span><\/b><\/span><\/div>\n<p><span style=\"font-family: Verdana, sans-serif;font-size: x-small\"><b> Esteban Simonetta, 11 6479-7500<br \/> Santiago Menconi, 11 3041-2626<br \/> Iv\u00e1n Iza, 11 6857-2324<br \/> N\u00e9stor Marcol\u00edn, 11 6480-0700<\/b><\/span><br \/><span style=\"font-family: Verdana, sans-serif\"><b><span style=\"color: #0b5394;font-size: x-small\">LA IZQUIERDA DIARIO\/PRODUCCI\u00d3N RIACHUELO<\/span><\/b><\/span><\/div>\n","protected":false},"excerpt":{"rendered":"<p>RESPONSABILIDAD PATRONALL\u00cdNEA 60: SALEN MICROS MANEJADOS POR LOS CHOFERES EN CONFLICTOUn paso adelante de los trabajadores que rompe el lock out empresario. Luego de la acci\u00f3n obrera en la Autopista Panamericana y mientras contin\u00faan las negociaciones en el Ministerio de Trabajo de la Naci\u00f3n, comenzaron a salir micros desde la cabecera Constituci\u00f3n. Los mismos son [&hellip;]<\/p>\n","protected":false},"author":4,"featured_media":0,"comment_status":"open","ping_status":"open","sticky":false,"template":"","format":"standard","meta":{"_monsterinsights_skip_tracking":false,"_monsterinsights_sitenote_active":false,"_monsterinsights_sitenote_note":"","_monsterinsights_sitenote_category":0,"jnews-multi-image_gallery":[],"jnews_single_post":{"format":"standard"},"jnews_primary_category":[],"_joinchat":[],"footnotes":""},"categories":[58],"tags":[68,148],"class_list":["post-194","post","type-post","status-publish","format-standard","hentry","category-noticiariachuelo","tag-de-los-trabajadores","tag-trabajo"],"_links":{"self":[{"href":"http:\/\/fmriachuelo.it10.com.ar\/index.php\/wp-json\/wp\/v2\/posts\/194","targetHints":{"allow":["GET"]}}],"collection":[{"href":"http:\/\/fmriachuelo.it10.com.ar\/index.php\/wp-json\/wp\/v2\/posts"}],"about":[{"href":"http:\/\/fmriachuelo.it10.com.ar\/index.php\/wp-json\/wp\/v2\/types\/post"}],"author":[{"embeddable":true,"href":"http:\/\/fmriachuelo.it10.com.ar\/index.php\/wp-json\/wp\/v2\/users\/4"}],"replies":[{"embeddable":true,"href":"http:\/\/fmriachuelo.it10.com.ar\/index.php\/wp-json\/wp\/v2\/comments?post=194"}],"version-history":[{"count":1,"href":"http:\/\/fmriachuelo.it10.com.ar\/index.php\/wp-json\/wp\/v2\/posts\/194\/revisions"}],"predecessor-version":[{"id":23839,"href":"http:\/\/fmriachuelo.it10.com.ar\/index.php\/wp-json\/wp\/v2\/posts\/194\/revisions\/23839"}],"wp:attachment":[{"href":"http:\/\/fmriachuelo.it10.com.ar\/index.php\/wp-json\/wp\/v2\/media?parent=194"}],"wp:term":[{"taxonomy":"category","embeddable":true,"href":"http:\/\/fmriachuelo.it10.com.ar\/index.php\/wp-json\/wp\/v2\/categories?post=194"},{"taxonomy":"post_tag","embeddable":true,"href":"http:\/\/fmriachuelo.it10.com.ar\/index.php\/wp-json\/wp\/v2\/tags?post=194"}],"curies":[{"name":"wp","href":"https:\/\/api.w.org\/{rel}","templated":true}]}}