{"id":1926,"date":"2016-05-27T02:04:05","date_gmt":"2016-05-27T02:04:05","guid":{"rendered":"http:\/\/fmriachuelo.com.ar\/ljkjklj\/?p=1926"},"modified":"2016-05-27T02:04:05","modified_gmt":"2016-05-27T02:04:05","slug":"antena-negra-tv-una-nueva-acusacion","status":"publish","type":"post","link":"http:\/\/fmriachuelo.it10.com.ar\/index.php\/2016\/05\/27\/antena-negra-tv-una-nueva-acusacion\/","title":{"rendered":"ANTENA NEGRA TV: UNA NUEVA ACUSACI\u00d3N"},"content":{"rendered":"<p><img loading=\"lazy\" decoding=\"async\" class=\"size-thumbnail wp-image-1927 alignleft\" src=\"http:\/\/fmriachuelo.com.ar\/ljkjklj\/wp-content\/uploads\/2016\/05\/antena-150x150.jpg\" alt=\"antena\" width=\"150\" height=\"150\" \/><\/p>\n<p class=\"x_MsoNormal\">\n<p style=\"text-align: justify\">#AntenaNegraTVNoSeApaga<\/p>\n<p style=\"text-align: justify\">La semana pasada el canal de televisi\u00f3n Antena Negra TV fue extorsionado debiendo decidir entre salir del aire o correr el riesgo de que la persona imputada vaya a la c\u00e1rcel \u00a0por la causa iniciada por Prosegur. Hoy la Justicia, apoyada por el Ente Nacional de Comunicaciones (Enacom), realiza un nuevo avance represivo imputando a una nueva persona del canal bajo el delito de Interferencia de las Comunicaciones.<\/p>\n<p style=\"text-align: justify\">El pasado martes por la tarde, Antena Negra TV tom\u00f3 conocimiento de esta nueva orden impartida por el juez Mart\u00ednez De Giorgi en la que se cita a indagatoria a una nueva compa\u00f1era. Esta declaraci\u00f3n ser\u00e1 el d\u00eda 7 de junio pr\u00f3ximo, a las 9:30 horas en Comodoro Py.<\/p>\n<p style=\"text-align: justify\">De la misma manera que act\u00fao AFSCA y AFTIC, el nuevo organismo que regula la comunicaci\u00f3n -Enacom- colabor\u00f3 en la investigaci\u00f3n permitiendo el avance de la causa hacia la nueva criminalizaci\u00f3n de la comunicaci\u00f3n popular. En contraposici\u00f3n Heber Mart\u00ednez (uno de los directores del ente) reiter\u00f3 varias veces en \u00a0reuni\u00f3n con lxs trabajadorxs el canal, que no estaban interviniendo en la causa. As\u00ed tambi\u00e9n lo hizo Miguel De Godoy por v\u00eda telef\u00f3nica.<\/p>\n<p style=\"text-align: justify\">\u00a0<!--more--><\/p>\n<p style=\"text-align: justify\">La evidencia de esta mentira de los funcionarios del Enacom, es el propio\u00a0expediente\u00a0donde figura la intervenci\u00f3n del\u00a0organismo en cuatro oportunidades (21\/12\/2015; 14\/01\/2016; 20\/04\/2016 y 10\/05\/2016). En cada una de ellas el ente present\u00f3 actas en las que declara que Antena Negra TV interfiere la se\u00f1al del canal 20 de la Televisi\u00f3n Digital Abierta (TDA) como si no se hablara de un canal de televisi\u00f3n (para los cuales dicha frecuencia est\u00e1 destinada) y desconociendo el uso ilegal que hace de la misma Prosegur.<\/p>\n<p style=\"text-align: justify\">Una vez m\u00e1s el Estado, por medio de sus organismos, prioriza los negocios de una empresa privada, en este caso Prosegur, por sobre el derecho a la libertad de expresi\u00f3n. Desde que comenz\u00f3 el conflicto, los distintos gobiernos que administraron el Estado se ocuparon de que Antena Negra TV deje de salir al aire. Denunciamos a las autoridades de Enacom por ser c\u00f3mplices de Prosegur y le exigimos la inmediata intervenci\u00f3n para que el canal de televisi\u00f3n pueda volver al aire.<\/p>\n<p style=\"text-align: justify\">Exigimos que se retire de inmediato la causa penal y se resuelva el conflicto por v\u00edas administrativas, dejando as\u00ed de tener el peligro inminente de una persona presa por hacer comunicaci\u00f3n comunitaria, alternativa y popular. Queremos la resoluci\u00f3n de esta disputa, por lo tanto tambi\u00e9n exigimos al Enacom que encuentre una figura legal que nos permita poder seguir transmitiendo y dejar de estar en un estado de vulnerabilidad permanente y en peligro de allanamiento constante.<\/p>\n<p style=\"text-align: justify\">\u00a1Basta de seguir beneficiando a las empresas privadas por sobre el campo popular!<\/p>\n<p style=\"text-align: justify\">\u00a1Basta de hacer de la comunicaci\u00f3n un negocio y una mercanc\u00eda!<\/p>\n<div><\/div>\n<div><\/div>\n","protected":false},"excerpt":{"rendered":"<p>#AntenaNegraTVNoSeApaga La semana pasada el canal de televisi\u00f3n Antena Negra TV fue extorsionado debiendo decidir entre salir del aire o correr el riesgo de que la persona imputada vaya a la c\u00e1rcel \u00a0por la causa iniciada por Prosegur. Hoy la Justicia, apoyada por el Ente Nacional de Comunicaciones (Enacom), realiza un nuevo avance represivo imputando [&hellip;]<\/p>\n","protected":false},"author":4,"featured_media":1927,"comment_status":"open","ping_status":"open","sticky":false,"template":"","format":"standard","meta":{"_monsterinsights_skip_tracking":false,"_monsterinsights_sitenote_active":false,"_monsterinsights_sitenote_note":"","_monsterinsights_sitenote_category":0,"jnews-multi-image_gallery":[],"jnews_single_post":[],"jnews_primary_category":[],"_joinchat":[],"footnotes":""},"categories":[1],"tags":[],"class_list":["post-1926","post","type-post","status-publish","format-standard","has-post-thumbnail","hentry","category-habitat"],"_links":{"self":[{"href":"http:\/\/fmriachuelo.it10.com.ar\/index.php\/wp-json\/wp\/v2\/posts\/1926","targetHints":{"allow":["GET"]}}],"collection":[{"href":"http:\/\/fmriachuelo.it10.com.ar\/index.php\/wp-json\/wp\/v2\/posts"}],"about":[{"href":"http:\/\/fmriachuelo.it10.com.ar\/index.php\/wp-json\/wp\/v2\/types\/post"}],"author":[{"embeddable":true,"href":"http:\/\/fmriachuelo.it10.com.ar\/index.php\/wp-json\/wp\/v2\/users\/4"}],"replies":[{"embeddable":true,"href":"http:\/\/fmriachuelo.it10.com.ar\/index.php\/wp-json\/wp\/v2\/comments?post=1926"}],"version-history":[{"count":0,"href":"http:\/\/fmriachuelo.it10.com.ar\/index.php\/wp-json\/wp\/v2\/posts\/1926\/revisions"}],"wp:featuredmedia":[{"embeddable":true,"href":"http:\/\/fmriachuelo.it10.com.ar\/index.php\/wp-json\/"}],"wp:attachment":[{"href":"http:\/\/fmriachuelo.it10.com.ar\/index.php\/wp-json\/wp\/v2\/media?parent=1926"}],"wp:term":[{"taxonomy":"category","embeddable":true,"href":"http:\/\/fmriachuelo.it10.com.ar\/index.php\/wp-json\/wp\/v2\/categories?post=1926"},{"taxonomy":"post_tag","embeddable":true,"href":"http:\/\/fmriachuelo.it10.com.ar\/index.php\/wp-json\/wp\/v2\/tags?post=1926"}],"curies":[{"name":"wp","href":"https:\/\/api.w.org\/{rel}","templated":true}]}}