{"id":1902,"date":"2016-05-27T02:19:11","date_gmt":"2016-05-27T02:19:11","guid":{"rendered":"http:\/\/fmriachuelo.com.ar\/ljkjklj\/?p=1902"},"modified":"2016-05-27T02:19:11","modified_gmt":"2016-05-27T02:19:11","slug":"25-de-mayo-20-anos-de-la-o-s-y-p-los-pibes-celebracion-con-desayuno-patriotico","status":"publish","type":"post","link":"http:\/\/fmriachuelo.it10.com.ar\/index.php\/2016\/05\/27\/25-de-mayo-20-anos-de-la-o-s-y-p-los-pibes-celebracion-con-desayuno-patriotico\/","title":{"rendered":"25 DE MAYO: 20 A\u00d1OS DE LA O.S.Y P. LOS PIBES, CELEBRACI\u00d3N CON DESAYUNO PATRIOTICO"},"content":{"rendered":"<p><img loading=\"lazy\" decoding=\"async\" class=\"alignnone size-thumbnail wp-image-1903\" src=\"http:\/\/fmriachuelo.com.ar\/ljkjklj\/wp-content\/uploads\/2016\/05\/25-1-150x150.jpg\" alt=\"25-1\" width=\"150\" height=\"150\" \/><img loading=\"lazy\" decoding=\"async\" class=\"alignnone size-thumbnail wp-image-1908\" src=\"http:\/\/fmriachuelo.com.ar\/ljkjklj\/wp-content\/uploads\/2016\/05\/25-6-150x150.jpg\" alt=\"25-6\" width=\"150\" height=\"150\" \/><img loading=\"lazy\" decoding=\"async\" class=\"alignnone size-thumbnail wp-image-1907\" src=\"http:\/\/fmriachuelo.com.ar\/ljkjklj\/wp-content\/uploads\/2016\/05\/25-5-150x150.jpg\" alt=\"25-5\" width=\"150\" height=\"150\" \/><img loading=\"lazy\" decoding=\"async\" class=\"alignnone size-thumbnail wp-image-1912\" src=\"http:\/\/fmriachuelo.com.ar\/ljkjklj\/wp-content\/uploads\/2016\/05\/25a-150x150.jpg\" alt=\"25a\" width=\"150\" height=\"150\" \/><img loading=\"lazy\" decoding=\"async\" class=\"alignnone size-thumbnail wp-image-1910\" src=\"http:\/\/fmriachuelo.com.ar\/ljkjklj\/wp-content\/uploads\/2016\/05\/25-8-150x150.jpg\" alt=\"25-8\" width=\"150\" height=\"150\" \/><img loading=\"lazy\" decoding=\"async\" class=\"alignnone size-thumbnail wp-image-1906\" src=\"http:\/\/fmriachuelo.com.ar\/ljkjklj\/wp-content\/uploads\/2016\/05\/25-4-150x150.jpg\" alt=\"25-4\" width=\"150\" height=\"150\" \/><img loading=\"lazy\" decoding=\"async\" class=\"alignnone size-thumbnail wp-image-1911\" src=\"http:\/\/fmriachuelo.com.ar\/ljkjklj\/wp-content\/uploads\/2016\/05\/25-9-150x150.jpg\" alt=\"25-9\" width=\"150\" height=\"150\" \/><img loading=\"lazy\" decoding=\"async\" class=\"alignnone size-thumbnail wp-image-1919\" src=\"http:\/\/fmriachuelo.com.ar\/ljkjklj\/wp-content\/uploads\/2016\/05\/25e-150x150.jpg\" alt=\"25e\" width=\"150\" height=\"150\" \/><\/p>\n<p style=\"text-align: justify\">Escuch\u00e1\u00a0a continuaci\u00f3n las voces presentes:<\/p>\n<p style=\"text-align: center\"><b><span style=\"color: #0b5394;font-family: verdana, sans-serif\"><a href=\"https:\/\/soundcloud.com\/prensa-fm-riachuelo\/20160525-las-radios-comunitarias-presentes?in=prensa-fm-riachuelo\/sets\/20160525-cumpleanos-de-la-osyp-los-pibes\" target=\"_blank\" rel=\"noopener\">LAS RADIOS COMUNITARIAS PRESENTES<\/a><\/span><\/b><\/p>\n<div style=\"text-align: center\"><b><span style=\"color: #0b5394;font-family: verdana, sans-serif\"><a href=\"https:\/\/soundcloud.com\/prensa-fm-riachuelo\/20160525-las-voces-de-las-orgas-companeras?in=prensa-fm-riachuelo\/sets\/20160525-cumpleanos-de-la-osyp-los-pibes\" target=\"_blank\" rel=\"noopener\">LAS VOCES DE LAS ORGAS COMPA\u00d1ERAS<\/a><\/span><\/b><\/div>\n<div style=\"text-align: center\"><b><span style=\"color: #0b5394;font-family: verdana, sans-serif\"><a href=\"https:\/\/soundcloud.com\/prensa-fm-riachuelo\/20160525-las-voces-de-los-pibes?in=prensa-fm-riachuelo\/sets\/20160525-cumpleanos-de-la-osyp-los-pibes\" target=\"_blank\" rel=\"noopener\">LAS VOCES DE LOS PIBES<\/a><\/span><\/b><\/div>\n<div style=\"text-align: center\"><b><span style=\"color: #0b5394;font-family: verdana, sans-serif\"><a href=\"https:\/\/soundcloud.com\/prensa-fm-riachuelo\/20160525-susy-companera-de-desalojo-de-la-calle-brasil-250?in=prensa-fm-riachuelo\/sets\/20160525-cumpleanos-de-la-osyp-los-pibes\" target=\"_blank\" rel=\"noopener\">SUSY &#8211; VECINA DEL DESALOJO DE LA CALLE BRASIL<\/a><\/span><\/b><\/div>\n<div style=\"text-align: center\"><b><span style=\"color: #0b5394;font-family: verdana, sans-serif\"><a href=\"https:\/\/soundcloud.com\/prensa-fm-riachuelo\/20160525-ruben-fanesi-trabajador-del-puente-avellaneda-1210?in=prensa-fm-riachuelo\/sets\/20160525-cumpleanos-de-la-osyp-los-pibes\" target=\"_blank\" rel=\"noopener\">RUB\u00c9N FANESI &#8211; TRABAJADORDEL PUENTE AVELLANEDA<\/a><\/span><\/b><\/div>\n<div style=\"text-align: center\"><b><span style=\"color: #0b5394;font-family: verdana, sans-serif\"><a href=\"https:\/\/soundcloud.com\/prensa-fm-riachuelo\/20160525-manu-reyes-revoluciones-y-organizaciones-lo-importante-es-su-politica-118?in=prensa-fm-riachuelo\/sets\/20160525-cumpleanos-de-la-osyp-los-pibes\" target=\"_blank\" rel=\"noopener\">MANU REYES &#8211; COLUMNISTA DE HISTORIA DEL MATEANDO EN EL RIACHUELO<\/a><\/span><\/b><\/div>\n<div style=\"text-align: center\"><b><span style=\"color: #0b5394;font-family: verdana, sans-serif\"><a href=\"https:\/\/soundcloud.com\/prensa-fm-riachuelo\/20160525-negra-cano-osyp-los-pibes-el-patio-casa-popular?in=prensa-fm-riachuelo\/sets\/20160525-cumpleanos-de-la-osyp-los-pibes\" target=\"_blank\" rel=\"noopener\">NEGRA CANO &#8211; OSyP LOS PIBES\/EL PATIO CASA POPULAR<\/a><\/span><\/b><\/div>\n<div style=\"text-align: center\"><span style=\"color: #0b5394;font-family: verdana, sans-serif\"><a href=\"https:\/\/soundcloud.com\/prensa-fm-riachuelo\/20160525-lito-borello-osyp-los-pibes-11300?in=prensa-fm-riachuelo\/sets\/20160525-cumpleanos-de-la-osyp-los-pibes\" target=\"_blank\" rel=\"noopener\"><b>LITO BORELLO &#8211; COORDINADOR NACIONAL DE LA OSyP LOS PIBES<\/b><\/a><\/span><\/div>\n<p>[FMR 25\/5\/16] En la ma\u00f1ana de hoy en el espacio de <span style=\"color: #ff0000\"><strong>Fm Riachuelo<\/strong><\/span> se celebr\u00f3 el 20\u00ba aniversario de la <strong>Organizaci\u00f3n Social y Pol\u00ectica Los Pibes<\/strong> junto con\u00a0los 206 a\u00f1os de la\u00a0gesta revolucionaria del 25 de mayo, hito fundacional de las\u00a0luchas emancipatorias nacionales y regionales.<\/p>\n<div style=\"text-align: justify\">Con la convocatoria a un desayuno patri\u00f3tico <strong><span style=\"color: #000080\">(Invitaci\u00f3n)<\/span><\/strong>, entre mates, chocolate caliente y tortas fritas, \u00a0se hizo presente un numeroso conjunto de compa\u00f1eros de distintas organizaci\u00f3nes sociales, territoriales, de la universidad, centros de salud, vecinos, compa\u00f1eros y amigos para compartir, en momentos en que se hace necesaria la unidad para recordar nuestra historia y resistir la\u00a0agresi\u00f3n\u00a0contra el pueblo.\u00a0Previamente se inaugur\u00f3 el mural conmemorativo\u00a0 realizado en las paredes del edificio vecino a la radio.<\/div>\n<div style=\"text-align: justify\"><\/div>\n<div style=\"text-align: justify\"><img loading=\"lazy\" decoding=\"async\" class=\"aligncenter wp-image-1896 size-large\" src=\"http:\/\/fmriachuelo.com.ar\/ljkjklj\/wp-content\/uploads\/2016\/05\/25-1024x180.jpg\" alt=\"25\" width=\"640\" height=\"113\" \/><\/div>\n<div style=\"text-align: justify\">Durante el encuentro se realiz\u00f3 una emisi\u00f3n especial del programa <span style=\"color: #ff0000\"><strong>Mateando en el Riachuelo<\/strong><\/span> (L a V 10 a 12 hs.) que trasmiti\u00f3, un bloque, en simult\u00e1neo con Radio Asamblea de Chacarita\u00a0:\u00a0combatir el silencio y hacer presente la funci\u00f3n de la comunicaci\u00f3n popular que intentamos cada d\u00eda.<\/div>\n<div style=\"text-align: justify\"><img loading=\"lazy\" decoding=\"async\" class=\"size-thumbnail wp-image-1918 alignleft\" src=\"http:\/\/fmriachuelo.com.ar\/ljkjklj\/wp-content\/uploads\/2016\/05\/25-2-1-150x150.jpg\" alt=\"25-2\" width=\"150\" height=\"150\" \/><\/div>\n<div style=\"text-align: justify\">A su turno los asistentes tomaron la palabra para saludar y recordar que las gestas y luchas por nuestra independencia hoy se han renovado con un pueblo que retoma el esp\u00edritu patriotico frente a un nuevo tipo de colonialismo que intenta la dominaci\u00f3n.<\/div>\n<div style=\"text-align: justify\"><\/div>\n<div style=\"text-align: justify\">Tambi\u00e9n se acercaron saludos de otras organizaciones compa\u00f1eras nacionales y de\u00a0la Patria Grande.<\/div>\n","protected":false},"excerpt":{"rendered":"<p>Escuch\u00e1\u00a0a continuaci\u00f3n las voces presentes: LAS RADIOS COMUNITARIAS PRESENTES LAS VOCES DE LAS ORGAS COMPA\u00d1ERAS LAS VOCES DE LOS PIBES SUSY &#8211; VECINA DEL DESALOJO DE LA CALLE BRASIL RUB\u00c9N FANESI &#8211; TRABAJADORDEL PUENTE AVELLANEDA MANU REYES &#8211; COLUMNISTA DE HISTORIA DEL MATEANDO EN EL RIACHUELO NEGRA CANO &#8211; OSyP LOS PIBES\/EL PATIO CASA POPULAR [&hellip;]<\/p>\n","protected":false},"author":4,"featured_media":1917,"comment_status":"open","ping_status":"open","sticky":true,"template":"","format":"standard","meta":{"_monsterinsights_skip_tracking":false,"_monsterinsights_sitenote_active":false,"_monsterinsights_sitenote_note":"","_monsterinsights_sitenote_category":0,"jnews-multi-image_gallery":[],"jnews_single_post":[],"jnews_primary_category":[],"_joinchat":[],"footnotes":""},"categories":[1],"tags":[],"class_list":["post-1902","post","type-post","status-publish","format-standard","has-post-thumbnail","hentry","category-habitat"],"_links":{"self":[{"href":"http:\/\/fmriachuelo.it10.com.ar\/index.php\/wp-json\/wp\/v2\/posts\/1902","targetHints":{"allow":["GET"]}}],"collection":[{"href":"http:\/\/fmriachuelo.it10.com.ar\/index.php\/wp-json\/wp\/v2\/posts"}],"about":[{"href":"http:\/\/fmriachuelo.it10.com.ar\/index.php\/wp-json\/wp\/v2\/types\/post"}],"author":[{"embeddable":true,"href":"http:\/\/fmriachuelo.it10.com.ar\/index.php\/wp-json\/wp\/v2\/users\/4"}],"replies":[{"embeddable":true,"href":"http:\/\/fmriachuelo.it10.com.ar\/index.php\/wp-json\/wp\/v2\/comments?post=1902"}],"version-history":[{"count":0,"href":"http:\/\/fmriachuelo.it10.com.ar\/index.php\/wp-json\/wp\/v2\/posts\/1902\/revisions"}],"wp:featuredmedia":[{"embeddable":true,"href":"http:\/\/fmriachuelo.it10.com.ar\/index.php\/wp-json\/"}],"wp:attachment":[{"href":"http:\/\/fmriachuelo.it10.com.ar\/index.php\/wp-json\/wp\/v2\/media?parent=1902"}],"wp:term":[{"taxonomy":"category","embeddable":true,"href":"http:\/\/fmriachuelo.it10.com.ar\/index.php\/wp-json\/wp\/v2\/categories?post=1902"},{"taxonomy":"post_tag","embeddable":true,"href":"http:\/\/fmriachuelo.it10.com.ar\/index.php\/wp-json\/wp\/v2\/tags?post=1902"}],"curies":[{"name":"wp","href":"https:\/\/api.w.org\/{rel}","templated":true}]}}