{"id":1895,"date":"2016-05-24T14:32:20","date_gmt":"2016-05-24T14:32:20","guid":{"rendered":"http:\/\/fmriachuelo.com.ar\/ljkjklj\/?p=1895"},"modified":"2016-05-24T14:32:20","modified_gmt":"2016-05-24T14:32:20","slug":"25-de-mayo-celebracion-del-20o-aniversario-de-la-organizacion-social-y-politica-los-pibes","status":"publish","type":"post","link":"http:\/\/fmriachuelo.it10.com.ar\/index.php\/2016\/05\/24\/25-de-mayo-celebracion-del-20o-aniversario-de-la-organizacion-social-y-politica-los-pibes\/","title":{"rendered":"25 DE MAYO:  CELEBRACI\u00d3N DEL 20\u00ba ANIVERSARIO DE LA ORGANIZACI\u00d3N SOCIAL Y POL\u00cdTICA LOS PIBES"},"content":{"rendered":"<div class=\"jeg_video_container jeg_video_content\"><iframe loading=\"lazy\" title=\"Los Pibes 20 a\u00f1os\" width=\"500\" height=\"281\" src=\"https:\/\/www.youtube.com\/embed\/zVlV_jvDY4Q?feature=oembed\" frameborder=\"0\" allow=\"accelerometer; autoplay; clipboard-write; encrypted-media; gyroscope; picture-in-picture; web-share\" referrerpolicy=\"strict-origin-when-cross-origin\" allowfullscreen><\/iframe><\/div>\n<p style=\"text-align: justify\">Difundimos invitaci\u00f3n<\/p>\n<div id=\"x_yiv0044511170yui_3_16_0_ym19_1_1463877099341_3520\"><span style=\"font-family: arial, helvetica, sans-serif;font-size: large\"><b>Junto con la Patria, que cumple 206 a\u00f1os de su empecinamiento por alcanzar su definitiva independencia, nuestra organizaci\u00f3n celebra 20 a\u00f1os de acompa\u00f1ar al Pueblo en este intento.<br \/>\n<\/b><\/span><\/div>\n<div id=\"x_yiv0044511170yui_3_16_0_ym19_1_1463877099341_3524\"><span style=\"font-family: arial, helvetica, sans-serif;font-size: large\"><b>\u00a0<\/b><\/span><\/div>\n<div id=\"x_yiv0044511170yui_3_16_0_ym19_1_1463877099341_3526\"><span style=\"font-family: arial, helvetica, sans-serif;font-size: large\"><b>Haciendo honor a esta Historia y resistiendo la agresi\u00f3n antipopular que se vive en el contexto actual los invitamos a: unirnos, juntarnos, encontrarnos para compartir un desayuno patri\u00f3tico el mi\u00e9rcoles 25 de mayo a las 10 de la ma\u00f1ana en el sal\u00f3n de la FM Riachuelo en la planta alta de nuestra sede de Su\u00e1rez 421.<\/b><\/span><\/div>\n<div id=\"x_yiv0044511170yui_3_16_0_ym19_1_1463877099341_3527\"><\/div>\n<div id=\"x_yiv0044511170yui_3_16_0_ym19_1_1463877099341_3529\" dir=\"ltr\"><span style=\"font-family: arial, helvetica, sans-serif;font-size: large\"><b>Durante el encuentro realizaremos una emisi\u00f3n especial del programa Mateando en el Riachuelo para que aquellos que lo sientan puedan comunicar reflexiones y sensaciones en este 25 de mayo. Tambi\u00e9n estamos inaugurando un mural aleg\u00f3rico en la esquina de Su\u00e1rez y Alte Brown.<\/b><\/span><\/div>\n<p>&nbsp;<\/p>\n","protected":false},"excerpt":{"rendered":"<p>Difundimos invitaci\u00f3n Junto con la Patria, que cumple 206 a\u00f1os de su empecinamiento por alcanzar su definitiva independencia, nuestra organizaci\u00f3n celebra 20 a\u00f1os de acompa\u00f1ar al Pueblo en este intento. \u00a0 Haciendo honor a esta Historia y resistiendo la agresi\u00f3n antipopular que se vive en el contexto actual los invitamos a: unirnos, juntarnos, encontrarnos para [&hellip;]<\/p>\n","protected":false},"author":4,"featured_media":1896,"comment_status":"open","ping_status":"open","sticky":false,"template":"","format":"standard","meta":{"_monsterinsights_skip_tracking":false,"_monsterinsights_sitenote_active":false,"_monsterinsights_sitenote_note":"","_monsterinsights_sitenote_category":0,"jnews-multi-image_gallery":[],"jnews_single_post":[],"jnews_primary_category":[],"_joinchat":[],"footnotes":""},"categories":[1],"tags":[],"class_list":["post-1895","post","type-post","status-publish","format-standard","has-post-thumbnail","hentry","category-habitat"],"_links":{"self":[{"href":"http:\/\/fmriachuelo.it10.com.ar\/index.php\/wp-json\/wp\/v2\/posts\/1895","targetHints":{"allow":["GET"]}}],"collection":[{"href":"http:\/\/fmriachuelo.it10.com.ar\/index.php\/wp-json\/wp\/v2\/posts"}],"about":[{"href":"http:\/\/fmriachuelo.it10.com.ar\/index.php\/wp-json\/wp\/v2\/types\/post"}],"author":[{"embeddable":true,"href":"http:\/\/fmriachuelo.it10.com.ar\/index.php\/wp-json\/wp\/v2\/users\/4"}],"replies":[{"embeddable":true,"href":"http:\/\/fmriachuelo.it10.com.ar\/index.php\/wp-json\/wp\/v2\/comments?post=1895"}],"version-history":[{"count":0,"href":"http:\/\/fmriachuelo.it10.com.ar\/index.php\/wp-json\/wp\/v2\/posts\/1895\/revisions"}],"wp:featuredmedia":[{"embeddable":true,"href":"http:\/\/fmriachuelo.it10.com.ar\/index.php\/wp-json\/"}],"wp:attachment":[{"href":"http:\/\/fmriachuelo.it10.com.ar\/index.php\/wp-json\/wp\/v2\/media?parent=1895"}],"wp:term":[{"taxonomy":"category","embeddable":true,"href":"http:\/\/fmriachuelo.it10.com.ar\/index.php\/wp-json\/wp\/v2\/categories?post=1895"},{"taxonomy":"post_tag","embeddable":true,"href":"http:\/\/fmriachuelo.it10.com.ar\/index.php\/wp-json\/wp\/v2\/tags?post=1895"}],"curies":[{"name":"wp","href":"https:\/\/api.w.org\/{rel}","templated":true}]}}