{"id":1892,"date":"2016-05-23T03:06:08","date_gmt":"2016-05-23T03:06:08","guid":{"rendered":"http:\/\/fmriachuelo.com.ar\/ljkjklj\/?p=1892"},"modified":"2016-05-23T03:06:08","modified_gmt":"2016-05-23T03:06:08","slug":"comunicacion-popular-en-peligro-pedido-de-desalojo-a-la-mosquitera-el-bermejoguaymallen-mendoza","status":"publish","type":"post","link":"http:\/\/fmriachuelo.it10.com.ar\/index.php\/2016\/05\/23\/comunicacion-popular-en-peligro-pedido-de-desalojo-a-la-mosquitera-el-bermejoguaymallen-mendoza\/","title":{"rendered":"COMUNICACI\u00d2N POPULAR EN PELIGRO: PEDIDO DE DESALOJO A LA MOSQUITERA, EL BERMEJO,GUAYMALLEN, MENDOZA"},"content":{"rendered":"<p><img loading=\"lazy\" decoding=\"async\" class=\"size-thumbnail wp-image-1893 alignleft\" src=\"http:\/\/fmriachuelo.com.ar\/ljkjklj\/wp-content\/uploads\/2016\/05\/mosquitera-150x150.jpg\" alt=\"mosquitera\" width=\"150\" height=\"150\" \/><\/p>\n<div id=\"x_yiv2090081749yui_3_16_0_ym19_1_1463801496742_4337\" style=\"text-align: justify\"><span id=\"x_yiv2090081749yui_3_16_0_ym19_1_1463801496742_4338\" lang=\"es\">El pasado jueves 19 de mayo recibimos una <b id=\"x_yiv2090081749yui_3_16_0_ym19_1_1463801496742_4339\">orden de desalojo<\/b>, firmado por el juez Pablo Gonzalez Masan\u00e9s y la s\u00edndico Contadora Elena Nieves Gatica. Esta orden llega en el marco del proceso de remate del predio de la empresa recuperada La Lagunita, con la cual \u2013 mediante <b id=\"x_yiv2090081749yui_3_16_0_ym19_1_1463801496742_4340\">convenio<\/b>&#8211; nos cede parte de sus instalaciones para el funcionamiento pleno de la Asociaci\u00f3n Comunicacional y Cultural La Mosquitera (revista barrial, radio comunitaria y productora audiovisual).<\/span><\/div>\n<div id=\"x_yiv2090081749yui_3_16_0_ym19_1_1463801496742_4342\">\n<div id=\"x_yiv2090081749yui_3_16_0_ym19_1_1463801496742_4345\"><span id=\"x_yiv2090081749yui_3_16_0_ym19_1_1463801496742_4347\" lang=\"es\">A su vez, este convenio est\u00e1 contemplado dentro de un acuerdo general de colaboraci\u00f3n mutua entre la Asociaci\u00f3n de Empresas Recuperadas de Mendoza, aportando como el medio de comunicaci\u00f3n que promueve y fortalece la econom\u00eda social, el cooperativismo y la recuperaci\u00f3n de fuentes de trabajo.<\/span><\/div>\n<div id=\"x_yiv2090081749yui_3_16_0_ym19_1_1463801496742_4349\"><span id=\"x_yiv2090081749yui_3_16_0_ym19_1_1463801496742_4350\" lang=\"es\">\u00a0<\/span><\/div>\n<div id=\"x_yiv2090081749yui_3_16_0_ym19_1_1463801496742_4352\"><span id=\"x_yiv2090081749yui_3_16_0_ym19_1_1463801496742_4353\" lang=\"es\">El proceso de remate comenz\u00f3 en el mes de abril del corriente, donde se comunic\u00f3 a la cooperativa la decisi\u00f3n judicial de rematar el inmueble del predio, seg\u00fan lo referido por el juez, <b id=\"x_yiv2090081749yui_3_16_0_ym19_1_1463801496742_4354\">\u201cen el estado de ocupaci\u00f3n en que se encuentra\u201d<\/b> (actuaci\u00f3n judicial, con fecha al 19 de abril de 2016). Contemplando las fechas, dicha actuaci\u00f3n manifiesta un <b id=\"x_yiv2090081749yui_3_16_0_ym19_1_1463801496742_4355\">contrasentido<\/b> al ordenar ahora el desalojo de La Mosquitera, pudi\u00e9ndose efectuar la subasta \u201c<i id=\"x_yiv2090081749yui_3_16_0_ym19_1_1463801496742_4356\">en el estado en que se encuentra<\/i>\u201d.<\/span><\/div>\n<div id=\"x_yiv2090081749yui_3_16_0_ym19_1_1463801496742_4358\"><span id=\"x_yiv2090081749yui_3_16_0_ym19_1_1463801496742_4359\" lang=\"es\">\u00a0<\/span><\/div>\n<div id=\"x_yiv2090081749yui_3_16_0_ym19_1_1463801496742_4361\"><span id=\"x_yiv2090081749yui_3_16_0_ym19_1_1463801496742_4362\" lang=\"es\">Este pedido de remate desconoce la <b id=\"x_yiv2090081749yui_3_16_0_ym19_1_1463801496742_4363\">LEY DE OCUPACI\u00d3N TEMPORARIA<\/b>, mediante la cual todas las empresas recuperadas de la provincia cuentan con un plazo para el desarrollo de sus actividades productivas. Este plazo para la Coop. La Lagunita vence a mediados del 2017.<\/span><\/div>\n<div id=\"x_yiv2090081749yui_3_16_0_ym19_1_1463801496742_4365\"><span id=\"x_yiv2090081749yui_3_16_0_ym19_1_1463801496742_4366\" lang=\"es\">\u00a0<\/span><\/div>\n<div id=\"x_yiv2090081749yui_3_16_0_ym19_1_1463801496742_4368\"><span id=\"x_yiv2090081749yui_3_16_0_ym19_1_1463801496742_4369\" lang=\"es\">Ante esta situaci\u00f3n, la Cooperativa La Lagunita, con el acompa\u00f1amiento de la Asociaci\u00f3n de Empresas recuperadas de Mendoza y La Mosquitera, decide de buena fe presentarse como oferente a la propuesta de remate,\u00a0 cumpliendo todos los requisitos legales para ser adjudicataria.\u00a0<\/span><\/div>\n<div id=\"x_yiv2090081749yui_3_16_0_ym19_1_1463801496742_4371\"><span id=\"x_yiv2090081749yui_3_16_0_ym19_1_1463801496742_4372\" lang=\"es\">\u00a0<\/span><\/div>\n<div id=\"x_yiv2090081749yui_3_16_0_ym19_1_1463801496742_4374\"><span id=\"x_yiv2090081749yui_3_16_0_ym19_1_1463801496742_4375\" lang=\"es\">La <b id=\"x_yiv2090081749yui_3_16_0_ym19_1_1463801496742_4376\">LEY DE QUIEBRA<\/b> contempla la prioridad absoluta de adjudicaci\u00f3n del remate a las cooperativas. Conforme a esto, este lunes 23 de mayo el juez Pablo Gonz\u00e1lez Masan\u00e9s deber\u00eda dictar la adjudicaci\u00f3n del predio a la oferta presentada por\u00a0 la Cooperativa La Lagunita, bajo el amparo de la ley.<\/span><\/div>\n<div id=\"x_yiv2090081749yui_3_16_0_ym19_1_1463801496742_4378\"><span id=\"x_yiv2090081749yui_3_16_0_ym19_1_1463801496742_4379\" lang=\"es\">\u00a0<\/span><\/div>\n<div id=\"x_yiv2090081749yui_3_16_0_ym19_1_1463801496742_4381\"><b id=\"x_yiv2090081749yui_3_16_0_ym19_1_1463801496742_4382\"><span id=\"x_yiv2090081749yui_3_16_0_ym19_1_1463801496742_4383\" lang=\"es\">La intenci\u00f3n del presente comunicado es:<\/span><\/b><\/div>\n<div id=\"x_yiv2090081749yui_3_16_0_ym19_1_1463801496742_4385\"><span id=\"x_yiv2090081749yui_3_16_0_ym19_1_1463801496742_4386\" lang=\"es\">\u00a0<\/span><\/div>\n<div id=\"x_yiv2090081749yui_3_16_0_ym19_1_1463801496742_4388\"><span id=\"x_yiv2090081749yui_3_16_0_ym19_1_1463801496742_4389\" lang=\"es\">&#8211; visibilizar la situaci\u00f3n de incertidumbre de continuidad que est\u00e1 atravesando la Coop. La Lagunita y la Mosquitera, ante el remate y la orden de desalojo.<\/span><\/div>\n<div id=\"x_yiv2090081749yui_3_16_0_ym19_1_1463801496742_4391\"><span id=\"x_yiv2090081749yui_3_16_0_ym19_1_1463801496742_4392\" lang=\"es\">\u00a0<\/span><\/div>\n<div id=\"x_yiv2090081749yui_3_16_0_ym19_1_1463801496742_4394\"><span id=\"x_yiv2090081749yui_3_16_0_ym19_1_1463801496742_4395\" lang=\"es\">&#8211; advertir sobre la vulneraci\u00f3n del derecho a la comunicaci\u00f3n popular y comunitaria, derecho al trabajo cooperativo y a la gesti\u00f3n asociada entre organizaciones del campo popular.<\/span><\/div>\n<div id=\"x_yiv2090081749yui_3_16_0_ym19_1_1463801496742_4397\"><span id=\"x_yiv2090081749yui_3_16_0_ym19_1_1463801496742_4398\" lang=\"es\">\u00a0<\/span><\/div>\n<div id=\"x_yiv2090081749yui_3_16_0_ym19_1_1463801496742_4400\"><span id=\"x_yiv2090081749yui_3_16_0_ym19_1_1463801496742_4401\" lang=\"es\">&#8211; comunicar la existencia de intereses inmobiliarios sobre el predio.<\/span><\/div>\n<div id=\"x_yiv2090081749yui_3_16_0_ym19_1_1463801496742_4403\"><span id=\"x_yiv2090081749yui_3_16_0_ym19_1_1463801496742_4404\" lang=\"es\">\u00a0<\/span><\/div>\n<div id=\"x_yiv2090081749yui_3_16_0_ym19_1_1463801496742_4406\"><span id=\"x_yiv2090081749yui_3_16_0_ym19_1_1463801496742_4407\" lang=\"es\">&#8211; destacar la importancia de que la adjudicaci\u00f3n a la Coop. La Lagunita, cumpliendo las leyes vigentes, sentar\u00eda un nuevo precedente a nivel nacional a favor de las y los trabajadores de empresas recuperadas.<\/span><\/div>\n<div id=\"x_yiv2090081749yui_3_16_0_ym19_1_1463801496742_4409\"><span id=\"x_yiv2090081749yui_3_16_0_ym19_1_1463801496742_4410\" lang=\"es\">\u00a0<\/span><\/div>\n<div id=\"x_yiv2090081749yui_3_16_0_ym19_1_1463801496742_4412\"><span id=\"x_yiv2090081749yui_3_16_0_ym19_1_1463801496742_4413\" lang=\"es\">Este lunes 23 a partir de las 8,00, en Oficina de Subastas Judiciales (San Mart\u00edn 322, Ciudad de Mendoza), continuamos con el apoyo a las empresas recuperadas en su lucha por seguir sosteniendo su fuente de trabajo. Convocamos a todas las organizaciones sociales, pol\u00edticas, culturales, medios de comunicaci\u00f3n y comunidad en general a estar presente en la resoluci\u00f3n del pedido de suspensi\u00f3n del desalojo a La Mosquitera, y la adjudicaci\u00f3n del remate a la Empresa Recuperada La Lagunita.-<\/span><\/div>\n<div id=\"x_yiv2090081749yui_3_16_0_ym19_1_1463801496742_4415\"><span id=\"x_yiv2090081749yui_3_16_0_ym19_1_1463801496742_4416\" lang=\"es\">\u00a0<\/span><\/div>\n<div id=\"x_yiv2090081749yui_3_16_0_ym19_1_1463801496742_4418\"><span id=\"x_yiv2090081749yui_3_16_0_ym19_1_1463801496742_4419\" lang=\"es\">\u00a0<\/span><\/div>\n<div id=\"x_yiv2090081749yui_3_16_0_ym19_1_1463801496742_4421\"><b id=\"x_yiv2090081749yui_3_16_0_ym19_1_1463801496742_4422\"><u id=\"x_yiv2090081749yui_3_16_0_ym19_1_1463801496742_4423\"><span id=\"x_yiv2090081749yui_3_16_0_ym19_1_1463801496742_4424\" lang=\"es\">Contactos:<\/span><\/u><\/b><\/div>\n<div id=\"x_yiv2090081749yui_3_16_0_ym19_1_1463801496742_4426\"><span id=\"x_yiv2090081749yui_3_16_0_ym19_1_1463801496742_4427\" lang=\"es\">Julio D\u00edaz <b id=\"x_yiv2090081749yui_3_16_0_ym19_1_1463801496742_4428\">(Asociaci\u00f3n de Empresas Recuperadas Mendoza)<\/b> 0261-154609390<\/span><\/div>\n<div id=\"x_yiv2090081749yui_3_16_0_ym19_1_1463801496742_4430\"><span id=\"x_yiv2090081749yui_3_16_0_ym19_1_1463801496742_4431\" lang=\"es\">Dar\u00edo Figueroa <b id=\"x_yiv2090081749yui_3_16_0_ym19_1_1463801496742_4432\">(La Mosquitera)<\/b> 0261-155582435<\/span><\/div>\n<div id=\"x_yiv2090081749yui_3_16_0_ym19_1_1463801496742_4434\"><span id=\"x_yiv2090081749yui_3_16_0_ym19_1_1463801496742_4435\" lang=\"es\">Rub\u00e9n Vigo <b id=\"x_yiv2090081749yui_3_16_0_ym19_1_1463801496742_4436\">(La Mosquitera)<\/b> 0261-153643168<\/span><\/div>\n<div id=\"x_yiv2090081749yui_3_16_0_ym19_1_1463801496742_3198\"><\/div>\n<div id=\"x_yiv2090081749yui_3_16_0_ym19_1_1463801496742_4438\" dir=\"ltr\"><span id=\"x_yiv2090081749yui_3_16_0_ym19_1_1463801496742_4439\" lang=\"es\">Cecilia Lamantia <b id=\"x_yiv2090081749yui_3_16_0_ym19_1_1463801496742_4440\">(La Mosquitera)<\/b> 0261-152485439<\/span><span id=\"x_yiv2090081749yui_3_16_0_ym19_1_1463801496742_4441\"><\/span><\/div>\n<\/div>\n","protected":false},"excerpt":{"rendered":"<p>El pasado jueves 19 de mayo recibimos una orden de desalojo, firmado por el juez Pablo Gonzalez Masan\u00e9s y la s\u00edndico Contadora Elena Nieves Gatica. Esta orden llega en el marco del proceso de remate del predio de la empresa recuperada La Lagunita, con la cual \u2013 mediante convenio&#8211; nos cede parte de sus instalaciones [&hellip;]<\/p>\n","protected":false},"author":4,"featured_media":1893,"comment_status":"open","ping_status":"open","sticky":false,"template":"","format":"standard","meta":{"_monsterinsights_skip_tracking":false,"_monsterinsights_sitenote_active":false,"_monsterinsights_sitenote_note":"","_monsterinsights_sitenote_category":0,"jnews-multi-image_gallery":[],"jnews_single_post":[],"jnews_primary_category":[],"_joinchat":[],"footnotes":""},"categories":[1],"tags":[],"class_list":["post-1892","post","type-post","status-publish","format-standard","has-post-thumbnail","hentry","category-habitat"],"_links":{"self":[{"href":"http:\/\/fmriachuelo.it10.com.ar\/index.php\/wp-json\/wp\/v2\/posts\/1892","targetHints":{"allow":["GET"]}}],"collection":[{"href":"http:\/\/fmriachuelo.it10.com.ar\/index.php\/wp-json\/wp\/v2\/posts"}],"about":[{"href":"http:\/\/fmriachuelo.it10.com.ar\/index.php\/wp-json\/wp\/v2\/types\/post"}],"author":[{"embeddable":true,"href":"http:\/\/fmriachuelo.it10.com.ar\/index.php\/wp-json\/wp\/v2\/users\/4"}],"replies":[{"embeddable":true,"href":"http:\/\/fmriachuelo.it10.com.ar\/index.php\/wp-json\/wp\/v2\/comments?post=1892"}],"version-history":[{"count":0,"href":"http:\/\/fmriachuelo.it10.com.ar\/index.php\/wp-json\/wp\/v2\/posts\/1892\/revisions"}],"wp:featuredmedia":[{"embeddable":true,"href":"http:\/\/fmriachuelo.it10.com.ar\/index.php\/wp-json\/"}],"wp:attachment":[{"href":"http:\/\/fmriachuelo.it10.com.ar\/index.php\/wp-json\/wp\/v2\/media?parent=1892"}],"wp:term":[{"taxonomy":"category","embeddable":true,"href":"http:\/\/fmriachuelo.it10.com.ar\/index.php\/wp-json\/wp\/v2\/categories?post=1892"},{"taxonomy":"post_tag","embeddable":true,"href":"http:\/\/fmriachuelo.it10.com.ar\/index.php\/wp-json\/wp\/v2\/tags?post=1892"}],"curies":[{"name":"wp","href":"https:\/\/api.w.org\/{rel}","templated":true}]}}