{"id":1881,"date":"2016-05-22T03:18:22","date_gmt":"2016-05-22T03:18:22","guid":{"rendered":"http:\/\/fmriachuelo.com.ar\/ljkjklj\/?p=1881"},"modified":"2016-05-22T03:18:22","modified_gmt":"2016-05-22T03:18:22","slug":"la-boca-pintada-mural-colectivo-que-se-inaugura-el-25-de-mayo","status":"publish","type":"post","link":"http:\/\/fmriachuelo.it10.com.ar\/index.php\/2016\/05\/22\/la-boca-pintada-mural-colectivo-que-se-inaugura-el-25-de-mayo\/","title":{"rendered":"LA BOCA: PINTADA MURAL COLECTIVO QUE SE INAUGURA EL 25 DE MAYO"},"content":{"rendered":"<p><img loading=\"lazy\" decoding=\"async\" class=\"alignnone size-thumbnail wp-image-1883\" src=\"http:\/\/fmriachuelo.com.ar\/ljkjklj\/wp-content\/uploads\/2016\/05\/MURAL5-150x150.jpg\" alt=\"MURAL5\" width=\"150\" height=\"150\" \/><img loading=\"lazy\" decoding=\"async\" class=\"alignnone size-thumbnail wp-image-1884\" src=\"http:\/\/fmriachuelo.com.ar\/ljkjklj\/wp-content\/uploads\/2016\/05\/MURAL4-150x150.jpg\" alt=\"MURAL4\" width=\"150\" height=\"150\" \/><img loading=\"lazy\" decoding=\"async\" class=\"alignnone size-thumbnail wp-image-1885\" src=\"http:\/\/fmriachuelo.com.ar\/ljkjklj\/wp-content\/uploads\/2016\/05\/MURAL3-150x150.jpg\" alt=\"MURAL3\" width=\"150\" height=\"150\" \/><img loading=\"lazy\" decoding=\"async\" class=\"alignnone size-thumbnail wp-image-1886\" src=\"http:\/\/fmriachuelo.com.ar\/ljkjklj\/wp-content\/uploads\/2016\/05\/MURAL2-150x150.jpg\" alt=\"MURAL2\" width=\"150\" height=\"150\" \/><img loading=\"lazy\" decoding=\"async\" class=\"alignnone size-thumbnail wp-image-1887\" src=\"http:\/\/fmriachuelo.com.ar\/ljkjklj\/wp-content\/uploads\/2016\/05\/MURAL1-150x150.jpg\" alt=\"MURAL1\" width=\"150\" height=\"150\" \/><img loading=\"lazy\" decoding=\"async\" class=\"alignnone size-thumbnail wp-image-1882\" src=\"http:\/\/fmriachuelo.com.ar\/ljkjklj\/wp-content\/uploads\/2016\/05\/WhatsApp-Image-20160520-150x150.jpg\" alt=\"WhatsApp-Image-20160520\" width=\"150\" height=\"150\" \/><\/p>\n<p>[FMR 20\/5\/16] El colectivo de la O.S. y P, Los Pibes con la participaci\u00f3n especial del maestro muralista Lucas Quinto trabaj\u00f3 intensamente durante la jornada del viernes, en la sede de Fm Riachuelo, \u00a0para realizar un mural que exprese las luchas y los l\u00edderes populares. La obra se termin\u00f3 en la noche del martes y se realiz\u00f3 para conmemorar el 20\u00ba aniversario de la fundaci\u00f3n de\u00a0la organizaci\u00f3n en el barrio de La Boca. El mural ser\u00e1 inaugurado el d\u00eda 25 de mayo fecha de nacimiento d<\/p>\n","protected":false},"excerpt":{"rendered":"<p>[FMR 20\/5\/16] El colectivo de la O.S. y P, Los Pibes con la participaci\u00f3n especial del maestro muralista Lucas Quinto trabaj\u00f3 intensamente durante la jornada del viernes, en la sede de Fm Riachuelo, \u00a0para realizar un mural que exprese las luchas y los l\u00edderes populares. La obra se termin\u00f3 en la noche del martes y [&hellip;]<\/p>\n","protected":false},"author":4,"featured_media":1882,"comment_status":"open","ping_status":"open","sticky":false,"template":"","format":"standard","meta":{"_monsterinsights_skip_tracking":false,"_monsterinsights_sitenote_active":false,"_monsterinsights_sitenote_note":"","_monsterinsights_sitenote_category":0,"jnews-multi-image_gallery":[],"jnews_single_post":[],"jnews_primary_category":[],"_joinchat":[],"footnotes":""},"categories":[1],"tags":[],"class_list":["post-1881","post","type-post","status-publish","format-standard","has-post-thumbnail","hentry","category-habitat"],"_links":{"self":[{"href":"http:\/\/fmriachuelo.it10.com.ar\/index.php\/wp-json\/wp\/v2\/posts\/1881","targetHints":{"allow":["GET"]}}],"collection":[{"href":"http:\/\/fmriachuelo.it10.com.ar\/index.php\/wp-json\/wp\/v2\/posts"}],"about":[{"href":"http:\/\/fmriachuelo.it10.com.ar\/index.php\/wp-json\/wp\/v2\/types\/post"}],"author":[{"embeddable":true,"href":"http:\/\/fmriachuelo.it10.com.ar\/index.php\/wp-json\/wp\/v2\/users\/4"}],"replies":[{"embeddable":true,"href":"http:\/\/fmriachuelo.it10.com.ar\/index.php\/wp-json\/wp\/v2\/comments?post=1881"}],"version-history":[{"count":0,"href":"http:\/\/fmriachuelo.it10.com.ar\/index.php\/wp-json\/wp\/v2\/posts\/1881\/revisions"}],"wp:featuredmedia":[{"embeddable":true,"href":"http:\/\/fmriachuelo.it10.com.ar\/index.php\/wp-json\/"}],"wp:attachment":[{"href":"http:\/\/fmriachuelo.it10.com.ar\/index.php\/wp-json\/wp\/v2\/media?parent=1881"}],"wp:term":[{"taxonomy":"category","embeddable":true,"href":"http:\/\/fmriachuelo.it10.com.ar\/index.php\/wp-json\/wp\/v2\/categories?post=1881"},{"taxonomy":"post_tag","embeddable":true,"href":"http:\/\/fmriachuelo.it10.com.ar\/index.php\/wp-json\/wp\/v2\/tags?post=1881"}],"curies":[{"name":"wp","href":"https:\/\/api.w.org\/{rel}","templated":true}]}}