{"id":18683,"date":"2022-11-02T20:23:30","date_gmt":"2022-11-02T20:23:30","guid":{"rendered":"http:\/\/fmriachuelo.com.ar\/?p=18478"},"modified":"2025-02-26T14:11:25","modified_gmt":"2025-02-26T17:11:25","slug":"cine-debate-para-recuperar-la-memoria-a-traves-del-encuentro","status":"publish","type":"post","link":"http:\/\/fmriachuelo.it10.com.ar\/index.php\/2022\/11\/02\/cine-debate-para-recuperar-la-memoria-a-traves-del-encuentro\/","title":{"rendered":"CINE DEBATE PARA RECUPERAR LA MEMORIA A TRAV\u00c9S DEL ENCUENTRO"},"content":{"rendered":"<p><strong>[FM Riachuelo, 02\/11\/2022] Ayer se realiz\u00f3 un cine debate sobre la pel\u00edcula Argentina 1985, en el Sindicato de Prensa de Buenos Aires, donde estuvieron presentes diversas expresiones de militancia por los derechos humanos. <\/strong><\/p>\n<p>&nbsp;<\/p>\n<p>Esta actividad fue organizada tanto por SiPreBa como por la radio comunitaria La Retaguardia, con el objetivo de realizar un encuentro y recomponer la memoria de aquellas \u00e9pocas usando como disparador la pel\u00edcula. Fernando Tebele, director de la radio La Retaguardia, fue el mediador del debate y dijo algunas palabras marcando el car\u00e1cter de la actividad: \u00abNosotros invitamos especialmente a un verdadero seleccionado de luchadores y luchadoras por los derechos humanos porque queremos escucharlos, y tambi\u00e9n para escucharnos entre todos\u00bb.<\/p>\n<p><img loading=\"lazy\" decoding=\"async\" class=\" wp-image-18481 aligncenter\" src=\"http:\/\/fmriachuelo.com.ar\/wp-content\/uploads\/2022\/11\/WhatsApp-Image-2022-11-02-at-14.32.00-300x225.jpeg\" alt=\"\" width=\"455\" height=\"341\"><\/p>\n<p>&nbsp;<\/p>\n<p>Representando a SiPreBa abri\u00f3 el debate Martina Noailles, secretaria de medios autogestivos, que resalt\u00f3 la importancia de la comunicaci\u00f3n comunitaria para recuperar la historia de nuestro pueblo: \u00abComo sindicato abrimos las puertas para esta construcci\u00f3n de memoria y elegimos organizarla en conjunto con&nbsp;La Retaguardia que es un medio autogestivo, popular y comunitario, que viene haciendo un gran laburo con la retransmisi\u00f3n de los juicios de lesa humanidad y seguimiento de los mismos. Que podamos escuchar los alegatos de los abogados, de la fiscal\u00eda, escuchar las historias de resistencia, a las madres, a los sobrevivientes, familiares y que esto se d\u00e9 a traves de un medio popular, creo que demuestra la importancia de los medios autogestivos y comunitarios\u00bb.<\/p>\n<p>&nbsp;<\/p>\n<p>Participaron del debate Pablo Llonto, las hijas de Adriana Calvo y V\u00edctor Basterra, Osvaldo Barros, Sueco Lordkipanidse, Iris Pereyra de Avellaneda, Elsa Pav\u00f3n, Gabriela Sosti, Mirta Israel, muchos sobrevivientes y testigos del juicio a las Juntas. Fueron diversas las opiniones sobre la pel\u00edcula, pero todxs rescataron el debate que est\u00e1 generando la producci\u00f3n, y mencionaron la demanda de las escuelas, sindicatos y organizaciones que est\u00e1n usando la pel\u00edcula para impulsar el encuentro con otrxs.<\/p>\n<p><img loading=\"lazy\" decoding=\"async\" class=\" wp-image-18480 aligncenter\" src=\"http:\/\/fmriachuelo.com.ar\/wp-content\/uploads\/2022\/11\/WhatsApp-Image-2022-11-02-at-14.31.50-2-300x225.jpeg\" alt=\"\" width=\"420\" height=\"315\"><\/p>\n<p>Cerrando el debate habl\u00f3 Nora Corti\u00f1as,&nbsp;militante de los derechos humanos y cofundadora de Madres de Plaza de Mayo, que celebr\u00f3 el encuentro y puso en valor la figura de todos los abogados, amigos y familiares que hicieron que el juicio sea posible: \u00abPara m\u00ed en toda la historia nuestra de militancia, hay que rescatar el valor de las personas que dieron testimonio para que podamos condenar a los genocidas. El amor y la fuerza que vemos en la gente que vuelve a revolcarse en ese dolor es lo que rescato del juicio. Tambi\u00e9n rescato el valor de los periodistas, que con valent\u00eda siguen compartiendo los testimonios y siguen los juicios. Yo quise venir hoy al debate, porque lo lindo que tenemos nosotros, es que nos juntamos, nos amamos y superamos el odio que hay alrededor nuestro.\u00bb<\/p>\n<p>&nbsp;<\/p>\n<p>&nbsp;<\/p>\n<p>&nbsp;<\/p>\n<p>&nbsp;<\/p>\n","protected":false},"excerpt":{"rendered":"<p>[FM Riachuelo, 02\/11\/2022] Ayer se realiz\u00f3 un cine debate sobre la pel\u00edcula Argentina 1985, en el Sindicato de Prensa de Buenos Aires, donde estuvieron presentes diversas expresiones de militancia por los derechos humanos. &nbsp; Esta actividad fue organizada tanto por SiPreBa como por la radio comunitaria La Retaguardia, con el objetivo de realizar un encuentro [&hellip;]<\/p>\n","protected":false},"author":1,"featured_media":18805,"comment_status":"closed","ping_status":"closed","sticky":false,"template":"","format":"standard","meta":{"_monsterinsights_skip_tracking":false,"_monsterinsights_sitenote_active":false,"_monsterinsights_sitenote_note":"","_monsterinsights_sitenote_category":0,"jnews-multi-image_gallery":[],"jnews_single_post":{"subtitle":"","format":"standard","video":"","gallery":"","source_name":"","source_url":"","via_name":"","via_url":"","override_template":"0","override":[{"template":"10","single_blog_custom":"","parallax":"1","fullscreen":"1","layout":"right-sidebar","sidebar":"default-sidebar","second_sidebar":"default-sidebar","sticky_sidebar":"1","share_position":"top","share_float_style":"share-monocrhome","show_share_counter":"1","show_view_counter":"1","show_featured":"1","show_post_meta":"1","show_post_author":"0","show_post_author_image":"1","show_post_date":"1","post_date_format":"default","post_date_format_custom":"Y\/m\/d","show_post_category":"1","show_post_reading_time":"0","post_reading_time_wpm":"300","show_zoom_button":"0","zoom_button_out_step":"2","zoom_button_in_step":"3","show_post_tag":"1","show_prev_next_post":"1","show_popup_post":"1","number_popup_post":"1","show_author_box":"1","show_post_related":"0","show_inline_post_related":"0"}],"override_image_size":"0","image_override":[{"single_post_thumbnail_size":"crop-500","single_post_gallery_size":"crop-500"}],"trending_post":"0","trending_post_position":"meta","trending_post_label":"Trending","sponsored_post":"0","sponsored_post_label":"Sponsored by","sponsored_post_name":"","sponsored_post_url":"","sponsored_post_logo_enable":"0","sponsored_post_logo":"","sponsored_post_desc":"","disable_ad":"0"},"jnews_primary_category":{"id":"","hide":""},"_joinchat":{"telephone":"+541128350055"},"footnotes":""},"categories":[58],"tags":[163,151],"class_list":["post-18683","post","type-post","status-publish","format-standard","has-post-thumbnail","hentry","category-noticiariachuelo","tag-comunicacion-2","tag-ddhh"],"_links":{"self":[{"href":"http:\/\/fmriachuelo.it10.com.ar\/index.php\/wp-json\/wp\/v2\/posts\/18683","targetHints":{"allow":["GET"]}}],"collection":[{"href":"http:\/\/fmriachuelo.it10.com.ar\/index.php\/wp-json\/wp\/v2\/posts"}],"about":[{"href":"http:\/\/fmriachuelo.it10.com.ar\/index.php\/wp-json\/wp\/v2\/types\/post"}],"author":[{"embeddable":true,"href":"http:\/\/fmriachuelo.it10.com.ar\/index.php\/wp-json\/wp\/v2\/users\/1"}],"replies":[{"embeddable":true,"href":"http:\/\/fmriachuelo.it10.com.ar\/index.php\/wp-json\/wp\/v2\/comments?post=18683"}],"version-history":[{"count":1,"href":"http:\/\/fmriachuelo.it10.com.ar\/index.php\/wp-json\/wp\/v2\/posts\/18683\/revisions"}],"predecessor-version":[{"id":18806,"href":"http:\/\/fmriachuelo.it10.com.ar\/index.php\/wp-json\/wp\/v2\/posts\/18683\/revisions\/18806"}],"wp:featuredmedia":[{"embeddable":true,"href":"http:\/\/fmriachuelo.it10.com.ar\/index.php\/wp-json\/wp\/v2\/media\/18805"}],"wp:attachment":[{"href":"http:\/\/fmriachuelo.it10.com.ar\/index.php\/wp-json\/wp\/v2\/media?parent=18683"}],"wp:term":[{"taxonomy":"category","embeddable":true,"href":"http:\/\/fmriachuelo.it10.com.ar\/index.php\/wp-json\/wp\/v2\/categories?post=18683"},{"taxonomy":"post_tag","embeddable":true,"href":"http:\/\/fmriachuelo.it10.com.ar\/index.php\/wp-json\/wp\/v2\/tags?post=18683"}],"curies":[{"name":"wp","href":"https:\/\/api.w.org\/{rel}","templated":true}]}}