{"id":1865,"date":"2016-05-20T14:18:19","date_gmt":"2016-05-20T14:18:19","guid":{"rendered":"http:\/\/fmriachuelo.com.ar\/ljkjklj\/?p=1865"},"modified":"2016-05-20T14:18:19","modified_gmt":"2016-05-20T14:18:19","slug":"jornada-nacional-de-lucha-de-la-confederacion-de-trabajadores-de-la-economia-popular-ctep","status":"publish","type":"post","link":"http:\/\/fmriachuelo.it10.com.ar\/index.php\/2016\/05\/20\/jornada-nacional-de-lucha-de-la-confederacion-de-trabajadores-de-la-economia-popular-ctep\/","title":{"rendered":"JORNADA NACIONAL DE LUCHA DE LA CONFEDERACI\u00d3N DE TRABAJADORES DE LA ECONOM\u00cdA POPULAR, CTEP"},"content":{"rendered":"<p style=\"text-align: justify\"><img loading=\"lazy\" decoding=\"async\" class=\"size-thumbnail wp-image-1867 alignleft\" src=\"http:\/\/fmriachuelo.com.ar\/ljkjklj\/wp-content\/uploads\/2016\/05\/ctep-3-150x150.jpg\" alt=\"ctep 3\" width=\"150\" height=\"150\" \/><img loading=\"lazy\" decoding=\"async\" class=\"size-thumbnail wp-image-1869 alignleft\" src=\"http:\/\/fmriachuelo.com.ar\/ljkjklj\/wp-content\/uploads\/2016\/05\/ctep-5-1-150x150.jpg\" alt=\"ctep 5\" width=\"150\" height=\"150\" \/><\/p>\n<p style=\"text-align: justify\">[FMR 20\/5\/16] En el d\u00eda de ayer se realiz\u00f3 una movilizaci\u00f3n de los trabajadores de la econom\u00eda popular, nucleados en la CTEP, en el marco de la Jornada Nacional de Lucha, en el cual el sector visibiliz\u00f3 sus principales reivindicaciones: Paritaria Social, Personer\u00eda Gremial y Participaci\u00f3n en el Consejo del Salario.<\/p>\n<p style=\"text-align: justify\">En la multitudinaria marcha participaron los trabajadores de la CTEP pertenecientes a las distintas ramas del gremio y se di\u00f3 cita a las 12 hs. frente al Obelisco de la CABA para dirigirse hasta las puertas del Ministerio de Trabajo. Frente a la sede ministerial confluy\u00f3 la gran masa movilizada donde Esteban \u00abGringo\u00bb Castro, Secretario General de la CTEP, dirigi\u00f3 unas palabras que expresaron las necesidades urgentes del sector m\u00e1s vulnerable de la econom\u00eda y que m\u00e0s est\u00e1 padeciendo las actuales pol\u00edticas de gobierno que desoyen a los sectores populares.<\/p>\n<p style=\"text-align: justify\">Recordamos que mientras se realizaba la numerosa marcha del sector del trabajo popular, dentro del Ministerio de Trabajo se reuni\u00f3 el Consejo del Salario con la participaci\u00f3n de las centrales sindicales que hoy representan al trabajo formal.<\/p>\n<p style=\"text-align: justify\"><img loading=\"lazy\" decoding=\"async\" class=\"alignnone size-thumbnail wp-image-1867\" src=\"http:\/\/fmriachuelo.com.ar\/ljkjklj\/wp-content\/uploads\/2016\/05\/ctep-3-150x150.jpg\" alt=\"ctep 3\" width=\"150\" height=\"150\" \/><img loading=\"lazy\" decoding=\"async\" class=\"alignnone size-thumbnail wp-image-1870\" src=\"http:\/\/fmriachuelo.com.ar\/ljkjklj\/wp-content\/uploads\/2016\/05\/ctep-4-150x150.jpg\" alt=\"ctep 4\" width=\"150\" height=\"150\" \/><\/p>\n","protected":false},"excerpt":{"rendered":"<p>[FMR 20\/5\/16] En el d\u00eda de ayer se realiz\u00f3 una movilizaci\u00f3n de los trabajadores de la econom\u00eda popular, nucleados en la CTEP, en el marco de la Jornada Nacional de Lucha, en el cual el sector visibiliz\u00f3 sus principales reivindicaciones: Paritaria Social, Personer\u00eda Gremial y Participaci\u00f3n en el Consejo del Salario. En la multitudinaria marcha [&hellip;]<\/p>\n","protected":false},"author":4,"featured_media":1868,"comment_status":"open","ping_status":"open","sticky":false,"template":"","format":"standard","meta":{"_monsterinsights_skip_tracking":false,"_monsterinsights_sitenote_active":false,"_monsterinsights_sitenote_note":"","_monsterinsights_sitenote_category":0,"jnews-multi-image_gallery":[],"jnews_single_post":[],"jnews_primary_category":[],"_joinchat":[],"footnotes":""},"categories":[75],"tags":[],"class_list":["post-1865","post","type-post","status-publish","format-standard","has-post-thumbnail","hentry","category-trabajo"],"_links":{"self":[{"href":"http:\/\/fmriachuelo.it10.com.ar\/index.php\/wp-json\/wp\/v2\/posts\/1865","targetHints":{"allow":["GET"]}}],"collection":[{"href":"http:\/\/fmriachuelo.it10.com.ar\/index.php\/wp-json\/wp\/v2\/posts"}],"about":[{"href":"http:\/\/fmriachuelo.it10.com.ar\/index.php\/wp-json\/wp\/v2\/types\/post"}],"author":[{"embeddable":true,"href":"http:\/\/fmriachuelo.it10.com.ar\/index.php\/wp-json\/wp\/v2\/users\/4"}],"replies":[{"embeddable":true,"href":"http:\/\/fmriachuelo.it10.com.ar\/index.php\/wp-json\/wp\/v2\/comments?post=1865"}],"version-history":[{"count":0,"href":"http:\/\/fmriachuelo.it10.com.ar\/index.php\/wp-json\/wp\/v2\/posts\/1865\/revisions"}],"wp:featuredmedia":[{"embeddable":true,"href":"http:\/\/fmriachuelo.it10.com.ar\/index.php\/wp-json\/"}],"wp:attachment":[{"href":"http:\/\/fmriachuelo.it10.com.ar\/index.php\/wp-json\/wp\/v2\/media?parent=1865"}],"wp:term":[{"taxonomy":"category","embeddable":true,"href":"http:\/\/fmriachuelo.it10.com.ar\/index.php\/wp-json\/wp\/v2\/categories?post=1865"},{"taxonomy":"post_tag","embeddable":true,"href":"http:\/\/fmriachuelo.it10.com.ar\/index.php\/wp-json\/wp\/v2\/tags?post=1865"}],"curies":[{"name":"wp","href":"https:\/\/api.w.org\/{rel}","templated":true}]}}