{"id":18610,"date":"2022-11-09T00:29:51","date_gmt":"2022-11-09T00:29:51","guid":{"rendered":"http:\/\/fmriachuelo.com.ar\/?p=18610"},"modified":"2025-02-26T14:07:07","modified_gmt":"2025-02-26T17:07:07","slug":"asambleas-populares-por-la-emergencia-alimentaria","status":"publish","type":"post","link":"http:\/\/fmriachuelo.it10.com.ar\/index.php\/2022\/11\/09\/asambleas-populares-por-la-emergencia-alimentaria\/","title":{"rendered":"ASAMBLEAS POPULARES POR LA EMERGENCIA ALIMENTARIA"},"content":{"rendered":"<p><b>[FM Riachuelo, 08\/11\/2022] Este lunes, los Movimientos Populares nucleados en la UTEP dieron a conocer un comunicado sobre una preocupaci\u00f3n que es reflejo de la realidad de las mayor\u00edas de los barrios populares: el hambre. En medio de la situaci\u00f3n alimentaria cr\u00edtica que atraviesa nuestro pueblo, los Movimientos Populares siguen apostando por una comunidad organizada para resistir las embestidas de un sistema al que no le importa garantizar el acceso al alimento. Los trabajadores de la Econom\u00eda Popular que construyen alternativa tambi\u00e9n est\u00e1n emprendiendo este debate en asambleas territoriales. Conversamos con Daniel Trigo, de la Regional Sur de la Corriente Pueblo Unido, una de las Organizaciones que integra la UTEP que est\u00e1 llevando adelante estas asambleas con el objetivo de debatir y definir acciones para encarar esta problem\u00e1tica tan grave.<\/b><\/p>\n<p><span style=\"font-weight: 400\">Este lunes, la Uni\u00f3n de Trabajadores y Trabajadoras de la Econom\u00eda Popular public\u00f3 en sus redes sociales un comunicado titulado \u201cEl hambre y las ni\u00f1eces no pueden esperar\u201d. Estos son algunos fragmentos: <\/span><i><span style=\"font-weight: 400\">\u201cPasan gestiones en Desarrollo Social y la emergencia alimentaria sigue sin respuesta. Hoy los comedores est\u00e1n en estado cr\u00edtico y necesitan que el estado se haga cargo de la urgencia, garantizando el derecho b\u00e1sico de la alimentaci\u00f3n para las familias que m\u00e1s lo necesitan\u2026<\/span><\/i><\/p>\n<p><i><span style=\"font-weight: 400\">\u2026Venimos luchando hace tiempo contra el hambre, el trabajo infantil y por espacios adecuados para las ni\u00f1eces mientras sus padres y madres trabajan en las diferentes ramas de la econom\u00eda popular. Pero es urgente que el estado profundice con pol\u00edticas p\u00fablicas estas experiencias.\u201d<\/span><\/i><\/p>\n<p><span style=\"font-weight: 400\">De esta manera, se impulsaron asambleas territoriales en las que se debati\u00f3 la situaci\u00f3n alimentaria.<\/span><\/p>\n<p><img loading=\"lazy\" decoding=\"async\" class=\" wp-image-18612 alignright\" src=\"http:\/\/fmriachuelo.com.ar\/wp-content\/uploads\/2022\/11\/pueblo-unido3-300x225.jpeg\" alt=\"\" width=\"370\" height=\"278\" srcset=\"http:\/\/fmriachuelo.it10.com.ar\/wp-content\/uploads\/2022\/11\/pueblo-unido3-300x225.jpeg 300w, http:\/\/fmriachuelo.it10.com.ar\/wp-content\/uploads\/2022\/11\/pueblo-unido3-1024x768.jpeg 1024w, http:\/\/fmriachuelo.it10.com.ar\/wp-content\/uploads\/2022\/11\/pueblo-unido3-768x576.jpeg 768w, http:\/\/fmriachuelo.it10.com.ar\/wp-content\/uploads\/2022\/11\/pueblo-unido3-750x563.jpeg 750w, http:\/\/fmriachuelo.it10.com.ar\/wp-content\/uploads\/2022\/11\/pueblo-unido3-1140x855.jpeg 1140w, http:\/\/fmriachuelo.it10.com.ar\/wp-content\/uploads\/2022\/11\/pueblo-unido3.jpeg 1280w\" sizes=\"auto, (max-width: 370px) 100vw, 370px\" \/><\/p>\n<p><span style=\"font-weight: 400\">En conversaci\u00f3n con la FM Riachuelo, Daniel Trigo, de la Regional Sur de la Corriente Pueblo Unido, una de las Organizaciones que integra la UTEP que lleva adelante estas asambleas, cont\u00f3 c\u00f3mo se organizaron: <\/span><i><span style=\"font-weight: 400\">\u201cNosotros decidimos desarrollar asambleas en todos los distritos en los que estamos en funci\u00f3n de debatir con nuestros compa\u00f1eros y hacer llegar la voz, que tiene que ver con que el hambre es una realidad\u201d<\/span><\/i><span style=\"font-weight: 400\"> y comparti\u00f3 las primeras conclusiones a las que llegaron:<\/span><i><span style=\"font-weight: 400\"> \u201cEs una realidad que no se resuelve no entregando alimentos a los comedores, sino teniendo una pol\u00edtica alimentaria juntamente con las otras: con los programas sociales, con el trabajo; es una sola pol\u00edtica.\u201d<\/span><\/i><\/p>\n<p><span style=\"font-weight: 400\">\u00a0<\/span><\/p>\n<p><img loading=\"lazy\" decoding=\"async\" class=\" wp-image-18614 alignleft\" src=\"http:\/\/fmriachuelo.com.ar\/wp-content\/uploads\/2022\/11\/pueblo-unido4-300x225.jpeg\" alt=\"\" width=\"339\" height=\"254\" srcset=\"http:\/\/fmriachuelo.it10.com.ar\/wp-content\/uploads\/2022\/11\/pueblo-unido4-300x225.jpeg 300w, http:\/\/fmriachuelo.it10.com.ar\/wp-content\/uploads\/2022\/11\/pueblo-unido4-1024x768.jpeg 1024w, http:\/\/fmriachuelo.it10.com.ar\/wp-content\/uploads\/2022\/11\/pueblo-unido4-768x576.jpeg 768w, http:\/\/fmriachuelo.it10.com.ar\/wp-content\/uploads\/2022\/11\/pueblo-unido4-1536x1152.jpeg 1536w, http:\/\/fmriachuelo.it10.com.ar\/wp-content\/uploads\/2022\/11\/pueblo-unido4-750x563.jpeg 750w, http:\/\/fmriachuelo.it10.com.ar\/wp-content\/uploads\/2022\/11\/pueblo-unido4-1140x855.jpeg 1140w, http:\/\/fmriachuelo.it10.com.ar\/wp-content\/uploads\/2022\/11\/pueblo-unido4.jpeg 1600w\" sizes=\"auto, (max-width: 339px) 100vw, 339px\" \/><\/p>\n<p><span style=\"font-weight: 400\">Adem\u00e1s, reflexion\u00f3 sobre la necesidad de dar respuesta a estos problemas desde la Econom\u00eda Popular en estos contextos: <\/span><i><span style=\"font-weight: 400\">\u201cAlgunos, especialmente algunos pol\u00edticos, nos ven como un peligro, y yo creo que nosotros somos parte\u00a0<\/span><\/i><i>de la soluci\u00f3n. Yo escucho en estos d\u00edas algunos comentarios de algunos dirigentes pol\u00edticos diciendo que en la medida que se desarrolle el trabajo, fundamentalmente el trabajo del sistema capitalista, se va a resolver el problema de la incorporaci\u00f3n de trabajadores. Nosotros creemos que eso es mentira. Esa realidad, con las mejores de las intenciones, no puede incorporar a m\u00e1s de 200 mil personas en un pa\u00eds con 10 millones de personas por fuera del sistema. Los trabajadores de la Econom\u00eda Popular tenemos las herramientas, tenemos los compa\u00f1eros, tenemos formaci\u00f3n, cooperativas; con las cuales podemos desarrollar actividades que resuelvan los problemas de mucha gente de nuestro pueblo. Hay muchas cosas que se dicen en funci\u00f3n de la campa\u00f1a electoral y no se dicen en funci\u00f3n de resolver las realidades pol\u00edticas que tenemos.\u201d<\/i><\/p>\n<p><i><span style=\"font-weight: 400\">\u201cEsta lucha no va a ser f\u00e1cil pero creo que tenemos que prepararnos para ello. Creo que la UTEP tiene que desarrollar las herramientas para construir una sociedad diferente\u201d<\/span><\/i><span style=\"font-weight: 400\">, enfatiz\u00f3.<\/span><\/p>\n<p><a href=\"https:\/\/ar.radiocut.fm\/audiocut\/asambleas-populares-por-emergencia-alimentaria\/\" target=\"_blank\" rel=\"noopener\"><b>Escuch\u00e1 la entrevista completa ac\u00e1\u00a0<\/b><\/a><\/p>\n","protected":false},"excerpt":{"rendered":"<p>[FM Riachuelo, 08\/11\/2022] Este lunes, los Movimientos Populares nucleados en la UTEP dieron a conocer un comunicado sobre una preocupaci\u00f3n que es reflejo de la realidad de las mayor\u00edas de los barrios populares: el hambre. En medio de la situaci\u00f3n alimentaria cr\u00edtica que atraviesa nuestro pueblo, los Movimientos Populares siguen apostando por una comunidad organizada [&hellip;]<\/p>\n","protected":false},"author":1,"featured_media":18622,"comment_status":"closed","ping_status":"closed","sticky":false,"template":"","format":"standard","meta":{"_monsterinsights_skip_tracking":false,"_monsterinsights_sitenote_active":false,"_monsterinsights_sitenote_note":"","_monsterinsights_sitenote_category":0,"jnews-multi-image_gallery":[],"jnews_single_post":{"format":"standard"},"jnews_primary_category":[],"_joinchat":[],"footnotes":""},"categories":[58],"tags":[154,157,162],"class_list":["post-18610","post","type-post","status-publish","format-standard","has-post-thumbnail","hentry","category-noticiariachuelo","tag-economia-popular-2","tag-nadie-se-salva-solo","tag-salud-comunitaria"],"_links":{"self":[{"href":"http:\/\/fmriachuelo.it10.com.ar\/index.php\/wp-json\/wp\/v2\/posts\/18610","targetHints":{"allow":["GET"]}}],"collection":[{"href":"http:\/\/fmriachuelo.it10.com.ar\/index.php\/wp-json\/wp\/v2\/posts"}],"about":[{"href":"http:\/\/fmriachuelo.it10.com.ar\/index.php\/wp-json\/wp\/v2\/types\/post"}],"author":[{"embeddable":true,"href":"http:\/\/fmriachuelo.it10.com.ar\/index.php\/wp-json\/wp\/v2\/users\/1"}],"replies":[{"embeddable":true,"href":"http:\/\/fmriachuelo.it10.com.ar\/index.php\/wp-json\/wp\/v2\/comments?post=18610"}],"version-history":[{"count":1,"href":"http:\/\/fmriachuelo.it10.com.ar\/index.php\/wp-json\/wp\/v2\/posts\/18610\/revisions"}],"predecessor-version":[{"id":22125,"href":"http:\/\/fmriachuelo.it10.com.ar\/index.php\/wp-json\/wp\/v2\/posts\/18610\/revisions\/22125"}],"wp:featuredmedia":[{"embeddable":true,"href":"http:\/\/fmriachuelo.it10.com.ar\/index.php\/wp-json\/wp\/v2\/media\/18622"}],"wp:attachment":[{"href":"http:\/\/fmriachuelo.it10.com.ar\/index.php\/wp-json\/wp\/v2\/media?parent=18610"}],"wp:term":[{"taxonomy":"category","embeddable":true,"href":"http:\/\/fmriachuelo.it10.com.ar\/index.php\/wp-json\/wp\/v2\/categories?post=18610"},{"taxonomy":"post_tag","embeddable":true,"href":"http:\/\/fmriachuelo.it10.com.ar\/index.php\/wp-json\/wp\/v2\/tags?post=18610"}],"curies":[{"name":"wp","href":"https:\/\/api.w.org\/{rel}","templated":true}]}}