{"id":18595,"date":"2022-11-08T20:22:06","date_gmt":"2022-11-08T20:22:06","guid":{"rendered":"http:\/\/fmriachuelo.com.ar\/?p=18595"},"modified":"2025-02-26T14:09:12","modified_gmt":"2025-02-26T17:09:12","slug":"bolivia-a-3-anos-nuevamente-el-golpe-esta-en-marcha-pero-hay-un-pueblo-valiente-y-digno-que-resiste","status":"publish","type":"post","link":"http:\/\/fmriachuelo.it10.com.ar\/index.php\/2022\/11\/08\/bolivia-a-3-anos-nuevamente-el-golpe-esta-en-marcha-pero-hay-un-pueblo-valiente-y-digno-que-resiste\/","title":{"rendered":"BOLIVIA: A 3 A\u00d1OS, NUEVAMENTE EL GOLPE EST\u00c1 EN MARCHA PERO HAY UN PUEBLO VALIENTE Y DIGNO QUE RESISTE."},"content":{"rendered":"<p><strong>[Fernando Valdivia* 08\/11\/2022] Desde Bolivia, una vez m\u00e1s nos es grato compartir con ustedes este espacio para informarles de la situaci\u00f3n por la que estamos atravesando, particularmente en la ciudad de Santa Cruz de la Sierra ya que, una vez m\u00e1s, la oposici\u00f3n conservadora se ha propuesto alterar el orden p\u00fablico desencadenando un paro que ellos llaman \u201cc\u00edvico\u201d, pero que no es otra cosa que la paralizaci\u00f3n de una ciudad mediante el terror.<\/strong><\/p>\n<p>Bandas paramilitares perfectamente entrenadas y armadas, se ubican en las intersecciones de las principales avenidas y calles, pinchan las llantas de los veh\u00edculos, les rompen los vidrios y de esa manera obligan a parar el transporte p\u00fablico. Adem\u00e1s, amedrentan a los comerciantes y a los transe\u00fantes; de esa manera imponen un paro que aqu\u00ed pocos quieren. Y es que la inmensa mayor\u00eda de la gente vive del d\u00eda a d\u00eda, de vender una hamburguesa en la esquina, de hacer refresco casero, de abrir el taller de cerrajer\u00eda o de la carpinter\u00eda, en fin. A todos ellos se les obliga a cerrar. Inclusive los colegios y las escuelas permanecen cerradas con un impredecible impacto a mediano y largo plazo.<\/p>\n<p>Incre\u00edblemente las grandes f\u00e1bricas y empresas continuaban funcionando. La patronal obligaba a los obreros a asistir a sus fuentes de trabajo y con el pretexto de que son industrias estrat\u00e9gicas, no pararon. Pero <strong>la paciencia del pueblo tiene un l\u00edmite y se ha levantado<\/strong>. En los barrios los vecinos abren sus negocios y combaten diariamente a las hordas paramilitares que se denominan a s\u00ed mismas Uni\u00f3n Juvenil Cruce\u00f1ista. Esta banda delincuencial ya actu\u00f3 durante el golpe de estado que depuso al compa\u00f1ero Evo Morales. El gobierno actual, respetando la legislaci\u00f3n y el debido proceso, poco ha podido hacer para desmantelar estas bandas criminales que se valen de subterfugios legales para seguir actuando impunemente.<\/p>\n<p>Esta vez, sin embargo, el pretexto del paro ha sido la postergaci\u00f3n de un censo Nacional de Poblaci\u00f3n y Vivienda. El gobierno ha alentado el di\u00e1logo para convencer p\u00fablica y abiertamente de sus razones, inclusive aceptando reuniones con la oposici\u00f3n que han sido transmitidas en vivo por la televisi\u00f3n. En estos encuentros se ha puesto en evidencia la falta de solvencia t\u00e9cnica de los argumentos de la oposici\u00f3n, que luego se vale de cualquier pretexto para romper el di\u00e1logo y persistir con sus medidas de presi\u00f3n.<\/p>\n<p>A todo ello, el pueblo, particularmente <strong>los sectores campesinos, ind\u00edgenas, originarios, ha reaccionado procediendo a hacer un cerco a la ciudad de Santa Cruz de la Sierra. Bajo la consigna de \u201csi paramos, paramos todos\u201d<\/strong> se ha procedido al cierre de las f\u00e1bricas de los ricos; entonces la oposici\u00f3n se las ha visto negras y ha intentado volver a los di\u00e1logos pero para no negociar nada. Se amparan en resoluciones de un Cabildo que reuni\u00f3 unas 200.000 personas, olvidando que el pueblo organiz\u00f3 otro Cabildo unos d\u00edas despu\u00e9s mucho m\u00e1s numeroso que el de ellos, donde se exigi\u00f3 el derecho a trabajar y a transitar libremente por las calles, derechos hoy conculcados por las bandas armadas de la derecha.<\/p>\n<p>En estos momentos, la resistencia contin\u00faa en toda la ciudad y los enfrentamientos desiguales son de todos los d\u00edas. De a poco el cerco campesino empieza hacer efecto y la derecha arrinconada, con la complicidad de los medios de comunicaci\u00f3n que le son funcionales, exporta la imagen de un censo de salvajes a inocentes ciudadanos, de hordas del MAS que atacan a cruce\u00f1os. Utilizando ese lenguaje enga\u00f1oso, procuran incentivar el odio, el racismo y el regionalismo. Queremos que ustedes se enteren de esta situaci\u00f3n y la difundan, porque es el mismo libreto que ensayaron hace 3 a\u00f1os los mismos personajes para promover el golpe de estado que puso en el gobierno a una dictadura por casi un a\u00f1o en el pa\u00eds.<\/p>\n<p>El gobierno ha convocado a una Mesa T\u00e9cnica con presencia de organismos internacionales, que debe definir la fecha del censo. De esta forma, se le quita a la derecha el pretexto; pero ella igual insiste en el paro y en el chantaje. Por lo pronto -a hoy, martes 08 de noviembre- se ha establecido una <strong>tregua unilateral de los movimientos sociales<\/strong> que han resuelto dejar sin efecto el cerco a la ciudad. Algunos sectores duros de la derecha confunden esta actitud con debilidad, pero estamos muy firmes y seguiremos en la lucha. Esperamos que el conflicto se desactive al finalizar la semana, cuando esa mesa t\u00e9cnica emita su informe y se defina la fecha del Censo.<\/p>\n<p>Deseamos que este mensaje sea difundido tambi\u00e9n entre la comunidad boliviana tan numerosa en Argentina y en particular en Buenos Aires, para que se sepa que vivimos horas muy dif\u00edciles y dram\u00e1ticas, que <strong>el golpe de estado est\u00e1 en marcha, pero que hay un pueblo valiente y digno que resiste y resistir\u00e1<\/strong>.<\/p>\n<p><strong>*Referente de Movimiento Guevarista de Bolivia.<\/strong><\/p>\n","protected":false},"excerpt":{"rendered":"<p>[Fernando Valdivia* 08\/11\/2022] Desde Bolivia, una vez m\u00e1s nos es grato compartir con ustedes este espacio para informarles de la situaci\u00f3n por la que estamos atravesando, particularmente en la ciudad de Santa Cruz de la Sierra ya que, una vez m\u00e1s, la oposici\u00f3n conservadora se ha propuesto alterar el orden p\u00fablico desencadenando un paro que [&hellip;]<\/p>\n","protected":false},"author":1,"featured_media":18596,"comment_status":"closed","ping_status":"closed","sticky":false,"template":"","format":"standard","meta":{"_monsterinsights_skip_tracking":false,"_monsterinsights_sitenote_active":false,"_monsterinsights_sitenote_note":"","_monsterinsights_sitenote_category":0,"jnews-multi-image_gallery":[],"jnews_single_post":{"format":"standard"},"jnews_primary_category":[],"_joinchat":[],"footnotes":""},"categories":[58],"tags":[164,151,70],"class_list":["post-18595","post","type-post","status-publish","format-standard","has-post-thumbnail","hentry","category-noticiariachuelo","tag-comunicacion-pop","tag-ddhh","tag-de-la-patria-grande"],"_links":{"self":[{"href":"http:\/\/fmriachuelo.it10.com.ar\/index.php\/wp-json\/wp\/v2\/posts\/18595","targetHints":{"allow":["GET"]}}],"collection":[{"href":"http:\/\/fmriachuelo.it10.com.ar\/index.php\/wp-json\/wp\/v2\/posts"}],"about":[{"href":"http:\/\/fmriachuelo.it10.com.ar\/index.php\/wp-json\/wp\/v2\/types\/post"}],"author":[{"embeddable":true,"href":"http:\/\/fmriachuelo.it10.com.ar\/index.php\/wp-json\/wp\/v2\/users\/1"}],"replies":[{"embeddable":true,"href":"http:\/\/fmriachuelo.it10.com.ar\/index.php\/wp-json\/wp\/v2\/comments?post=18595"}],"version-history":[{"count":1,"href":"http:\/\/fmriachuelo.it10.com.ar\/index.php\/wp-json\/wp\/v2\/posts\/18595\/revisions"}],"predecessor-version":[{"id":22126,"href":"http:\/\/fmriachuelo.it10.com.ar\/index.php\/wp-json\/wp\/v2\/posts\/18595\/revisions\/22126"}],"wp:featuredmedia":[{"embeddable":true,"href":"http:\/\/fmriachuelo.it10.com.ar\/index.php\/wp-json\/wp\/v2\/media\/18596"}],"wp:attachment":[{"href":"http:\/\/fmriachuelo.it10.com.ar\/index.php\/wp-json\/wp\/v2\/media?parent=18595"}],"wp:term":[{"taxonomy":"category","embeddable":true,"href":"http:\/\/fmriachuelo.it10.com.ar\/index.php\/wp-json\/wp\/v2\/categories?post=18595"},{"taxonomy":"post_tag","embeddable":true,"href":"http:\/\/fmriachuelo.it10.com.ar\/index.php\/wp-json\/wp\/v2\/tags?post=18595"}],"curies":[{"name":"wp","href":"https:\/\/api.w.org\/{rel}","templated":true}]}}