{"id":1857,"date":"2016-05-19T16:15:05","date_gmt":"2016-05-19T16:15:05","guid":{"rendered":"http:\/\/fmriachuelo.com.ar\/ljkjklj\/?p=1857"},"modified":"2016-05-19T16:15:05","modified_gmt":"2016-05-19T16:15:05","slug":"contra-la-violencia-politica-y-a-favor-de-la-democracia","status":"publish","type":"post","link":"http:\/\/fmriachuelo.it10.com.ar\/index.php\/2016\/05\/19\/contra-la-violencia-politica-y-a-favor-de-la-democracia\/","title":{"rendered":"CONTRA LA VIOLENCIA POL\u00cdTICA Y A FAVOR DE LA DEMOCRACIA"},"content":{"rendered":"<div class=\"jeg_video_container jeg_video_content\"><iframe loading=\"lazy\" title=\"Marcha contra la violencia politica - 18\/5\/2016\" width=\"500\" height=\"281\" src=\"https:\/\/www.youtube.com\/embed\/kYflwalpKmw?feature=oembed\" frameborder=\"0\" allow=\"accelerometer; autoplay; clipboard-write; encrypted-media; gyroscope; picture-in-picture; web-share\" referrerpolicy=\"strict-origin-when-cross-origin\" allowfullscreen><\/iframe><\/div>\n<p><img loading=\"lazy\" decoding=\"async\" class=\"alignnone size-thumbnail wp-image-1858\" src=\"http:\/\/fmriachuelo.com.ar\/ljkjklj\/wp-content\/uploads\/2016\/05\/WhatsApp-Image-20160518-1-150x150.jpg\" alt=\"WhatsApp-Image-20160518 (1)\" width=\"150\" height=\"150\" \/><img loading=\"lazy\" decoding=\"async\" class=\"alignnone size-thumbnail wp-image-1859\" src=\"http:\/\/fmriachuelo.com.ar\/ljkjklj\/wp-content\/uploads\/2016\/05\/marcha-conf.-prensa-150x150.jpg\" alt=\"marcha conf. prensa\" width=\"150\" height=\"150\" \/><img loading=\"lazy\" decoding=\"async\" class=\"alignnone size-thumbnail wp-image-1860\" src=\"http:\/\/fmriachuelo.com.ar\/ljkjklj\/wp-content\/uploads\/2016\/05\/marcha-2-150x150.jpg\" alt=\"marcha 2\" width=\"150\" height=\"150\" \/><img loading=\"lazy\" decoding=\"async\" class=\"alignnone size-thumbnail wp-image-1862\" src=\"http:\/\/fmriachuelo.com.ar\/ljkjklj\/wp-content\/uploads\/2016\/05\/marcha4-150x150.jpg\" alt=\"marcha4\" width=\"150\" height=\"150\" \/><img loading=\"lazy\" decoding=\"async\" class=\"alignnone size-thumbnail wp-image-1861\" src=\"http:\/\/fmriachuelo.com.ar\/ljkjklj\/wp-content\/uploads\/2016\/05\/marcha3-150x150.jpg\" alt=\"marcha3\" width=\"150\" height=\"150\" \/><\/p>\n<p>[FMR 19\/5\/16]Ayer por la tarde una masiva concurrencia respondi\u00f3 a la consigna\u00a0\u00abPor los negocios inmobiliarios son capaces de matar la democracia y Basta de violencia institucional\u00bb con la que se convoc\u00f3 a una conferencia de prensa frente a la subsede de la Comuna 4 (Suarez 2032) y luego se realiz\u00f3\u00a0una marcha por las calles de La Boca para finalizar en los terrenos arrebatados de Casa Amarilla. En rechazo un\u00e1nime a la violencia desatada en la cesi\u00f3n del Consejo Consultivo de la Comuna 4 donde resultaron heridos dos militantes territoriales.<\/p>\n<p>En la conferencia de prensa se ley\u00f3 un documento que repudiaba los hechos de violencia al mismo tiempo que responsabilizaba a Jorge Apreda, autoridad del Consejo Consultivo 4, y al propio Horacio Rodriguez Larreta por los hechos ocurridos que pusieron en riesgo la vida de todos los concurrentes. En la conf. de prensa se hicieron presentes legisladores porte\u00f1os que le dieron respaldo al documento. A continuaci\u00f3n se emprendi\u00f3 una marcha por las calles de La Boca donde se fueron sumando vecinos y que finaliz\u00f3 mostrando la masividad de la convocatoria.<\/p>\n<p>Organizaciones barriales, sociales y pol\u00edticas junto a los vecinos no organizados sumaron unos 1.500 asistentes que se hicieron presentes para rechazar la violencia pol\u00edtica con filiaci\u00f3n en la alianza de gobierno Pro Cambiemos,.\u00a0Al mismo tiempo \u00a0se repudi\u00f3 la transferencia de las tierras de Casa Amarilla al club Boca Juniors que encubren\u00a0negocios mayores y tienen fines alejados del inter\u00e9s de los sectores populares.<\/p>\n<p>La convocatoria supero todas las expectativas y mostr\u00f3 que el pueblo no se deja amenazar y quiere\u00a0expresarse frente a los continuos atropellos de las pol\u00edticas de gobierno en esta Ciudad y la Naci\u00f3n que favorecen intereses corporativos mientras se desentienden de las personas.<\/p>\n<p>&nbsp;<\/p>\n","protected":false},"excerpt":{"rendered":"<p>[FMR 19\/5\/16]Ayer por la tarde una masiva concurrencia respondi\u00f3 a la consigna\u00a0\u00abPor los negocios inmobiliarios son capaces de matar la democracia y Basta de violencia institucional\u00bb con la que se convoc\u00f3 a una conferencia de prensa frente a la subsede de la Comuna 4 (Suarez 2032) y luego se realiz\u00f3\u00a0una marcha por las calles de [&hellip;]<\/p>\n","protected":false},"author":4,"featured_media":1858,"comment_status":"open","ping_status":"open","sticky":true,"template":"","format":"standard","meta":{"_monsterinsights_skip_tracking":false,"_monsterinsights_sitenote_active":false,"_monsterinsights_sitenote_note":"","_monsterinsights_sitenote_category":0,"jnews-multi-image_gallery":[],"jnews_single_post":[],"jnews_primary_category":[],"_joinchat":[],"footnotes":""},"categories":[1],"tags":[],"class_list":["post-1857","post","type-post","status-publish","format-standard","has-post-thumbnail","hentry","category-habitat"],"_links":{"self":[{"href":"http:\/\/fmriachuelo.it10.com.ar\/index.php\/wp-json\/wp\/v2\/posts\/1857","targetHints":{"allow":["GET"]}}],"collection":[{"href":"http:\/\/fmriachuelo.it10.com.ar\/index.php\/wp-json\/wp\/v2\/posts"}],"about":[{"href":"http:\/\/fmriachuelo.it10.com.ar\/index.php\/wp-json\/wp\/v2\/types\/post"}],"author":[{"embeddable":true,"href":"http:\/\/fmriachuelo.it10.com.ar\/index.php\/wp-json\/wp\/v2\/users\/4"}],"replies":[{"embeddable":true,"href":"http:\/\/fmriachuelo.it10.com.ar\/index.php\/wp-json\/wp\/v2\/comments?post=1857"}],"version-history":[{"count":0,"href":"http:\/\/fmriachuelo.it10.com.ar\/index.php\/wp-json\/wp\/v2\/posts\/1857\/revisions"}],"wp:featuredmedia":[{"embeddable":true,"href":"http:\/\/fmriachuelo.it10.com.ar\/index.php\/wp-json\/"}],"wp:attachment":[{"href":"http:\/\/fmriachuelo.it10.com.ar\/index.php\/wp-json\/wp\/v2\/media?parent=1857"}],"wp:term":[{"taxonomy":"category","embeddable":true,"href":"http:\/\/fmriachuelo.it10.com.ar\/index.php\/wp-json\/wp\/v2\/categories?post=1857"},{"taxonomy":"post_tag","embeddable":true,"href":"http:\/\/fmriachuelo.it10.com.ar\/index.php\/wp-json\/wp\/v2\/tags?post=1857"}],"curies":[{"name":"wp","href":"https:\/\/api.w.org\/{rel}","templated":true}]}}