{"id":1846,"date":"2016-05-18T13:42:13","date_gmt":"2016-05-18T13:42:13","guid":{"rendered":"http:\/\/fmriachuelo.com.ar\/ljkjklj\/?p=1846"},"modified":"2016-05-18T13:42:13","modified_gmt":"2016-05-18T13:42:13","slug":"venezuela-maduro-denuncia-campana-internacional-contra-el-pais","status":"publish","type":"post","link":"http:\/\/fmriachuelo.it10.com.ar\/index.php\/2016\/05\/18\/venezuela-maduro-denuncia-campana-internacional-contra-el-pais\/","title":{"rendered":"VENEZUELA: MADURO DENUNCIA CAMPA\u00d1A INTERNACIONAL CONTRA EL PA\u00cdS"},"content":{"rendered":"<p><img loading=\"lazy\" decoding=\"async\" class=\"size-thumbnail wp-image-1847\" src=\"http:\/\/fmriachuelo.com.ar\/ljkjklj\/wp-content\/uploads\/2016\/05\/nicolas-maduro-presidente-venezuela-1-150x150.jpg\" alt=\"CAR01. CARACAS (VENEZUELA), 30\/12\/2014.- El presidente venezolano, Nicol\u00e1s Maduro, habla durante una rueda de prensa sobre el &quot;programa econ\u00f3mico de recuperaci\u00f3n&quot; para el 2015 del pa\u00eds hoy, martes 30 de diciembre de 2014, en el Palacio de Miraflores de Caracas (Venezuela). EFE\/Miguel Guti\u00e9rrez\" width=\"150\" height=\"150\" \/><\/p>\n<p style=\"text-align: justify\">[Nodal, 18\/5\/16]Arremetidas sistem\u00e1ticas de estilo pol\u00edtico, medi\u00e1tico y diplom\u00e1tico emprendidas por el eje Bogot\u00e1-Madrid-Miami, se han recrudecido en los \u00faltimos meses contra la Revoluci\u00f3n Bolivariana para intentar derrocar al presidente de la Rep\u00fablica, Nicol\u00e1s Maduro, acabar con las conquistas sociales del pueblo y darle un zarpazo al centro de estabilidad democr\u00e1tica de la regi\u00f3n, que es Venezuela.<\/p>\n<p style=\"text-align: justify\">As\u00ed lo expres\u00f3 el jefe de Estado durante una rueda de prensa que ofreci\u00f3 que este martes desde el Sal\u00f3n Ayacucho del Palacio de Miraflores, ubicado en Caracas, donde denunci\u00f3 ante representantes de medios de comunicaci\u00f3n nacionales e internacionales, el empecinamiento de factores derechistas por socavar la democracia venezolana.<\/p>\n<p style=\"text-align: justify\">\u201cVenezuela en este momento est\u00e1 siendo el centro de una agresi\u00f3n sistem\u00e1tica, pol\u00edtica, medi\u00e1tica, de car\u00e1cter diplom\u00e1tico, que rompe los par\u00e1metros regulares de lo que hemos conocido en 17 a\u00f1os de Revoluci\u00f3n Bolivariana\u201d, afirm\u00f3 Maduro en transmisi\u00f3n conjunta de radio y televisi\u00f3n.<\/p>\n<p style=\"text-align: justify\">En este sentido, el Jefe de Estado exhort\u00f3 a jefes de Estado, l\u00edderes y dem\u00e1s personas de bien en el mundo, a solidarizarse con Venezuela ante los ataques.<!--more--><\/p>\n<p style=\"text-align: justify\">\u201cHacemos un llamado a la solidaridad mundial de l\u00edderes, de lideresas, de movimientos sociales, de presidentes, presidentas, primeros ministros, de gobiernos del mundo entero. En Venezuela se est\u00e1 jugando la paz de esta Am\u00e9rica y se est\u00e1 jugando el futuro de nuestra propia independencia en este siglo XXI\u201d, indic\u00f3.<\/p>\n<p style=\"text-align: justify\">El Mandatario present\u00f3 una investigaci\u00f3n que evidencia una campa\u00f1a de ataques que han recrudecido durante los \u00faltimos cuatro meses empresas de comunicaci\u00f3n de Colombia, Espa\u00f1a y Estados Unidos. En dichos peri\u00f3dicos se han difundido 1.315 informaciones, a p\u00e1gina entera y esquina de p\u00e1gina, acerca de Venezuela, de las que el 97% son negativas.<\/p>\n<p style=\"text-align: justify\">\u201cNo hay un pa\u00eds, un tema, de ese propio pa\u00eds o de esa propia ciudad que haya ameritado m\u00e1s atenci\u00f3n que Venezuela\u201d, sostuvo el Presidente, quien a\u00f1adi\u00f3 que de esas notas, 25 informan sobre de la Agenda Econ\u00f3mica Bolivariana y s\u00f3lo dos son positivas.<\/p>\n<p style=\"text-align: justify\">Adem\u00e1s hizo un repaso de las diversas estrategias que sectores de derecha han implementado en su intento por derrocar al gobierno, desde la postura complaciente del presidente Barack Obama ante el plan golpista La Salida \u2013impulsado por Leopoldo L\u00f3pez y que dej\u00f3 un saldo de 43 asesinados\u2013, hasta la m\u00e1s reciente injerencia del expresidente de Colombia \u00c1lvaro Uribe V\u00e9lez, quien pidi\u00f3 la irrupci\u00f3n de un ej\u00e9rcito internacional contra Venezuela.<\/p>\n<p style=\"text-align: justify\">Tambi\u00e9n mencion\u00f3 el asedio financiero contra el pa\u00eds perpetrado por las agencias calificadoras de riesgo, que emprenden un boicot internacional, a\u00fan cuando el Estado venezolano cumple regularmente con sus obligaciones de deuda, sumado a la guerra geopol\u00edtica promovida por el gobierno estadounidense, que inunda el mercado con petr\u00f3leo de lutitas, a trav\u00e9s del uso del fracking o fracturaci\u00f3n hidra\u00falica.<\/p>\n<p style=\"text-align: justify\">Maduro, quien fue ministro de Relaciones Exteriores por casi siete a\u00f1os durante el mandato de Hugo Ch\u00e1vez, resalt\u00f3: \u201cPuedo decir hoy que estamos siendo v\u00edctimas de la agresi\u00f3n medi\u00e1tica, pol\u00edtica, diplom\u00e1tica y de las amenazas m\u00e1s graves que ha vivido nuestro pa\u00eds en los \u00faltimos 10 a\u00f1os\u201d.<\/p>\n<p style=\"text-align: justify\"><strong>Intervenci\u00f3n extranjera<\/strong><\/p>\n<p style=\"text-align: justify\">El Primer Mandatario alert\u00f3 sobre el plan ejecutado por algunos sectores de la derecha local, en su intento por generar caos y violencia bajo la excusa del refer\u00e9ndum, para permitir una intervenci\u00f3n del Departamento de Estado de EEUU.<\/p>\n<p style=\"text-align: justify\">\u201cEl rol de los principales jefes y l\u00edderes de la derecha es garantizar los disturbios y la violencia para generar la credibilidad y la fuerza para el plan de intervenci\u00f3n\u201d, advirti\u00f3 el Dignatario en compa\u00f1\u00eda de algunos miembros de su Gabinete.<\/p>\n<p style=\"text-align: justify\">Pidi\u00f3 atenci\u00f3n y precauci\u00f3n ante los pr\u00f3ximos meses \u2014los \u00faltimos del gobierno de Obama\u2014, porque Washigton se ha propuesto restituir en el mundo su geopol\u00edtica de dominaci\u00f3n y su sistema neocolonial, por lo que se evidencia un ataque frontal y desmedido contra los pueblos soberanos de Am\u00e9rica Latina.<\/p>\n<p style=\"text-align: justify\">\u201cLa geopol\u00edtica imperial opera sobre la recomposici\u00f3n de sus capacidades de influencias perdida en los \u00faltimos 10 a\u00f1os. Esa geopol\u00edtica imperial se ha plateado retomar nuestra Am\u00e9rica como su patio trasero y retomando su influencia geopol\u00edtica sobre nuestra Am\u00e9rica, sobre nuestro recursos naturales\u201d, alert\u00f3.<\/p>\n<p style=\"text-align: justify\"><strong>Protesta internacional<\/strong><\/p>\n<p style=\"text-align: justify\">La irrupci\u00f3n en el espacio a\u00e9reo venezolano de un avi\u00f3n Boeing procedente de Estados Unidos \u2013equipado para labores de espionaje electr\u00f3nico\u2013 tambi\u00e9n fue denunciado este martes por el presidente Maduro.<\/p>\n<p style=\"text-align: justify\">La aeronave es utilizada \u201cpara apoyar comunicaciones de grupos armados, en zonas de guerra o para preparar condiciones para inutilizar equipos electr\u00f3nicos de funcionamiento del gobierno, la Fuerza Armada Nacional Bolivariana (Fanb) o de la econom\u00eda\u201d.<\/p>\n<p style=\"text-align: justify\">Ante esta acci\u00f3n, la Canciller\u00eda de la Rep\u00fablica elevar\u00e1 una protesta al gobierno estadounidense, para as\u00ed hacer prevalecer la soberan\u00eda nacional y el derecho internacional.<\/p>\n<p style=\"text-align: justify\">El avi\u00f3n, con capacidad t\u00e9cnica letal, incursion\u00f3 ilegalmente en el pa\u00eds los d\u00edas 11 y 13 de mayo y fue sacado del espacio a\u00e9reo nacional, por la acci\u00f3n de la Aviaci\u00f3n Militar Venezolana.<\/p>\n<p style=\"text-align: justify\">Esta rueda de prensa con periodistas nacionales e internacionales se realiz\u00f3 con una modalidad especial de transmisi\u00f3n simult\u00e1nea con embajadas y consulados de Venezuela a lo largo del mundo, que cont\u00f3 con la participaci\u00f3n de periodistas, l\u00edderes de opini\u00f3n y dirigentes progresistas.<\/p>\n<p style=\"text-align: justify\">Entre ellos destaca el periodista espa\u00f1ol Ignacio Ramonet, quien particip\u00f3 desde la embajada de Venezuela en Francia, y el soci\u00f3logo argentino Atilio Bor\u00f3n, quien estuvo en la embajada venezolana en Argentina. Asimismo particip\u00f3 desde Mosc\u00fa, Viera Ganzlia, diputada de la Federaci\u00f3n de Rusia, entre otros.<\/p>\n","protected":false},"excerpt":{"rendered":"<p>[Nodal, 18\/5\/16]Arremetidas sistem\u00e1ticas de estilo pol\u00edtico, medi\u00e1tico y diplom\u00e1tico emprendidas por el eje Bogot\u00e1-Madrid-Miami, se han recrudecido en los \u00faltimos meses contra la Revoluci\u00f3n Bolivariana para intentar derrocar al presidente de la Rep\u00fablica, Nicol\u00e1s Maduro, acabar con las conquistas sociales del pueblo y darle un zarpazo al centro de estabilidad democr\u00e1tica de la regi\u00f3n, que [&hellip;]<\/p>\n","protected":false},"author":4,"featured_media":1847,"comment_status":"open","ping_status":"open","sticky":false,"template":"","format":"standard","meta":{"_monsterinsights_skip_tracking":false,"_monsterinsights_sitenote_active":false,"_monsterinsights_sitenote_note":"","_monsterinsights_sitenote_category":0,"jnews-multi-image_gallery":[],"jnews_single_post":[],"jnews_primary_category":[],"_joinchat":[],"footnotes":""},"categories":[1],"tags":[],"class_list":["post-1846","post","type-post","status-publish","format-standard","has-post-thumbnail","hentry","category-habitat"],"_links":{"self":[{"href":"http:\/\/fmriachuelo.it10.com.ar\/index.php\/wp-json\/wp\/v2\/posts\/1846","targetHints":{"allow":["GET"]}}],"collection":[{"href":"http:\/\/fmriachuelo.it10.com.ar\/index.php\/wp-json\/wp\/v2\/posts"}],"about":[{"href":"http:\/\/fmriachuelo.it10.com.ar\/index.php\/wp-json\/wp\/v2\/types\/post"}],"author":[{"embeddable":true,"href":"http:\/\/fmriachuelo.it10.com.ar\/index.php\/wp-json\/wp\/v2\/users\/4"}],"replies":[{"embeddable":true,"href":"http:\/\/fmriachuelo.it10.com.ar\/index.php\/wp-json\/wp\/v2\/comments?post=1846"}],"version-history":[{"count":0,"href":"http:\/\/fmriachuelo.it10.com.ar\/index.php\/wp-json\/wp\/v2\/posts\/1846\/revisions"}],"wp:featuredmedia":[{"embeddable":true,"href":"http:\/\/fmriachuelo.it10.com.ar\/index.php\/wp-json\/"}],"wp:attachment":[{"href":"http:\/\/fmriachuelo.it10.com.ar\/index.php\/wp-json\/wp\/v2\/media?parent=1846"}],"wp:term":[{"taxonomy":"category","embeddable":true,"href":"http:\/\/fmriachuelo.it10.com.ar\/index.php\/wp-json\/wp\/v2\/categories?post=1846"},{"taxonomy":"post_tag","embeddable":true,"href":"http:\/\/fmriachuelo.it10.com.ar\/index.php\/wp-json\/wp\/v2\/tags?post=1846"}],"curies":[{"name":"wp","href":"https:\/\/api.w.org\/{rel}","templated":true}]}}