{"id":18423,"date":"2022-10-27T05:33:32","date_gmt":"2022-10-27T05:33:32","guid":{"rendered":"http:\/\/fmriachuelo.com.ar\/?p=18254"},"modified":"2025-02-26T14:13:14","modified_gmt":"2025-02-26T17:13:14","slug":"presentacion-del-proyecto-de-ley-educacion-de-gestion-social-cooperativa-y-comunitaria","status":"publish","type":"post","link":"http:\/\/fmriachuelo.it10.com.ar\/index.php\/2022\/10\/27\/presentacion-del-proyecto-de-ley-educacion-de-gestion-social-cooperativa-y-comunitaria\/","title":{"rendered":"PRESENTACI\u00d3N DEL PROYECTO DE LEY: \u201cEDUCACI\u00d3N DE GESTI\u00d3N SOCIAL, COOPERATIVA Y COMUNITARIA\u201d"},"content":{"rendered":"<p><strong>[FM Riachuelo, 27\/10\/2022] El d\u00eda de ayer 26 de Octubre se desarroll\u00f3 la presentaci\u00f3n del Proyecto de Ley \u201cEducaci\u00f3n de Gesti\u00f3n Social, Cooperativa y Comunitaria\u201d en la Sala del 2\u00ba piso del Anexo C del Congreso Nacional, ubicado en Avda. Rivadavia 1841, Ciudad Aut\u00f3noma de Buenos Aires. La presentaci\u00f3n del proyecto fue encabezado por el Diputado Nacional Eduardo Toniolli (Frente de Todos) y Natalia Peluso, Directora Nacional de Experiencias de Educaci\u00f3n Cooperativa y Comunitaria del Ministerio de Educaci\u00f3n, junto a legisladores, legisladoras y un enorme colectivo de organizaciones sociales, sindicales y eclesi\u00e1sticas que vienen desarrollando proyectos educativos de gesti\u00f3n social.<\/strong><\/p>\n<p><strong><img loading=\"lazy\" decoding=\"async\" class=\" wp-image-18259 alignright\" src=\"http:\/\/fmriachuelo.it10.com.ar\/wp-content\/uploads\/2022\/10\/EDUARDO-TONIOLLI-300x225.jpeg\" alt=\"\" width=\"253\" height=\"190\">Eduardo Toniolli<\/strong> explic\u00f3 que la necesidad de presentar este proyecto est\u00e1 fundada en que la <strong>Educaci\u00f3n de Gesti\u00f3n Social<\/strong>&nbsp;a pesar de estar reconocida en la <strong>Ley de Educaci\u00f3n Nacional<\/strong> no ha tenido un desarrollo o caracterizaci\u00f3n dentro de la citada Ley marco, de lo que se desprende que no se puede regular algo que no se nombra. Estas experiencias son nacidas desde la comunidad, de abajo hacia arriba y de la periferia al centro, con una experiencia muy fuerte de arraigo en el lugar donde se desarrollan respondiendo a una necesidad o una demanda de la comunidad.<\/p>\n<p><strong>FM Riachuelo<\/strong> presente en el lugar convers\u00f3 con <strong>Carolina Brandariz, directora de Cuidados Integrales del Ministerio de Desarrollo Social de la Naci\u00f3n, militante sindical de la Uni\u00f3n de Trabajadores de la Educaci\u00f3n (UTE):<\/strong> <em>\u201cEstamos aqu\u00ed acompa\u00f1ando la jornada porque hay muchas experiencias educativas que se construyen al calor de las barriadas m\u00e1s humildes, al calor de las organizaciones sociales que necesitan ser acompa\u00f1adas por el Estado para obtener garant\u00edas m\u00ednimas en pisos de dignidad, en equipamiento, en infraestructura, en salarios, en el reconocimiento del trabajo que hacen quienes sostienen la tarea diaria\u201d.<\/em><\/p>\n<p><img loading=\"lazy\" decoding=\"async\" class=\"size-medium wp-image-18260 alignleft\" src=\"http:\/\/fmriachuelo.it10.com.ar\/wp-content\/uploads\/2022\/10\/GRINGO-CASTRO-300x225.jpeg\" alt=\"\" width=\"300\" height=\"225\">Tambi\u00e9n estuvo presente <strong>Esteban Gringo Castro, Secretario Nacional de la Uni\u00f3n de Trabajadores y Trabajadoras de la Econom\u00eda Popular (UTEP)<\/strong> quien se refiri\u00f3 al trabajo que se realiza en estos espacios:<em> \u201cNo hay que dignificar este trabajo, ya es digno. Hay que ponerle guita, hay que poner infraestructura. Pero ya es muy digno. Por m\u00e1s que salga esta ley y logremos alguna conquista, todav\u00eda hay compa\u00f1eros y compa\u00f1eras que est\u00e1n dentro de la econom\u00eda popular que tienen que ser mirados con otra mirada, con un cambio de mirada. Ese cambio de mirada se logra si est\u00e1s dispuesto a salvarte del individualismo que te plantea este sistema capitalista que es cada vez peor. El capitalismo es deshumanizante, y los procesos de humanizaci\u00f3n est\u00e1n profundamente en lo que est\u00e1n haciendo ustedes todos los d\u00edas\u201d.<\/em><\/p>\n<p>Para cerrar la presentaci\u00f3n tomaron la palabra algunxs docentes. Todos destacaron que la <strong>Educaci\u00f3n de Gesti\u00f3n Social, Cooperativa y Comunitaria<\/strong> es un proyecto que se construye adapt\u00e1ndose a las realidades territoriales, por eso existen y se multiplican. Se construye desde las particularidades, desde la necesidad. <strong>Construyen educaci\u00f3n popular, no solo esa educaci\u00f3n de gestiona t\u00edtulos, sino una educaci\u00f3n que acompa\u00f1a las necesidades de la comunidad donde se desarrollan, con su forma de entender y de construir ese mundo que quieren, un mundo sin opresi\u00f3n.<\/strong><\/p>\n","protected":false},"excerpt":{"rendered":"<p>[FM Riachuelo, 27\/10\/2022] El d\u00eda de ayer 26 de Octubre se desarroll\u00f3 la presentaci\u00f3n del Proyecto de Ley \u201cEducaci\u00f3n de Gesti\u00f3n Social, Cooperativa y Comunitaria\u201d en la Sala del 2\u00ba piso del Anexo C del Congreso Nacional, ubicado en Avda. Rivadavia 1841, Ciudad Aut\u00f3noma de Buenos Aires. La presentaci\u00f3n del proyecto fue encabezado por el [&hellip;]<\/p>\n","protected":false},"author":5,"featured_media":18534,"comment_status":"closed","ping_status":"closed","sticky":false,"template":"","format":"standard","meta":{"_monsterinsights_skip_tracking":false,"_monsterinsights_sitenote_active":false,"_monsterinsights_sitenote_note":"","_monsterinsights_sitenote_category":0,"jnews-multi-image_gallery":[],"jnews_single_post":{"subtitle":"","format":"standard","video":"","gallery":"","source_name":"","source_url":"","via_name":"","via_url":"","override_template":"0","override":[{"template":"10","single_blog_custom":"","parallax":"1","fullscreen":"1","layout":"right-sidebar","sidebar":"default-sidebar","second_sidebar":"default-sidebar","sticky_sidebar":"1","share_position":"top","share_float_style":"share-monocrhome","show_share_counter":"1","show_view_counter":"1","show_featured":"1","show_post_meta":"1","show_post_author":"0","show_post_author_image":"1","show_post_date":"1","post_date_format":"default","post_date_format_custom":"Y\/m\/d","show_post_category":"1","show_post_reading_time":"0","post_reading_time_wpm":"300","show_zoom_button":"0","zoom_button_out_step":"2","zoom_button_in_step":"3","show_post_tag":"1","show_prev_next_post":"1","show_popup_post":"1","number_popup_post":"1","show_author_box":"1","show_post_related":"0","show_inline_post_related":"0"}],"override_image_size":"0","image_override":[{"single_post_thumbnail_size":"crop-500","single_post_gallery_size":"crop-500"}],"trending_post":"0","trending_post_position":"meta","trending_post_label":"Trending","sponsored_post":"0","sponsored_post_label":"Sponsored by","sponsored_post_name":"","sponsored_post_url":"","sponsored_post_logo_enable":"0","sponsored_post_logo":"","sponsored_post_desc":"","disable_ad":"0"},"jnews_primary_category":{"id":"","hide":""},"_joinchat":{"telephone":"91123714797"},"footnotes":""},"categories":[58],"tags":[158,92],"class_list":["post-18423","post","type-post","status-publish","format-standard","has-post-thumbnail","hentry","category-noticiariachuelo","tag-educacion-popular-3","tag-los-nuestros"],"_links":{"self":[{"href":"http:\/\/fmriachuelo.it10.com.ar\/index.php\/wp-json\/wp\/v2\/posts\/18423","targetHints":{"allow":["GET"]}}],"collection":[{"href":"http:\/\/fmriachuelo.it10.com.ar\/index.php\/wp-json\/wp\/v2\/posts"}],"about":[{"href":"http:\/\/fmriachuelo.it10.com.ar\/index.php\/wp-json\/wp\/v2\/types\/post"}],"author":[{"embeddable":true,"href":"http:\/\/fmriachuelo.it10.com.ar\/index.php\/wp-json\/wp\/v2\/users\/5"}],"replies":[{"embeddable":true,"href":"http:\/\/fmriachuelo.it10.com.ar\/index.php\/wp-json\/wp\/v2\/comments?post=18423"}],"version-history":[{"count":1,"href":"http:\/\/fmriachuelo.it10.com.ar\/index.php\/wp-json\/wp\/v2\/posts\/18423\/revisions"}],"predecessor-version":[{"id":18523,"href":"http:\/\/fmriachuelo.it10.com.ar\/index.php\/wp-json\/wp\/v2\/posts\/18423\/revisions\/18523"}],"wp:featuredmedia":[{"embeddable":true,"href":"http:\/\/fmriachuelo.it10.com.ar\/index.php\/wp-json\/wp\/v2\/media\/18534"}],"wp:attachment":[{"href":"http:\/\/fmriachuelo.it10.com.ar\/index.php\/wp-json\/wp\/v2\/media?parent=18423"}],"wp:term":[{"taxonomy":"category","embeddable":true,"href":"http:\/\/fmriachuelo.it10.com.ar\/index.php\/wp-json\/wp\/v2\/categories?post=18423"},{"taxonomy":"post_tag","embeddable":true,"href":"http:\/\/fmriachuelo.it10.com.ar\/index.php\/wp-json\/wp\/v2\/tags?post=18423"}],"curies":[{"name":"wp","href":"https:\/\/api.w.org\/{rel}","templated":true}]}}