{"id":18421,"date":"2017-06-20T11:35:00","date_gmt":"2017-06-20T11:35:00","guid":{"rendered":"http:\/\/fmriachuelo.observatorioess.org.ar\/index.php\/2015\/06\/19\/20-de-junio-dia-de-nuestra-bandera-nacional\/"},"modified":"2017-06-20T11:35:00","modified_gmt":"2017-06-20T11:35:00","slug":"20-de-junio-dia-de-nuestra-bandera-nacional","status":"publish","type":"post","link":"http:\/\/fmriachuelo.it10.com.ar\/index.php\/2017\/06\/20\/20-de-junio-dia-de-nuestra-bandera-nacional\/","title":{"rendered":"20 DE JUNIO: BELGRANO MUCHO M\u00c1S QUE EL CREADOR DE LA BANDERA"},"content":{"rendered":"<p><span style=\"font-family: Verdana, sans-serif;font-size: large\">BELGRANO\u00a0EL PATRIOTA DESOBEDIENTE <\/span><\/p>\n<div style=\"text-align: justify\">\n<p><span style=\"font-family: Verdana, sans-serif\">Manuel Belgrano fue el cuarto hijo de un matrimonio que tuvo ocho varones y tres mujeres. El padre, Domingo Belgrano y Peri, hab\u00eda llegado al Plata en 1751. Era genov\u00e9s. En Buenos Aires prosper\u00f3; obtuvo la naturalizaci\u00f3n; integr\u00f3 el n\u00facleo de comerciantes importantes; se cas\u00f3 en 1757 con do\u00f1a Mar\u00eda Josefa Gonz\u00e1lez Casero -de antiguo arraigo en la ciudad-, y dio a su numerosa familia, educaci\u00f3n esmerada y vida c\u00f3moda. Los hijos correspondieron a la solicitud de los padres: sirvieron al Estado en la milicia, en la administraci\u00f3n o el sacerdocio, con dedicaci\u00f3n y brillo.<\/span><\/p>\n<p>Fue en la Universidad de Salamanca, donde se matricul\u00f3, gradu\u00e1ndose de abogado en Valladolid en 1793. Poco ha contado Belgrano de su paso por las aulas peninsulares. M\u00e1s le interesaron las nuevas ideas econ\u00f3micas, las noticias de Francia y su revoluci\u00f3n &#8211; filtradas a pesar de la rigurosa censura -, las discusiones de los cen\u00e1culos madrile\u00f1os donde se hablaba de los fisi\u00f3cratas &#8211; m\u00e1gica palabra &#8211; y hac\u00edan adeptos Campomanes, Jovellanos, Alcal\u00e1 GaIiano.<\/p>\n<p>El 27 de junio de 1806 fue un d\u00eda de luto para Buenos Aires. Bajo un copioso aguacero desfilaron hacia el Fuerte los 1.500 hombres de Beresford, que abatieron la ense\u00f1a real, mientras el virrey Sobremonte marchaba, apresurado, hacia C\u00f3rdoba.<\/p>\n<p>Belgrano &#8211; capit\u00e1n honorario de milicias urbanas &#8211; hab\u00eda estado en el Fuerte para incorporarse a alguna de las compa\u00f1\u00edas que se organizaron y que nada hicieron, luego, para oponerse al invasor. \u00abConfieso que me indign\u00e9; me era muy doloroso ver a mi patria bajo otra dominaci\u00f3n y sobre todo en tal estado de degradaci\u00f3n que hubiera sido subyugada por una empresa aventurera, cual era la del bravo y honrado Beresford, cuyo valor admiro y admirar\u00e9 siempre en esta peligrosa empresa\u00bb.<br \/>\n<a name=\"more\"><\/a><span style=\"font-family: Verdana, sans-serif\"><br \/>\nD\u00edas m\u00e1s tarde los miembros del Consulado prestaron juramento de reconocimiento a la dominaci\u00f3n brit\u00e1nica. Belgrano se neg\u00f3 a hacerlo, y como fugado, pas\u00f3 a la Banda Oriental , de donde regres\u00f3, ya reconquistada la ciudad, aunque hab\u00edan sido sus prop\u00f3sitos participar en la lucha popular.<\/span><\/p>\n<p>Al organizarse las tropas para una nueva contingencia, Belgrano fue elegido sargento mayor del Regimiento de Patricios.<\/p>\n<p>Fue Jefe del RI1 Patricios durante 1811 y desde 1813 hasta 1814.<\/p>\n<p>Antes de la declaraci\u00f3n de la Independencia (9 de julio de 1816), declama ante los congresistas e insta a declarar cuanto antes la independencia. Propone una idea que contaba con el apoyo de <span style=\"font-family: Verdana, sans-serif\">San Mart\u00edn<\/span><span style=\"font-family: Verdana, sans-serif\">: la consagraci\u00f3n de una monarqu\u00eda: \u00abYa nuestros padres del congreso han resuelto revivir y reivindicar la sangre de nuestros Incas para que nos gobierne. Yo, yo mismo he o\u00eddo a los padres de nuestra patria reunidos, hablar y resolver rebosando de alegr\u00eda, que pondr\u00edan de nuestro rey a los hijos de nuestros Incas.\u00bb<\/span><\/p>\n<p>Belgrano que fue el promotor de la ense\u00f1anza obligatoria que el virrey Cisneros decret\u00f3 en 1810. Se destaca tambi\u00e9n su labor como periodista; despu\u00e9s de su actuaci\u00f3n en el Tel\u00e9grafo Mercantil, cre\u00f3 el Correo de Comercio, que se public\u00f3 entre 1810 y 1811, y en el cual se promovi\u00f3 la mejora de la producci\u00f3n, la industria y el comercio. Fundador de la Escuela de Matem\u00e1ticas en 1810, costeada por el Consulado, y de la Academia de Matem\u00e1ticas del Tucum\u00e1n, que en 1812 instaur\u00f3 para la educaci\u00f3n de los cadetes del ej\u00e9rcito.<\/p>\n<p>Dona sus sueldos y premios del ejercito para construir 40 escuelas publicas y hasta dicto el reglamento con que deb\u00edan funcionar. La historia oficial no lo cuenta, o lo disimula, tal vez para no quitarle el m\u00e9rito a Sarmiento,<\/p>\n<p>Por suerte, para nosotros, Belgrano tambi\u00e9n tuvo su faceta \u201cdesobediente\u201d<\/p>\n<p>La tarde del 25 de Mayo, Belgrano hace jurar la bandera en Jujuy, pero la Junta (<span style=\"font-family: Verdana, sans-serif\">Rivadavia<\/span><span style=\"font-family: Verdana, sans-serif\">) le reprocha \u201c\u2026la reparaci\u00f3n de tama\u00f1o desorden (la jura de la Bandera) \u2026\u201d (ya se lo hab\u00edan reprochado en Rosario). <\/span><\/p>\n<p>En el Norte, el ej\u00e9rcito de Belgrano, ante el avance de los Espa\u00f1oles, inicia el \u00e9xodo del pueblo Juje\u00f1o hacia Tucum\u00e1n, donde decide resistir apoyado por el entusiasmo de la gente \u201dSin mas armas que unas lanzas improvisadas, sin uniforme, ni otra montura que la silla y los guardamontes. No ten\u00edan disciplina ni tiempo de aprender al voces de mando, pero les sobraba entusiasmo&#8230;\u201d<\/p>\n<p>Rivadavia lo increpa para que se retire a C\u00f3rdoba pero Belgrano le escribe \u201c Algo es preciso aventurar y \u00e9sta es la ocasi\u00f3n de hacerlo; voy a presentar batalla fuera del pueblo y en caso desagraciado me encerrar\u00e9 en la plaza hasta concluir con honor&#8230;\u201d .<\/p>\n<p>Todav\u00eda el 29 insist\u00eda Rivadavia en la Retirada: \u201c As\u00ed lo ordena y manda este Gobierno por \u00faltima vez&#8230;la falta de cumplimiento de ella le deber\u00e1 a V.S. los mas graves cargos de responsabilidad\u201d (Historia Argentina de J.M. Rosa). Por suerte Belgrano, desobediente, finalmente hace frente y derrota a los realistas que deber\u00e1n retirarse con grandes perdidas de hombres y equipos militares, derrotados con los valientes gauchos que los ilustrados porte\u00f1os rebautizar\u00edan con el mas decente denominativo de \u201cvalientes campesinos a caballo\u201d . (&#8230;que patriota Rivadavia \u00a1\u00a1\u00a1\u00a1, estar\u00eda pensando en el negociado de las minas de Famatina o en el empr\u00e9stito Baring? Menos mal que tuvimos algunos patriotas \u201cdesobedientes\u201d)<\/p>\n<p>Belgrano es el creador de la bandera \u201cAzul y blanca\u201d y no la \u201cceleste y blanca\u201d que impusieron Sarmiento y Mitre. La bandera, creada en Rosario el 27 de febrero de 1812 por Belgrano inspirada en la escarapela azul-celeste del Triunvirato, debido al color de la her\u00e1ldica, que no es azul-turqu\u00ed ni celeste sino el que conocemos como azul. Nada tuvo que ver el color del cielo con que nos quisieron convencer.<\/p>\n<p>Algunos utilizan el argumento para defender el celeste, por el hecho de que por la \u201csincera religiosidad de Belgrano\u201d, este debi\u00f3 tomar el celeste de la virgen y no el azul. Sin embargo la \u201csincera religiosidad de Belgrano\u201d no contradice el hecho de que usara al azul ya que algunos suponen que el azul-celeste de los patricios. fue tomado de la Orden de Carlos III, otros, de la inmaculada Concepci\u00f3n\u201d, y otros que ambos colores (el blanco y el azul) fueron sacados del escudo de la ciudad de Buenos Aires, cuyos colores eran precisamente blanco y azul.\u201d Lo cierto es que el Congreso sancion\u00f3 la ley de banderas el 25 de enero de 1818 estableciendo que la insignia nacional estar\u00eda formada por \u201clos dos colores blanco y azul en el modo y la forma hasta ahora acostumbrados\u201d.<\/p>\n<p>Tampoco fueron \u201ccelestes y blancas\u201d las cintas que distinguieron a los patriotas del 22 de mayo, sino que eran solamente blancas o \u201cargentino\u201d que en la her\u00e1ldica simboliza \u201cla plata\u201d. Fueron solamente blancas. La cinta azul se agreg\u00f3 como distintivo del Regimiento de Patricios. Pero tampoco era celeste, sino tomados del azul y blanco del escudo de Buenos Aires.<\/p>\n<p>Azul y blanca fue la bandera que\u00a0flame\u00f3 en el fuerte de Buenos Aires, en Ituzaingo durante la guerra con brasil, y en la guerra del Paraguay. En 1813, Artigas le agregar\u00eda una franja colorada (punz\u00f3) cruzada para distinguirse de Buenos Aires sin desplazar la \u201cazul y blanca\u201d. La bandera cruzada fue usada en Entre R\u00edos y Corrientes. La cinta punz\u00f3 fue adoptada por los Federales, mientras los Unitarios, para distinguirse, usaron una cinta celeste, y no el azul de la bandera. Cuando Lavalle inici\u00f3 la invasi\u00f3n \u201clibertadora\u201d contra su patria (apoyado y financiado por Francia) tambi\u00e9n uso la bandera \u201cceleste y blanca\u201d para distinguirla de la nacional&#8230; \u201cni siquiera enarbolaron (los libertadores) el pabell\u00f3n nacional azul y blanco, sino el estandarte de la rebeli\u00f3n y la anarqu\u00eda celeste y blanco para que fuese m\u00e1s ominosa su invasi\u00f3n en alianza con el enemigo\u201d (Coronel salte\u00f1o Miguel Otero en carta Rufino Guido, hermano de Tomas Guido, el 22 de octubre de 1872. Memorias. ed. 1946, p\u00e1g. 165).<\/p>\n<p>Rosas, para evitar que al deste\u00f1irse por el sol, se confundiera con la del enemigo, la oscurece m\u00e1s, llev\u00e1ndola a un azul-turqu\u00ed. \u00bfPor qu\u00e9 Rosas eligi\u00f3 el azul turqu\u00ed? Por varias razones: porque el \u201cazul real\u201d es m\u00e1s noble y resiste por m\u00e1s tiempo, al sol, a la lluvia, etc. Rosas pens\u00f3 que el color argentino era el azul, porque asi lo estableci\u00f3 el decreto de la bandera nacional y de guerra del 25 de febrero 1818, y tambi\u00e9n porque el celeste siempre fue el color preferido de liberales y masones. Fue la bandera que, sin modificarse la ley flame\u00f3 en el fuerte, en la campa\u00f1a al desierto (1833 \u2013 1834) en la Vuelta de Obligado y en El Quebracho en 1845, y la misma que fue saludada en desagravio por el imperio ingles con 21 ca\u00f1onazos.<\/p>\n<div style=\"margin: 0cm 0cm 10pt\"><span style=\"color: blue\">Fuente: La Gazeta, Producci\u00f3n Riachuelo<\/span><\/div>\n<\/div>\n","protected":false},"excerpt":{"rendered":"<p>BELGRANO\u00a0EL PATRIOTA DESOBEDIENTE Manuel Belgrano fue el cuarto hijo de un matrimonio que tuvo ocho varones y tres mujeres. El padre, Domingo Belgrano y Peri, hab\u00eda llegado al Plata en 1751. Era genov\u00e9s. En Buenos Aires prosper\u00f3; obtuvo la naturalizaci\u00f3n; integr\u00f3 el n\u00facleo de comerciantes importantes; se cas\u00f3 en 1757 con do\u00f1a Mar\u00eda Josefa Gonz\u00e1lez [&hellip;]<\/p>\n","protected":false},"author":4,"featured_media":2051,"comment_status":"open","ping_status":"open","sticky":false,"template":"","format":"standard","meta":{"_monsterinsights_skip_tracking":false,"_monsterinsights_sitenote_active":false,"_monsterinsights_sitenote_note":"","_monsterinsights_sitenote_category":0,"jnews-multi-image_gallery":[],"jnews_single_post":[],"jnews_primary_category":[],"_joinchat":[],"footnotes":""},"categories":[76],"tags":[],"class_list":["post-18421","post","type-post","status-publish","format-standard","has-post-thumbnail","hentry","category-salud-comunitaria"],"_links":{"self":[{"href":"http:\/\/fmriachuelo.it10.com.ar\/index.php\/wp-json\/wp\/v2\/posts\/18421","targetHints":{"allow":["GET"]}}],"collection":[{"href":"http:\/\/fmriachuelo.it10.com.ar\/index.php\/wp-json\/wp\/v2\/posts"}],"about":[{"href":"http:\/\/fmriachuelo.it10.com.ar\/index.php\/wp-json\/wp\/v2\/types\/post"}],"author":[{"embeddable":true,"href":"http:\/\/fmriachuelo.it10.com.ar\/index.php\/wp-json\/wp\/v2\/users\/4"}],"replies":[{"embeddable":true,"href":"http:\/\/fmriachuelo.it10.com.ar\/index.php\/wp-json\/wp\/v2\/comments?post=18421"}],"version-history":[{"count":0,"href":"http:\/\/fmriachuelo.it10.com.ar\/index.php\/wp-json\/wp\/v2\/posts\/18421\/revisions"}],"wp:featuredmedia":[{"embeddable":true,"href":"http:\/\/fmriachuelo.it10.com.ar\/index.php\/wp-json\/"}],"wp:attachment":[{"href":"http:\/\/fmriachuelo.it10.com.ar\/index.php\/wp-json\/wp\/v2\/media?parent=18421"}],"wp:term":[{"taxonomy":"category","embeddable":true,"href":"http:\/\/fmriachuelo.it10.com.ar\/index.php\/wp-json\/wp\/v2\/categories?post=18421"},{"taxonomy":"post_tag","embeddable":true,"href":"http:\/\/fmriachuelo.it10.com.ar\/index.php\/wp-json\/wp\/v2\/tags?post=18421"}],"curies":[{"name":"wp","href":"https:\/\/api.w.org\/{rel}","templated":true}]}}