{"id":1842,"date":"2016-05-18T01:17:42","date_gmt":"2016-05-18T01:17:42","guid":{"rendered":"http:\/\/fmriachuelo.com.ar\/ljkjklj\/?p=1842"},"modified":"2016-05-18T01:17:42","modified_gmt":"2016-05-18T01:17:42","slug":"ctep-repudia-la-detencion-delegados-seom-jujuy","status":"publish","type":"post","link":"http:\/\/fmriachuelo.it10.com.ar\/index.php\/2016\/05\/18\/ctep-repudia-la-detencion-delegados-seom-jujuy\/","title":{"rendered":"CTEP REPUDIA LA DETENCI\u00d3N DELEGADOS SEOM JUJUY"},"content":{"rendered":"<p><img loading=\"lazy\" decoding=\"async\" class=\"size-thumbnail wp-image-1843 alignleft\" src=\"http:\/\/fmriachuelo.com.ar\/ljkjklj\/wp-content\/uploads\/2016\/05\/ctep-150x150.jpg\" alt=\"ctep\" width=\"150\" height=\"150\" \/>El pasado mi\u00e9rcoles fueron detenidos Santiago Seillant, Adri\u00e1n Mirkin y \u00c1lvaro Sandoval, del SEOM-Jujuy. Esta medida represiva es la respuesta del gobierno provincial a los reclamos que viene sosteniendo el gremio municipal ante la intendencia, que deriv\u00f3 en enfrentamientos con las fuerzas policiales el pasado mi\u00e9rcoles.<\/p>\n<p>Repudiamos los allanamientos y detenciones de los compa\u00f1eros, que es parte de la cruzada persecutoria que viven hoy los luchadores sociales en Jujuy, por parte de un gobierno que lejos de acudir al di\u00e1logo, usa la justicia para perseguir a trabajadores y militantes sociales.<\/p>\n<p>Exigimos su inmediata liberaci\u00f3n y desprocesamiento<br \/>\n\u00a1Basta de criminalizar la protesta social!<br \/>\n\u00a1Si tocan a uno, nos tocan a todos!<\/p>\n","protected":false},"excerpt":{"rendered":"<p>El pasado mi\u00e9rcoles fueron detenidos Santiago Seillant, Adri\u00e1n Mirkin y \u00c1lvaro Sandoval, del SEOM-Jujuy. Esta medida represiva es la respuesta del gobierno provincial a los reclamos que viene sosteniendo el gremio municipal ante la intendencia, que deriv\u00f3 en enfrentamientos con las fuerzas policiales el pasado mi\u00e9rcoles. Repudiamos los allanamientos y detenciones de los compa\u00f1eros, que [&hellip;]<\/p>\n","protected":false},"author":4,"featured_media":1843,"comment_status":"open","ping_status":"open","sticky":false,"template":"","format":"standard","meta":{"_monsterinsights_skip_tracking":false,"_monsterinsights_sitenote_active":false,"_monsterinsights_sitenote_note":"","_monsterinsights_sitenote_category":0,"jnews-multi-image_gallery":[],"jnews_single_post":[],"jnews_primary_category":[],"_joinchat":[],"footnotes":""},"categories":[75],"tags":[],"class_list":["post-1842","post","type-post","status-publish","format-standard","has-post-thumbnail","hentry","category-trabajo"],"_links":{"self":[{"href":"http:\/\/fmriachuelo.it10.com.ar\/index.php\/wp-json\/wp\/v2\/posts\/1842","targetHints":{"allow":["GET"]}}],"collection":[{"href":"http:\/\/fmriachuelo.it10.com.ar\/index.php\/wp-json\/wp\/v2\/posts"}],"about":[{"href":"http:\/\/fmriachuelo.it10.com.ar\/index.php\/wp-json\/wp\/v2\/types\/post"}],"author":[{"embeddable":true,"href":"http:\/\/fmriachuelo.it10.com.ar\/index.php\/wp-json\/wp\/v2\/users\/4"}],"replies":[{"embeddable":true,"href":"http:\/\/fmriachuelo.it10.com.ar\/index.php\/wp-json\/wp\/v2\/comments?post=1842"}],"version-history":[{"count":0,"href":"http:\/\/fmriachuelo.it10.com.ar\/index.php\/wp-json\/wp\/v2\/posts\/1842\/revisions"}],"wp:featuredmedia":[{"embeddable":true,"href":"http:\/\/fmriachuelo.it10.com.ar\/index.php\/wp-json\/"}],"wp:attachment":[{"href":"http:\/\/fmriachuelo.it10.com.ar\/index.php\/wp-json\/wp\/v2\/media?parent=1842"}],"wp:term":[{"taxonomy":"category","embeddable":true,"href":"http:\/\/fmriachuelo.it10.com.ar\/index.php\/wp-json\/wp\/v2\/categories?post=1842"},{"taxonomy":"post_tag","embeddable":true,"href":"http:\/\/fmriachuelo.it10.com.ar\/index.php\/wp-json\/wp\/v2\/tags?post=1842"}],"curies":[{"name":"wp","href":"https:\/\/api.w.org\/{rel}","templated":true}]}}