{"id":18410,"date":"2015-09-17T17:19:00","date_gmt":"2015-09-17T17:19:00","guid":{"rendered":"http:\/\/fmriachuelo.com.ar\/ljkjklj\/blog\/2015\/09\/17\/caba-maraton-por-la-urbanizacion-ya\/"},"modified":"2025-06-03T16:42:49","modified_gmt":"2025-06-03T19:42:49","slug":"caba-maraton-por-la-urbanizacion-ya","status":"publish","type":"post","link":"http:\/\/fmriachuelo.it10.com.ar\/index.php\/2015\/09\/17\/caba-maraton-por-la-urbanizacion-ya\/","title":{"rendered":"CABA: MARATON POR LA URBANIZACI\u00d3N YA"},"content":{"rendered":"<p><span style=\"color: red;font-family: Verdana, sans-serif;font-size: large\"><b>DESDE VILLA 31 HASTA LA RODRIGO BUENO: EN DEFENSA DE LA VIDA DIGNA<\/b><\/span><\/p>\n<div><span style=\"font-family: Verdana, sans-serif\">Rub\u00e9n \u00abChapa\u00bb Ver\u00f3n, &nbsp;del Hormiguero B\u00aa Fatima, nos cont\u00f3 esta nueva edici\u00f3n del evento que ojal\u00e1 no tuviera que hacerse, dijo. Un encuentro que a pesar del reclamo se hace con alegr\u00eda. Escuch\u00e1 <b><span style=\"color: #351c75\">&nbsp;<\/span><a href=\"http:\/\/www.mediafire.com\/listen\/35o46y8x43vlm4l\/09-17-2015_-_ARIEL_CHAPA_VER%C3%92N_-_EL_HORMIGUERO_BARRIO_F%C3%80TIMA_-_El_evento_es_el_domingo_de_Villa_31_al_barrio_Rodrigo_bueo.mp3\" target=\"_blank\" rel=\"noopener\">AQU\u00cd<\/a><\/b>&nbsp;su testimonio para <b>Romp\u00e9 el Cerco Informativo.<\/b><\/span><\/p>\n<div style=\"clear: both;text-align: center\"><a href=\"http:\/\/fmriachuelo.com.ar\/ljkjklj\/wp-content\/uploads\/2015\/09\/RODRIGO.jpg\" style=\"clear: left;float: left;margin-bottom: 1em;margin-right: 1em\"><img decoding=\"async\" border=\"0\" src=\"http:\/\/fmriachuelo.com.ar\/ljkjklj\/wp-content\/uploads\/2015\/09\/RODRIGO.jpg\" \/><\/a><\/div>\n<div>\n<div style=\"text-align: justify\"><span style=\"font-family: Verdana, sans-serif\"><b>El domingo 20 de septiembre a partir de las 9 30 se realizar\u00e1 la cuarta marat\u00f3n por la urbanizaci\u00f3n.<\/b>&nbsp;<\/span><\/div>\n<div style=\"text-align: justify\"><span style=\"font-family: Verdana, sans-serif\">Se concentrar\u00e1 en la Villa 31, frente al Supermercado ubicado en la intersecci\u00f3n de las calles Ant\u00e1rtida Argentina y Carlos Perette, a partir de las 10.30 se iniciar\u00e1 una caminata por el Barrio desde el comedor Padre Carlos Mugica.&nbsp;<\/span><\/div>\n<div style=\"text-align: justify\"><span style=\"font-family: Verdana, sans-serif\">A las 11 se dar\u00e1 comienzo a la marat\u00f3n en donde se correr\u00e1n 5 kil\u00f3metros hasta la Villa Rodrigo Bueno, en Costanera Sur, donde nos esperar\u00e1 un festival con bandas y la palabra de los representantes de la lucha hist\u00f3rica villera.&nbsp;<\/span><br \/><a name='more'><\/a><\/div>\n<div style=\"text-align: justify\"><span style=\"font-family: Verdana, sans-serif\">Convocamos a la cuarta marat\u00f3n por la urbanizaci\u00f3n a todxs, a cada unxs de lxs habitantes de esta ciudad que entiendan que la vivienda es un derecho y no un negocio, a quienes quieran construir una ciudad para todxs y no para unxs pocxs, en donde la tierra sea utilizada para garantizar una vida digna y no para la construcci\u00f3n de mega emprendimientos inmobiliarios. Las asambleas y espacios de El Hormiguero de F\u00e1tima (Villa Soldati), Rodrigo Bueno (Costanera Sur), el Play\u00f3n de Chacarita y la Villa 31 Bis, en conjunto con la Mesa por la Urbanizaci\u00f3n de la Villa 31, nos damos la tarea de construir una jornada para hacer visible nuestra realidad y nuestras luchas, y para incentivar a la participaci\u00f3n y la organizaci\u00f3n para avanzar por nuestro derecho a la ciudad. Somos parte de una ciudad que excluye y margina, queremos ser parte en las mismas condiciones que el resto de sus habitantes, con cloacas, agua potable, instalaciones el\u00e9ctricas seguras, gas, una vivienda digna, medios de transporte que nos conecten con nuestros lugares de trabajo y estudio, contar con espacios p\u00fablicos, escuelas y establecimientos de salud acordes a las necesidades de nuestras comunidades. En la Villa 31 y 31 bis tenemos nuestra ley 3343 que ordena la urbanizaci\u00f3n, estamos a la espera de la voluntad pol\u00edtica de la mayor\u00eda con la que cuenta el bloque del PRO en la legislatura para avanzar. El neofascismo disfrazado de ecologista del gobierno Macrista hoy busca invisibilizarnos con \u201cun techo sustentable\u201d, que muestra a las claras que no s\u00f3lo quiere una ciudad para unxs pocxs sino que busca escondernos. Desde el barrio Rodrigo Bueno esperamos durante 4 a\u00f1os que el Gobierno de la Ciudad cumpliera el fallo de primera instancia que le ordenaba urbanizar el barrio. Sin embargo, en lugar de cumplir la orden judicial, Macri apel\u00f3 el fallo de urbanizaci\u00f3n, conden\u00e1ndonos a continuar viviendo en condiciones precarias. En octubre de 2014, los jueces Esteban Centanaro y Juan Lima de la C\u00e1mara de Apelaciones de la Ciudad, sin haber siquiera conocido el barrio, dieron lugar al pedido del PRO, dando marcha atr\u00e1s con el fallo que ordenaba la urbanizaci\u00f3n. Como consecuencia de la falta de urbanizaci\u00f3n, el 9 de marzo de este a\u00f1o perdi\u00f3 la vida Gast\u00f3n Arispe Huam\u00e1n, de 13 a\u00f1os, tras caer en un pozo ciego en la manzana 2. Hoy, nos encontramos a la espera de que el Tribunal Superior de Justicia de la Ciudad d\u00e9 lugar al fallo de primera instancia que ordena la urbanizaci\u00f3n del barrio, y seguimos exigiendo justicia por Gast\u00f3n. SEPTIEMBRE 2015                                                                       F\u00e1tima reclama avanzar con los proyectos truncos desde hace a\u00f1os, Donde se priorice la vivienda y los servicios, ya que hoy el gobierno de la ciudad nos quiere contentar con plazas coloridas, que no nos cubren del fr\u00edo, ni de la lluvia. En el Play\u00f3n de Chacarita, pese a las miles de vueltas que nos da el IVC y la SECHI, seguimos organiz\u00e1ndonos para luchar por un tendido el\u00e9ctrico que evite los constantes cortes de luz, y que se terminen las obras de cloacas y bocas de agua que hace a\u00f1os est\u00e1n pendientes, entre otros reclamos. Queremos tener las mismas condiciones de vida que el resto de la Ciudad, con los mismos derechos y responsabilidades que cualquier ciudadano, como ya se lo planteamos reiteradas veces a las autoridades responsables. Esta situaci\u00f3n se repite en todas las villas y asentamientos de la Ciudad, que en la \u00faltima d\u00e9cada vieron crecer su poblaci\u00f3n en un 52%, mientras la poblaci\u00f3n total de la Ciudad creci\u00f3 s\u00f3lo un 2.1%. Este crecimiento poblacional de las villas y asentamientos se explica por la l\u00f3gica expulsiva de la ciudad formal, donde los alquileres siguen sin regulaci\u00f3n y alcanzan pisos de garant\u00edas y dep\u00f3sitos cada vez m\u00e1s dif\u00edciles de afrontar. El Gobierno de la Ciudad demuestra el abandono total del Estado en la regulaci\u00f3n del mercado del suelo y la vivienda, sin pol\u00edticas de integraci\u00f3n urbana, planificaci\u00f3n sustentable ni vivienda social. Despu\u00e9s de 8 a\u00f1os de gobierno es evidente que piensa en una ciudad para unos pocos, que sus acciones est\u00e1n guiadas por las posibilidades de negocios, y no por la inclusi\u00f3n y bienestar de todxs lxs que hoy habitamos estas tierras. Por eso reclamamos con m\u00e1s fuerza: Tierra para Vivir, \u00a1\u00a1\u00a1Urbanizaci\u00f3n ya!!! Convocamos a los medios de comunicaci\u00f3n a haces visible nuestra realidad y nuestra propuesta a trav\u00e9s de esa actividad.&nbsp;<\/span><\/div>\n<div style=\"text-align: justify\"><span style=\"font-family: Verdana, sans-serif\">Contactos: Nico: 15 5855 6923 Lucho: 15 5156 2590 &nbsp;<\/span><\/div>\n<\/div>\n<\/div>\n<div style=\"text-align: justify\"><span style=\"color: blue;font-family: Verdana, sans-serif\"><br \/><\/span><\/div>\n<div style=\"text-align: justify\"><span style=\"color: blue;font-family: Verdana, sans-serif\">El Hormiguero, Producci\u00f3n Riachuelo<\/span><\/div>\n","protected":false},"excerpt":{"rendered":"<p>DESDE VILLA 31 HASTA LA RODRIGO BUENO: EN DEFENSA DE LA VIDA DIGNA Rub\u00e9n \u00abChapa\u00bb Ver\u00f3n, &nbsp;del Hormiguero B\u00aa Fatima, nos cont\u00f3 esta nueva edici\u00f3n del evento que ojal\u00e1 no tuviera que hacerse, dijo. Un encuentro que a pesar del reclamo se hace con alegr\u00eda. Escuch\u00e1 &nbsp;AQU\u00cd&nbsp;su testimonio para Romp\u00e9 el Cerco Informativo. El domingo [&hellip;]<\/p>\n","protected":false},"author":4,"featured_media":1203,"comment_status":"open","ping_status":"open","sticky":false,"template":"","format":"standard","meta":{"_monsterinsights_skip_tracking":false,"_monsterinsights_sitenote_active":false,"_monsterinsights_sitenote_note":"","_monsterinsights_sitenote_category":0,"jnews-multi-image_gallery":[],"jnews_single_post":{"format":"standard"},"jnews_primary_category":[],"_joinchat":[],"footnotes":""},"categories":[58],"tags":[159,147],"class_list":["post-18410","post","type-post","status-publish","format-standard","has-post-thumbnail","hentry","category-noticiariachuelo","tag-comunicacion","tag-habitat"],"_links":{"self":[{"href":"http:\/\/fmriachuelo.it10.com.ar\/index.php\/wp-json\/wp\/v2\/posts\/18410","targetHints":{"allow":["GET"]}}],"collection":[{"href":"http:\/\/fmriachuelo.it10.com.ar\/index.php\/wp-json\/wp\/v2\/posts"}],"about":[{"href":"http:\/\/fmriachuelo.it10.com.ar\/index.php\/wp-json\/wp\/v2\/types\/post"}],"author":[{"embeddable":true,"href":"http:\/\/fmriachuelo.it10.com.ar\/index.php\/wp-json\/wp\/v2\/users\/4"}],"replies":[{"embeddable":true,"href":"http:\/\/fmriachuelo.it10.com.ar\/index.php\/wp-json\/wp\/v2\/comments?post=18410"}],"version-history":[{"count":1,"href":"http:\/\/fmriachuelo.it10.com.ar\/index.php\/wp-json\/wp\/v2\/posts\/18410\/revisions"}],"predecessor-version":[{"id":24114,"href":"http:\/\/fmriachuelo.it10.com.ar\/index.php\/wp-json\/wp\/v2\/posts\/18410\/revisions\/24114"}],"wp:featuredmedia":[{"embeddable":true,"href":"http:\/\/fmriachuelo.it10.com.ar\/index.php\/wp-json\/"}],"wp:attachment":[{"href":"http:\/\/fmriachuelo.it10.com.ar\/index.php\/wp-json\/wp\/v2\/media?parent=18410"}],"wp:term":[{"taxonomy":"category","embeddable":true,"href":"http:\/\/fmriachuelo.it10.com.ar\/index.php\/wp-json\/wp\/v2\/categories?post=18410"},{"taxonomy":"post_tag","embeddable":true,"href":"http:\/\/fmriachuelo.it10.com.ar\/index.php\/wp-json\/wp\/v2\/tags?post=18410"}],"curies":[{"name":"wp","href":"https:\/\/api.w.org\/{rel}","templated":true}]}}