{"id":18409,"date":"2015-09-18T12:30:00","date_gmt":"2015-09-18T12:30:00","guid":{"rendered":"http:\/\/fmriachuelo.com.ar\/ljkjklj\/blog\/2015\/09\/18\/union-de-trabajadores-de-la-tierra-utt-marchan-frente-al-congreso\/"},"modified":"2025-06-03T16:43:42","modified_gmt":"2025-06-03T19:43:42","slug":"union-de-trabajadores-de-la-tierra-utt-marchan-frente-al-congreso","status":"publish","type":"post","link":"http:\/\/fmriachuelo.it10.com.ar\/index.php\/2015\/09\/18\/union-de-trabajadores-de-la-tierra-utt-marchan-frente-al-congreso\/","title":{"rendered":"UNION DE TRABAJADORES DE LA TIERRA, UTT: MARCHAN FRENTE AL CONGRESO"},"content":{"rendered":"<div><span style=\"color: red;font-family: Verdana, sans-serif;font-size: large\"><b>AGRICULTORES SIN TIERRA<\/b><\/span><\/div>\n<p><span style=\"font-family: Verdana, sans-serif\">La lucha por la tierra se hizo presente en la gran Ciudad<\/span><\/p>\n<div><span style=\"font-family: Verdana, sans-serif\"><br \/><\/span><\/p>\n<div style=\"clear: both;text-align: center\"><a href=\"http:\/\/fmriachuelo.com.ar\/ljkjklj\/wp-content\/uploads\/2015\/09\/agricultores-sin-tierra.jpg\" style=\"clear: left;float: left;margin-bottom: 1em;margin-right: 1em\"><img loading=\"lazy\" decoding=\"async\" border=\"0\" height=\"192\" src=\"http:\/\/fmriachuelo.com.ar\/ljkjklj\/wp-content\/uploads\/2015\/09\/agricultores-sin-tierra-300x180.jpg\" width=\"320\" \/><\/a><\/div>\n<p><span style=\"font-family: Verdana, sans-serif\"><\/span><\/p>\n<div style=\"text-align: justify\"><span style=\"font-family: Verdana, sans-serif\">[Mauricio Polchi\/Resumen Latinoamericano\/Marcha, 17 de septiembre de 2015] Cientos de familias campesinas se concentraron delante del Congreso de la Naci\u00f3n para reclamar y plantear una serie de medidas, entre ellas, un programa \u201cProcrear Rural y Productivo\u201d y una \u201cColonia Agr\u00edcola de Abastecimiento Urbano\u201d.<\/span><\/div>\n<p><span style=\"font-family: Verdana, sans-serif\"><\/span><\/p>\n<div style=\"text-align: justify\"><span style=\"font-family: Verdana, sans-serif\"><br \/><\/span><\/div>\n<p><span style=\"font-family: Verdana, sans-serif\"><\/p>\n<div style=\"text-align: justify\"><b>La jornada de protesta<\/b><\/div>\n<div style=\"text-align: justify\">Habitan casas muy precarias, producen miles de kilos de alimentos, trabajan de sol a sol, y algunos apenas sobreviven. \u201cNosotros vivimos en casillas chiquitas, somos explotados por los patrones. No tenemos feriados, ni d\u00edas domingos. Y est\u00e1n los que tienen que alquilar las tierras, y por eso no nos alcanza\u201d, cuenta Virginia Crisp\u00edn Condor\u00ed, con un tono tan calmo como real. Ella naci\u00f3 en Bolivia, hered\u00f3 el oficio de sus antepasados y migr\u00f3 a la Argentina. Es madre de tres hijos, y junto a otras familias de peque\u00f1os agricultores, campesinos, horticultores y floricultores, este mi\u00e9rcoles 16 de septiembre encabezaron una concentraci\u00f3n frente al Congreso de la Naci\u00f3n para presentarle a la sociedad y al Estado propuestas viables que den soluci\u00f3n a sus hist\u00f3ricos conflictos.<\/div>\n<div style=\"text-align: justify\"><\/div>\n<div style=\"text-align: justify\">Las protesta estuvo encabezada por la Uni\u00f3n de Trabajadores de la Tierra (UTT) \u2013 Frente Popular Dar\u00edo Santill\u00e1n, y la Asociaci\u00f3n de Medieros y Afines (ASOMA), quienes \u201ctransitan el camino hacia una Reforma Agraria Integral que permita el acceso a la tierra a aquellos que la trabajan, y con la bandera de una Soberan\u00eda Alimentaria para decidir como pueblo, qu\u00e9 producir, c\u00f3mo hacerlo y para quien\u201d, seg\u00fan detallan en un comunicado conjunto.<\/div>\n<div style=\"text-align: justify\"><a name='more'><\/a><\/div>\n<div style=\"text-align: justify\">Al mediod\u00eda los manifestantes se concentraron sobre la calle Solis, la circular de Plaza Congreso, y luego cortaron Avenida Rivadavia para realizar un acto. Adem\u00e1s del cord\u00f3n de seguridad, ubicaron una camioneta al frente de la movilizaci\u00f3n. La parte trasera del veh\u00edculo estaba repleta de verduras que repartieron entre vecinos, vecinas y turistas. De esa forma, demostraron lo incre\u00edble, los que producen alimentos padecen la pobreza.<\/div>\n<div style=\"text-align: justify\"><\/div>\n<div style=\"text-align: justify\">\u201cSomos de la provincia de Buenos Aires, de La Plata, Varela, Berazategui, todo el cord\u00f3n hort\u00edcola platense, donde se producen los kilos y kilos de verduras que se comen en las grandes ciudades. El cord\u00f3n hort\u00edcola platense es el m\u00e1s grande de Argentina, y ah\u00ed m\u00e1s del 90 por ciento de las personas no son los due\u00f1os de la tierra que trabajan, son casi todos arrendatarios o medianeros\u201d, explica Rosal\u00eda Pellegrini, referente de la UTT.<\/div>\n<div style=\"text-align: justify\"><\/div>\n<div style=\"text-align: justify\">\u201cSufrimos la concentraci\u00f3n de los grandes monopolios, que nos quitan las tierras, lo mismo nos pasa con los countries que se van armando alrededor de las ciudades. A nosotros nos van corriendo para el costado de la ruta y eso hace que est\u00e9n m\u00e1s caros los alquileres\u201d, advierte Roberto Solano, vocero de ASOMA y productor de hojas verdes.<\/div>\n<div style=\"text-align: justify\"><\/div>\n<div style=\"text-align: justify\">\u201cNosotros vendemos la caja de acelga, a culata de cami\u00f3n, en la puerta de la quinta, a 11 pesos. Y en los negocios eso es lo que cuesta un solo paquete. Y cada caja trae una docena. Nosotros no tenemos muchas ganancias\u201d, grafica Solano, y as\u00ed desnuda un perverso esquema financiero que incrementa los costos en la cadena de valores, elevando a cifras injustificadas el precio que se paga por esos mismos productos en las g\u00f3ndolas de los negocios. Evidentemente, el valor para el consumidor llega con un aumento de hasta el 1000 por ciento. \u201cAc\u00e1 ganan pocos, los empresarios, y perdemos nosotros y los que consumen los alimentos\u201d, simplifica.<\/div>\n<div style=\"text-align: justify\"><\/div>\n<div style=\"text-align: justify\">Las propuestas presentadas<\/div>\n<div style=\"text-align: justify\"><\/div>\n<div style=\"text-align: justify\">La iniciativa de una \u201cColonia Agr\u00edcola Integral de Abastecimiento Urbano\u201d plantea que mediante comodatos con cargo se puedan destinar tierras del Estado ociosas, o arrendadas a privados, para la generaci\u00f3n de espacios en los cuales las familias sin tierra puedan producir de manera agroecol\u00f3gica y de forma colectiva, con herramientas comunes y canales de comercializaci\u00f3n directos al consumidor.<\/div>\n<div style=\"text-align: justify\"><\/div>\n<div style=\"text-align: justify\">Para Rosal\u00eda Pellegrini \u201clas Colonias abaratar\u00edan los precios en los comercios y mejorar\u00eda la calidad\u201d. Asimismo, desde las organizaciones proponen que \u201cun porcentaje de la producci\u00f3n sea destinado a asistencia social mediante los hospitales, escuelas y comedores\u201d.<\/div>\n<div style=\"text-align: justify\"><\/div>\n<div style=\"text-align: justify\">Al promover el \u201cProcrear Rural y Productivo\u201d, toman el modelo del programa \u201cProcrear\u201d, con una l\u00ednea que otorgue cr\u00e9ditos a familias productoras que de la misma manera que pagan el alquiler de la tierra todos los meses podr\u00edan pagar un cr\u00e9dito para tener su propia tierra para producir y vivir.<\/div>\n<div style=\"text-align: justify\"><\/div>\n<div style=\"text-align: justify\">Seg\u00fan Solano esto es \u201cpara que podamos, en vez de pagar el alquiler, pagar la tierra propia\u201d. Por su parte, Pellegrini agreg\u00f3 que \u201cBeneficiar\u00eda a todos porque es algo que tiene que ver con una deuda de la democracia, algo que est\u00e1 pendiente en Argentina, que es la reforma agraria\u201d.<\/div>\n<div style=\"text-align: justify\"><\/div>\n<div style=\"text-align: justify\"><span style=\"color: blue\">Resumen Latinoamericano, Producci\u00f3n Riachuelo<\/span><\/div>\n<p><\/span><\/div>\n","protected":false},"excerpt":{"rendered":"<p>AGRICULTORES SIN TIERRA La lucha por la tierra se hizo presente en la gran Ciudad [Mauricio Polchi\/Resumen Latinoamericano\/Marcha, 17 de septiembre de 2015] Cientos de familias campesinas se concentraron delante del Congreso de la Naci\u00f3n para reclamar y plantear una serie de medidas, entre ellas, un programa \u201cProcrear Rural y Productivo\u201d y una \u201cColonia Agr\u00edcola [&hellip;]<\/p>\n","protected":false},"author":4,"featured_media":1201,"comment_status":"open","ping_status":"open","sticky":false,"template":"","format":"standard","meta":{"_monsterinsights_skip_tracking":false,"_monsterinsights_sitenote_active":false,"_monsterinsights_sitenote_note":"","_monsterinsights_sitenote_category":0,"jnews-multi-image_gallery":[],"jnews_single_post":{"format":"standard"},"jnews_primary_category":[],"_joinchat":[],"footnotes":""},"categories":[58],"tags":[71,64,148],"class_list":["post-18409","post","type-post","status-publish","format-standard","has-post-thumbnail","hentry","category-noticiariachuelo","tag-de-la-tierra","tag-economia-popular","tag-trabajo"],"_links":{"self":[{"href":"http:\/\/fmriachuelo.it10.com.ar\/index.php\/wp-json\/wp\/v2\/posts\/18409","targetHints":{"allow":["GET"]}}],"collection":[{"href":"http:\/\/fmriachuelo.it10.com.ar\/index.php\/wp-json\/wp\/v2\/posts"}],"about":[{"href":"http:\/\/fmriachuelo.it10.com.ar\/index.php\/wp-json\/wp\/v2\/types\/post"}],"author":[{"embeddable":true,"href":"http:\/\/fmriachuelo.it10.com.ar\/index.php\/wp-json\/wp\/v2\/users\/4"}],"replies":[{"embeddable":true,"href":"http:\/\/fmriachuelo.it10.com.ar\/index.php\/wp-json\/wp\/v2\/comments?post=18409"}],"version-history":[{"count":1,"href":"http:\/\/fmriachuelo.it10.com.ar\/index.php\/wp-json\/wp\/v2\/posts\/18409\/revisions"}],"predecessor-version":[{"id":24115,"href":"http:\/\/fmriachuelo.it10.com.ar\/index.php\/wp-json\/wp\/v2\/posts\/18409\/revisions\/24115"}],"wp:featuredmedia":[{"embeddable":true,"href":"http:\/\/fmriachuelo.it10.com.ar\/index.php\/wp-json\/"}],"wp:attachment":[{"href":"http:\/\/fmriachuelo.it10.com.ar\/index.php\/wp-json\/wp\/v2\/media?parent=18409"}],"wp:term":[{"taxonomy":"category","embeddable":true,"href":"http:\/\/fmriachuelo.it10.com.ar\/index.php\/wp-json\/wp\/v2\/categories?post=18409"},{"taxonomy":"post_tag","embeddable":true,"href":"http:\/\/fmriachuelo.it10.com.ar\/index.php\/wp-json\/wp\/v2\/tags?post=18409"}],"curies":[{"name":"wp","href":"https:\/\/api.w.org\/{rel}","templated":true}]}}