{"id":18408,"date":"2015-09-18T13:01:00","date_gmt":"2015-09-18T13:01:00","guid":{"rendered":"http:\/\/fmriachuelo.com.ar\/ljkjklj\/blog\/2015\/09\/18\/rosario-protesta-de-trabajadores-de-yerba-la-hoja\/"},"modified":"2025-06-13T15:21:30","modified_gmt":"2025-06-13T18:21:30","slug":"rosario-protesta-de-trabajadores-de-yerba-la-hoja","status":"publish","type":"post","link":"http:\/\/fmriachuelo.it10.com.ar\/index.php\/2015\/09\/18\/rosario-protesta-de-trabajadores-de-yerba-la-hoja\/","title":{"rendered":"ROSARIO: PROTESTA DE TRABAJADORES DE YERBA LA HOJA"},"content":{"rendered":"<h1><span style=\"color: red;font-family: Verdana, sans-serif;font-size: large\">DEFENDER LOS DERECHOS<\/span><\/h1>\n<h1><span style=\"font-family: Verdana, sans-serif;font-size: small;font-weight: normal\">Trabajadores toman planta rosarina de yerba La Hoja<\/span><\/h1>\n<div style=\"clear: both;text-align: center\"><a href=\"http:\/\/fmriachuelo.com.ar\/ljkjklj\/wp-content\/uploads\/2015\/09\/LA-2BHOJA.jpg\" style=\"clear: left;float: left;margin-bottom: 1em;margin-right: 1em\"><img loading=\"lazy\" decoding=\"async\" border=\"0\" height=\"206\" src=\"http:\/\/fmriachuelo.com.ar\/ljkjklj\/wp-content\/uploads\/2015\/09\/LA-2BHOJA-300x194.jpg\" width=\"320\" \/><\/a><\/div>\n<div><\/p>\n<div style=\"text-align: justify\"><span style=\"font-family: Verdana, sans-serif\">[Mariano Abrach \/ Resumen Latinoamericano \/ 15 Septiembre 2015 ] El viernes pasado, por la noche, &nbsp;los trabajadores de La Hoja de Rosario tomaron la planta de la ciudad, denunciando el vaciamiento de los activos de la empresa por parte de quienes dirigen la cooperativa actualmente, a la cual califican como \u201ctrucha\u201d. Contin\u00faa el derrotero de la hist\u00f3rica marca que comenzara con la quiebra de la firma Yerbatera Martin en el a\u00f1o 2008.<\/span><\/div>\n<p><span style=\"font-family: Verdana, sans-serif\"><\/span><\/p>\n<div style=\"text-align: justify\"><span style=\"font-family: Verdana, sans-serif\"><br \/><\/span><\/div>\n<p><span style=\"font-family: Verdana, sans-serif\"><\/span><\/p>\n<div style=\"text-align: justify\"><span style=\"font-family: Verdana, sans-serif\">En el curso del mes de agosto, circul\u00f3 la noticia de que Yerba La Hoja hab\u00eda pasado al control de sus trabajadores agrupados en la Cooperativa La Hoja luego de un fallo judicial de parte del juez de Primera Instancia en lo Civil y Comercial de la 12\u00aa Nominaci\u00f3n de Rosario, Fabi\u00e1n Bellizia. Sin embargo, esta decisi\u00f3n no puso punto final al proceso que comenzara con la quiebra ocurrida en 2008 de la empresa que cre\u00f3 la marca de yerba, Martin y Cia., sino que gener\u00f3 un nuevo conflicto.<\/span><\/div>\n<p><span style=\"font-family: Verdana, sans-serif\"><\/p>\n<div style=\"text-align: justify\"><\/div>\n<div style=\"text-align: justify\">Ese conflicto se manifest\u00f3 en la toma de la planta que est\u00e1 situada en la ciudad de Rosario por parte de sus trabajadores el pasado viernes 11 de septiembre, denunciando irregularidades en la conducci\u00f3n de la cooperativa y un vaciamiento de los activos que no se reparten cooperativamente. La medida por la que optaron, a su vez, tiene por objetivo evitar que sigan distribuy\u00e9ndose los productos desde esa planta hacia todo el pa\u00eds, buscando detener la facturaci\u00f3n de la empresa que sigue realiz\u00e1ndose sin cumplir los requisitos del juez. As\u00ed lo explica Gabriel Ruggieri, trabajador de La Hoja, en conversaci\u00f3n con La Br\u00fajula de la Ma\u00f1ana al comentar la situaci\u00f3n actual y el proceso por el cual se ha llegado a este punto cr\u00edtico.<\/div>\n<div style=\"text-align: justify\">Una hist\u00f3rica Hoja que se tambalea pero no cae<\/div>\n<div style=\"text-align: justify\"><a name='more'><\/a><\/div>\n<div style=\"text-align: justify\">La empresa Martin y Cia. naci\u00f3 con el siglo XX en el a\u00f1o 1903 en San Ignacio, Misiones, instal\u00e1ndose luego en Rosario con un molino yerbatero sobre las barrancas del R\u00edo Paran\u00e1 cerca del Monumento a la Bandera, dando nombre al barrio Martin que se ubica en esa zona. En su mejor \u00e9poca, La Hoja representaba un 25 % del mercado de yerba mate argentina pero la d\u00e9cada de 1990 la situ\u00f3 en un estado de crisis como a muchas otras tradicionales empresas del pa\u00eds. En 1994 entr\u00f3 en concurso preventivo de acreedores, hasta que se declar\u00f3 en quiebra en el a\u00f1o 2008.<\/div>\n<div style=\"text-align: justify\"><\/div>\n<div style=\"text-align: justify\">Desde ese momento hasta la actualidad ha atravesado varios problemas sin conseguir estabilizarse del todo. En un primer momento, seg\u00fan cuenta Ruggieri, los trabajadores intentaron formar una cooperativa para seguir trabajando pero desistieron cuando los gerentes les dijeron que eso no era posible. Estos, luego, crearon la empresa Demirol S.A. para explotar la quiebra bajo un acuerdo con la familia Martin, manteniendo activa la marca de yerba y todo su negocio. Demirol tuvo problemas con la AFIP y fue dejada de lado para dar paso a la creaci\u00f3n de Mavea.<\/div>\n<div style=\"text-align: justify\"><\/div>\n<div style=\"text-align: justify\">La justicia nunca convalid\u00f3 ese arreglo y al advertirlo el juez Bellizia llam\u00f3 a licitaci\u00f3n en marzo de 2014 por los activos de La Hoja a la cual se present\u00f3 la empresa que estaba controlando la marca. Esta perdi\u00f3 ante CBS\u00e9 que present\u00f3 una oferta de 10 millones de pesos, pero la compra no se concret\u00f3 por irregularidades t\u00e9cnicas en la licitaci\u00f3n. Ante esto los integrantes de Mavea conformaron una cooperativa con la intenci\u00f3n de evitar un nuevo llamado, sacando provecho de las facilidades que existen a partir de las leyes que amparan a las empresas recuperadas.<\/div>\n<div style=\"text-align: justify\"><\/div>\n<div style=\"text-align: justify\">De esta manera, tal como lo comenta Gabriel Ruggieri, se cre\u00f3 una cooperativa que califican como \u201ctrucha\u201d que utiliza los nombres de todos los que tienen verificaci\u00f3n en la quiebra, pero en la pr\u00e1ctica es administrada por un gerente de Martin y Cia. y en el rol de s\u00edndico se ubic\u00f3 a un ex gerente de la empresa que no cumple con la funci\u00f3n que deber\u00eda. De esta forma mantienen un control total sobre el funcionamiento de la cooperativa, lo cual se manifiesta en el contrato que se elabor\u00f3 que obliga a los que lo firman a trabajar exclusivamente para ellos y solo paga un sueldo, sin participar en los ingresos de la marca, por ejemplo.<\/div>\n<div style=\"text-align: justify\">Una denuncia que espera resoluci\u00f3n y una comisi\u00f3n que busca afirmarse<\/div>\n<div style=\"text-align: justify\"><\/div>\n<div style=\"text-align: justify\">Frente a esta situaci\u00f3n, los trabajadores desde Rosario presentaron el viernes 11 de septiembre una denuncia en el INAES (Instituto Nacional de Asociativismo y Econom\u00eda Social), solicitando una intervenci\u00f3n de la Cooperativa La Hoja y pidiendo pronta resoluci\u00f3n para evitar que se concrete el vaciamiento de la empresa que denuncian.<\/div>\n<div style=\"text-align: justify\">Por su parte, la comisi\u00f3n actual de la cooperativa realiz\u00f3 un llamado a una asamblea el d\u00eda lunes 14 de septiembre para ratificarse en la conducci\u00f3n y de esa forma afirmarse por una v\u00eda leg\u00edtima. Ruggieri afirma que esto les ser\u00e1 posible porque los directivos tienen un control total sobre los casi 50 trabajadores de Misiones, forz\u00e1ndolos a votar uniformemente en favor suyo a trav\u00e9s de integrantes del sindicato, implicado en la comisi\u00f3n contando con vocales en ella.<\/div>\n<div style=\"text-align: justify\"><\/div>\n<div style=\"text-align: justify\">\u201cDecidimos jugarnos a suerte y verdad, esto puede salirnos bien o mal pero alguien ten\u00eda que oponerse si no esto iba a seguir, inclusive con una cooperativa dominada por una empresa atr\u00e1s puede cometer tropel\u00edas y los culpables \u00edbamos a ser los asociados sin comerla ni beberla  porque somos responsables solidariamente\u201d, concluye Gabriel Ruggieri.<\/div>\n<div style=\"text-align: justify\"><\/div>\n<div style=\"text-align: justify\"><span style=\"color: blue\">Resumen Latinoamericano, Producci\u00f3n Riachuelo<\/span><\/div>\n<p><\/span><\/div>\n","protected":false},"excerpt":{"rendered":"<p>DEFENDER LOS DERECHOS Trabajadores toman planta rosarina de yerba La Hoja [Mariano Abrach \/ Resumen Latinoamericano \/ 15 Septiembre 2015 ] El viernes pasado, por la noche, &nbsp;los trabajadores de La Hoja de Rosario tomaron la planta de la ciudad, denunciando el vaciamiento de los activos de la empresa por parte de quienes dirigen la [&hellip;]<\/p>\n","protected":false},"author":4,"featured_media":1199,"comment_status":"open","ping_status":"open","sticky":false,"template":"","format":"standard","meta":{"_monsterinsights_skip_tracking":false,"_monsterinsights_sitenote_active":false,"_monsterinsights_sitenote_note":"","_monsterinsights_sitenote_category":0,"jnews-multi-image_gallery":[],"jnews_single_post":{"format":"standard"},"jnews_primary_category":[],"_joinchat":[],"footnotes":""},"categories":[58],"tags":[64,157,148],"class_list":["post-18408","post","type-post","status-publish","format-standard","has-post-thumbnail","hentry","category-noticiariachuelo","tag-economia-popular","tag-nadie-se-salva-solo","tag-trabajo"],"_links":{"self":[{"href":"http:\/\/fmriachuelo.it10.com.ar\/index.php\/wp-json\/wp\/v2\/posts\/18408","targetHints":{"allow":["GET"]}}],"collection":[{"href":"http:\/\/fmriachuelo.it10.com.ar\/index.php\/wp-json\/wp\/v2\/posts"}],"about":[{"href":"http:\/\/fmriachuelo.it10.com.ar\/index.php\/wp-json\/wp\/v2\/types\/post"}],"author":[{"embeddable":true,"href":"http:\/\/fmriachuelo.it10.com.ar\/index.php\/wp-json\/wp\/v2\/users\/4"}],"replies":[{"embeddable":true,"href":"http:\/\/fmriachuelo.it10.com.ar\/index.php\/wp-json\/wp\/v2\/comments?post=18408"}],"version-history":[{"count":1,"href":"http:\/\/fmriachuelo.it10.com.ar\/index.php\/wp-json\/wp\/v2\/posts\/18408\/revisions"}],"predecessor-version":[{"id":24119,"href":"http:\/\/fmriachuelo.it10.com.ar\/index.php\/wp-json\/wp\/v2\/posts\/18408\/revisions\/24119"}],"wp:featuredmedia":[{"embeddable":true,"href":"http:\/\/fmriachuelo.it10.com.ar\/index.php\/wp-json\/"}],"wp:attachment":[{"href":"http:\/\/fmriachuelo.it10.com.ar\/index.php\/wp-json\/wp\/v2\/media?parent=18408"}],"wp:term":[{"taxonomy":"category","embeddable":true,"href":"http:\/\/fmriachuelo.it10.com.ar\/index.php\/wp-json\/wp\/v2\/categories?post=18408"},{"taxonomy":"post_tag","embeddable":true,"href":"http:\/\/fmriachuelo.it10.com.ar\/index.php\/wp-json\/wp\/v2\/tags?post=18408"}],"curies":[{"name":"wp","href":"https:\/\/api.w.org\/{rel}","templated":true}]}}