{"id":18406,"date":"2015-09-10T14:33:00","date_gmt":"2015-09-10T14:33:00","guid":{"rendered":"http:\/\/fmriachuelo.observatorioess.org.ar\/index.php\/2015\/09\/10\/argentino-respaldo-a-venezuela\/"},"modified":"2025-05-21T16:17:56","modified_gmt":"2025-05-21T19:17:56","slug":"argentino-respaldo-a-venezuela","status":"publish","type":"post","link":"http:\/\/fmriachuelo.it10.com.ar\/index.php\/2015\/09\/10\/argentino-respaldo-a-venezuela\/","title":{"rendered":"ARGENTINO: RESPALDO A VENEZUELA"},"content":{"rendered":"<div><span style=\"color: red;font-family: Verdana, sans-serif;font-size: large\"><b>CONQUISTAR LA PAZ<\/b><\/span><\/div>\n<p><span style=\"font-family: Verdana, sans-serif\">En Argentina, grupos de Derechos Humanos salen a defender a Venezuela en contraste con algunas ONGs que han defeccionado<\/span><\/p>\n<div><span style=\"font-family: Verdana, sans-serif\"><br \/><\/span><\/p>\n<div style=\"clear: both;text-align: center\"><a href=\"http:\/\/1.bp.blogspot.com\/-a6wb31KwdIk\/VfGUJH0vbvI\/AAAAAAAAGXo\/NB1t45R6zhI\/s1600\/frontera-620x400.jpg\" style=\"clear: left;float: left;margin-bottom: 1em;margin-right: 1em\"><img loading=\"lazy\" decoding=\"async\" border=\"0\" height=\"206\" src=\"http:\/\/1.bp.blogspot.com\/-a6wb31KwdIk\/VfGUJH0vbvI\/AAAAAAAAGXo\/NB1t45R6zhI\/s320\/frontera-620x400.jpg\" width=\"320\" \/><\/a><\/div>\n<p><span style=\"font-family: Verdana, sans-serif\"><\/span><\/p>\n<div style=\"text-align: justify\"><span style=\"font-family: Verdana, sans-serif\">La Liga Argentina por los Derechos del Hombre, el Servicio Paz y Justicia, el Movimiento Ecum\u00e9nico por los Derechos Humanos, el premio Nobel Adolfo Perez Esquivel, Nora Corti\u00f1as, Madre de Plaza de Mayo (LF), Ana Mar\u00eda Careaga, Stella Calloni, Jos\u00e9 Schulman, el Pastor Arturo Blatesky, Graciela Rosenblum e Iris Avellaneda se pronuncian sobre la situaci\u00f3n creada en frontera en defensa de los derechos humanos de los pueblos de Nuestra Am\u00e9rica<\/span><\/div>\n<p><span style=\"font-family: Verdana, sans-serif\"><\/p>\n<div style=\"text-align: justify\">Son las primeras firmas a las que se sumar\u00e1n muchas m\u00e1s en los pr\u00f3ximos d\u00edas si nos ayudan a difundir y a sumarse<\/div>\n<div style=\"text-align: justify\">Conquistar una paz sustentable (que aborde la soluci\u00f3n del conflicto armado como resultante de un conflicto social verdadero e hist\u00f3rico) es el \u00fanico camino para la vigencia de los derechos humanos en Colombia y para la soluci\u00f3n de los problemas que la ultraderecha colombiana (incluidos los paramilitares) genera con el pueblo y el gobierno de Venezuela, que desde el ascenso de Chavez al gobierno, no ha dejado de contribuir de mil maneras a ese proceso de di\u00e1logos para la paz que toda la Patria Grande acompa\u00f1a y estimula<\/div>\n<div style=\"text-align: justify\"><a name='more'><\/a><\/div>\n<div style=\"text-align: justify\">Como organismos y militantes por los derechos humanos comprometidos con la vigencia de todos los derechos humanos para los pueblos de Nuestra Am\u00e9rica, incluido por supuesto el derecho de migrar de un pa\u00eds a otro y de obtener refugio de las persecuciones pol\u00edticas, creemos indispensable contextualizar el presente conflicto fronterizo presentado como una vulgar operaci\u00f3n de \u201cestigmatizaci\u00f3n y persecuci\u00f3n\u201d de los colombianos residentes en Venezuela, equiparando la defensa de la soberan\u00eda y la autodeterminaci\u00f3n del pueblo de Venezuela con el drama humanitario de los habitantes de Libia, Siria y otros pueblos que buscan desesperadamente huir de las guerras provocadas por la OTAN y los EE.UU. o del caos inducido en regi\u00f3n.<\/div>\n<div style=\"text-align: justify\"><\/div>\n<div style=\"text-align: justify\">El conflicto armado en Colombia, que lleva m\u00e1s de sesenta a\u00f1os y que en estos \u00faltimos dos a\u00f1os se encuentra en una fase de b\u00fasqueda de soluci\u00f3n mediante el dialogo de las partes y el creciente protagonismo del movimiento popular colombiano, no ha dejado de afectar un d\u00eda al pueblo y el gobierno venezolano.<\/div>\n<div style=\"text-align: justify\"><\/div>\n<div style=\"text-align: justify\">Particular gravedad tiene el traslado de grupos de tareas paramilitares, conectados y articulados por las agencias de inteligencia de Colombia, Israel y EE.UU. al territorio venezolano con el objetivo de atacar militantes de la revoluci\u00f3n bolivariana y desestabilizar el gobierno encabezado por Nicol\u00e1s Maduro.<\/div>\n<div style=\"text-align: justify\"><\/div>\n<div style=\"text-align: justify\">De todas las degradaciones humanas que el conflicto armado ha deparado a Colombia, el paramilitarismo es una de las peores consecuencias y enfrentarlos del modo m\u00e1s firme es un aporte inconmensurable a la vigencia de los derechos humanos en Venezuela y una muestra de que se puede frenar y derrotar al paramilitarismo si hay voluntad pol\u00edtica. Es una gran lecci\u00f3n para el pueblo y gobierno colombiano.<\/div>\n<div style=\"text-align: justify\"><\/div>\n<div style=\"text-align: justify\">La ultraderecha colombiana, con el apoyo de los medios y ONG que responden al gobierno de los EE.UU. se ha lanzado a descalificar al gobierno de Maduro pretendiendo levantar la bandera de los derechos humanos; nada menos que ellos que han perpetrado un largo genocidio y a\u00fan hoy mantienen m\u00e1s de 9500 presos pol\u00edticos en condiciones infrahumanas, y que no dejan un d\u00eda de estigmatizar, perseguir y asesinar a dirigentes populares con toda impunidad y alevos\u00eda.<\/div>\n<div style=\"text-align: justify\"><\/div>\n<div style=\"text-align: justify\">Restablecer la libre circulaci\u00f3n en las fronteras es indispensable, tanto como el control de los parapoliciales y los contrabandistas que tratan de desabastecer de mercanc\u00edas subsidiadas para el consumo popular a Venezuela, y tanto uno como otro objetivo solo podr\u00e1 resultar de un dialogo serio y respetuoso de la autodeterminaci\u00f3n de los pueblos, el primero de los derechos a defender en estos d\u00edas de conspiraciones y operaciones continentales de contrainsurgencia del gobierno de los EE.UU. que, por otros medios, vuelve a pretender ejercer su \u201cdestino manifiesto\u201d a gobernar la vida de todas y todos los habitantes de Nuestra Am\u00e9rica.<\/div>\n<div style=\"text-align: justify\"><\/div>\n<div style=\"text-align: justify\">La lucha por los derechos humanos es hoy m\u00e1s que nunca inseparable de la lucha por la segunda y definitiva independencia de los pueblos y a esa causa comprometemos nuestro apoyo entusiasta<\/div>\n<div style=\"text-align: justify\"><\/div>\n<div style=\"text-align: justify\">LIGA ARGENTINA POR LOS DERECHOS DEL HOMBRE<\/div>\n<div style=\"text-align: justify\"><\/div>\n<div style=\"text-align: justify\">MOVIMIENTO ECUMENICO POR LOS DERECHOS HUMANOS<\/div>\n<div style=\"text-align: justify\"><\/div>\n<div style=\"text-align: justify\">SERVICIO PAZ Y JUSTICIA<\/div>\n<div style=\"text-align: justify\"><\/div>\n<div style=\"text-align: justify\">ADOLFO PEREZ ESQUIVEL, PREMIO NOBEL DE LA PAZ<\/div>\n<div style=\"text-align: justify\"><\/div>\n<div style=\"text-align: justify\">NORA CORTI\u00d1AS, MADRE DE PLAZA DE MAYO (LINEA FUNDADORA)<\/div>\n<div style=\"text-align: justify\"><\/div>\n<div style=\"text-align: justify\">ANA MARIA CAREGA, EX DIRECTORA DEL INSTITUTO ESPACIO PARA LA MEMORIA DE LA CIUDAD AUTONOMA DE BUENOS AIRES<\/div>\n<div style=\"text-align: justify\"><\/div>\n<div style=\"text-align: justify\">PASTOR ARTURO BLATESKY, COORDINADOR NACIONAL DEL MEDH<\/div>\n<div style=\"text-align: justify\"><\/div>\n<div style=\"text-align: justify\">STELLA CALLONI, PERIODISTA Y ESCRITORA.<\/div>\n<div style=\"text-align: justify\"><\/div>\n<div style=\"text-align: justify\">IRIS AVELLANEDA, GRACIELA ROSENBLUM Y JOSE SCHULMAN DE LA LADH<\/div>\n<div style=\"text-align: justify\"><\/div>\n<div style=\"text-align: justify\">CARLOS AZN\u00c1REZ, PERIODISTA<\/div>\n<p><\/span><\/div>\n","protected":false},"excerpt":{"rendered":"<p>CONQUISTAR LA PAZ En Argentina, grupos de Derechos Humanos salen a defender a Venezuela en contraste con algunas ONGs que han defeccionado La Liga Argentina por los Derechos del Hombre, el Servicio Paz y Justicia, el Movimiento Ecum\u00e9nico por los Derechos Humanos, el premio Nobel Adolfo Perez Esquivel, Nora Corti\u00f1as, Madre de Plaza de Mayo [&hellip;]<\/p>\n","protected":false},"author":4,"featured_media":0,"comment_status":"open","ping_status":"open","sticky":false,"template":"","format":"standard","meta":{"_monsterinsights_skip_tracking":false,"_monsterinsights_sitenote_active":false,"_monsterinsights_sitenote_note":"","_monsterinsights_sitenote_category":0,"jnews-multi-image_gallery":[],"jnews_single_post":{"format":"standard"},"jnews_primary_category":[],"_joinchat":[],"footnotes":""},"categories":[58],"tags":[70,167],"class_list":["post-18406","post","type-post","status-publish","format-standard","hentry","category-noticiariachuelo","tag-de-la-patria-grande","tag-politica-internacional"],"_links":{"self":[{"href":"http:\/\/fmriachuelo.it10.com.ar\/index.php\/wp-json\/wp\/v2\/posts\/18406","targetHints":{"allow":["GET"]}}],"collection":[{"href":"http:\/\/fmriachuelo.it10.com.ar\/index.php\/wp-json\/wp\/v2\/posts"}],"about":[{"href":"http:\/\/fmriachuelo.it10.com.ar\/index.php\/wp-json\/wp\/v2\/types\/post"}],"author":[{"embeddable":true,"href":"http:\/\/fmriachuelo.it10.com.ar\/index.php\/wp-json\/wp\/v2\/users\/4"}],"replies":[{"embeddable":true,"href":"http:\/\/fmriachuelo.it10.com.ar\/index.php\/wp-json\/wp\/v2\/comments?post=18406"}],"version-history":[{"count":1,"href":"http:\/\/fmriachuelo.it10.com.ar\/index.php\/wp-json\/wp\/v2\/posts\/18406\/revisions"}],"predecessor-version":[{"id":24073,"href":"http:\/\/fmriachuelo.it10.com.ar\/index.php\/wp-json\/wp\/v2\/posts\/18406\/revisions\/24073"}],"wp:attachment":[{"href":"http:\/\/fmriachuelo.it10.com.ar\/index.php\/wp-json\/wp\/v2\/media?parent=18406"}],"wp:term":[{"taxonomy":"category","embeddable":true,"href":"http:\/\/fmriachuelo.it10.com.ar\/index.php\/wp-json\/wp\/v2\/categories?post=18406"},{"taxonomy":"post_tag","embeddable":true,"href":"http:\/\/fmriachuelo.it10.com.ar\/index.php\/wp-json\/wp\/v2\/tags?post=18406"}],"curies":[{"name":"wp","href":"https:\/\/api.w.org\/{rel}","templated":true}]}}