{"id":18400,"date":"2015-09-16T17:54:00","date_gmt":"2015-09-16T17:54:00","guid":{"rendered":"http:\/\/fmriachuelo.observatorioess.org.ar\/index.php\/2015\/09\/16\/comunicacion-popular-aftic-se-compromete-para-dar-solucion\/"},"modified":"2025-05-21T16:37:53","modified_gmt":"2025-05-21T19:37:53","slug":"comunicacion-popular-aftic-se-compromete-para-dar-solucion","status":"publish","type":"post","link":"http:\/\/fmriachuelo.it10.com.ar\/index.php\/2015\/09\/16\/comunicacion-popular-aftic-se-compromete-para-dar-solucion\/","title":{"rendered":"COMUNICACI\u00d3N POPULAR: AFTIC SE COMPROMETE PARA DAR SOLUCI\u00d3N"},"content":{"rendered":"<div style=\"text-align: justify\"><span style=\"font-family: Verdana, sans-serif\"><span style=\"color: red;font-size: large\"><b>DERECHO A LA COMUNICACI\u00d3N: EN DISPUTA<\/b><\/span><\/span><br \/><a href=\"http:\/\/2.bp.blogspot.com\/-E5YIGqPe1lM\/Vfohq7ZQXZI\/AAAAAAAAGcI\/UyvAv-fVsls\/s1600\/logo%2Briachuelo.png\" style=\"clear: left;margin-bottom: 1em;margin-right: 1em;text-align: center\"><img loading=\"lazy\" decoding=\"async\" border=\"0\" height=\"46\" src=\"http:\/\/2.bp.blogspot.com\/-E5YIGqPe1lM\/Vfohq7ZQXZI\/AAAAAAAAGcI\/UyvAv-fVsls\/s200\/logo%2Briachuelo.png\" width=\"200\" \/><\/a><\/div>\n<div style=\"text-align: justify\"><span style=\"font-family: Verdana, sans-serif\">[FMR martes 15\/9\/15] Durante el programa Romp\u00e9 el Cerco Informativo conversamos con Germ\u00e1n Dar\u00edo de los Santos, integrante de Antena Negra TV, que nos relat\u00f3 como las fuerzas encargadas de garantizar la seguridad p\u00fablica, Polic\u00eda Federal, &nbsp;entraron con la orden judicial y luego de causar destrozos malintencionados en el lugar de trabajo, se llevaron los equipos que en la actualidad se hallan depositados en el Dto. Central de la Polic\u00eda Federal. Al mismo tiempo confirm\u00f3 que la Cooperativa Antena Negra TV funciona con su documentaci\u00f3n adecuada a las exigencias legales, lo cual no evit\u00f3 una medida que pudo ser evitada si las autoridades nacionales del AFTIC se hubiesen atenido a lo establecido por el decreto presidencial. En este momento la Autoridad Federal de Tecnolog\u00edas de la Informaci\u00f3n, AFTIC, ha expresado su compromiso para regularizar la situaci\u00f3n del medio comunitario.<\/span><br \/><span style=\"font-family: Verdana, sans-serif\">Escuch\u00e1 el testimonio completo a continuaci\u00f3n:<\/span><br \/><span style=\"font-family: Verdana, sans-serif\"><b><span style=\"color: #351c75\"><a href=\"http:\/\/www.mediafire.com\/listen\/xjs7oio5624sqsi\/09-14-2015_-_POLACO_-_ANTV_-_La_polic%C3%ADa_rompi%C3%B3_todo_y_nadie_se_hace_cargo.mp3\" target=\"_blank\" rel=\"noopener\"><span style=\"color: #351c75\">LA POLIC\u00cdA ROMPI\u00d3 TODO<\/span><\/a><\/span><\/b><\/span><br \/><b><span style=\"color: #351c75\"><a href=\"http:\/\/www.mediafire.com\/listen\/zkec6c571k24dxn\/09-14-2015_-_POLACO_-_AN_TV_-_Los_equipos_los_tiene_el_Dpro_Central_de_Polic%C3%ADa.mp3\" target=\"_blank\" rel=\"noopener\"><span style=\"color: #351c75;font-family: Verdana, sans-serif\">LOS EQUIPOS ESTAN EN EL DTO. CENTRAL DE LA POLIC\u00cdA FEDERAL<\/span><\/a><\/span><\/b><br \/><b><span style=\"color: #351c75;font-family: Verdana, sans-serif\"><a href=\"http:\/\/www.mediafire.com\/listen\/kbcbgqd36pg5btc\/09-14-2015_-_POLACO_-_ANTV_-_La_COOP_est%C3%A1_en_regla%2C_nuestro_compa%C3%B1ero_no_tiene_q_estar_imputado.mp3\" target=\"_blank\" rel=\"noopener\">LA COOP. TIENE SU DOCUMENTACI\u00d3N EN REGLA<\/a><\/span><\/b><br \/><a href=\"http:\/\/www.mediafire.com\/listen\/7z2nwsfd93ylqs5\/09-14-2015_German_Dario_de_los_Santos_ANTENA_NEGRA_TV_-_Nos_citaron_a_una_reuni%C3%B3n_y_hay_un_compromiso_verbal_del_AFTIC.mp3\" target=\"_blank\" rel=\"noopener\"><b><span style=\"color: #351c75;font-family: Verdana, sans-serif\">LA AFTIC SE COMPROMETIO A VIABILIZAR UNA SOLUCI\u00d3N<\/span><\/b><\/a><\/div>\n<div style=\"text-align: justify\"><a href=\"http:\/\/1.bp.blogspot.com\/-ibeZKBTPU-A\/VfhawZUeLSI\/AAAAAAAAGag\/-nTRKupqwN4\/s1600\/rnma.jpg\" style=\"clear: left;float: left;margin-bottom: 1em;margin-right: 1em\"><img loading=\"lazy\" decoding=\"async\" border=\"0\" height=\"41\" src=\"http:\/\/1.bp.blogspot.com\/-ibeZKBTPU-A\/VfhawZUeLSI\/AAAAAAAAGag\/-nTRKupqwN4\/s320\/rnma.jpg\" width=\"320\" \/><\/a><span style=\"font-family: Verdana, sans-serif\">Reproducimos:<\/span><\/div>\n<p><span style=\"font-family: Verdana, sans-serif\"><\/span><\/p>\n<div style=\"text-align: justify\"><span style=\"font-family: Verdana, sans-serif\">Buenos Aires,  Lunes 14 de septiembre de 2015.<\/span><\/div>\n<p><span style=\"font-family: Verdana, sans-serif\"><\/p>\n<div style=\"text-align: justify\">AFTIC SE COMPROMETI\u00d3 A DAR SOLUCI\u00d3N AL CONFLICTO DE ANTENA NEGRA TV&nbsp;<\/div>\n<div style=\"text-align: justify\"><\/div>\n<div style=\"text-align: justify\">M\u00e1s de 350 personas se concentraron el pasado viernes en las puertas de la Autoridad Federal de Tecnolog\u00edas de la Informaci\u00f3n (AFTIC) para acompa\u00f1ar el reclamo de Antena Negra TV y los medios de comunicaci\u00f3n comunitarios. Al mismo tiempo en Mar del Plata medios comunitarios realizaron un escrache en la sede de la AFSCA y en Misiones intervinieron una capacitaci\u00f3n organizada por la misma instituci\u00f3n en acompa\u00f1amiento a la lucha.<\/div>\n<div style=\"text-align: justify\"><\/div>\n<div style=\"text-align: justify\">Producto de la manifestaci\u00f3n Norberto Berner, presidente de AFTIC, pidi\u00f3 una reuni\u00f3n con integrantes del canal comunitario. Dos integrantes de Antena Negra TV acompa\u00f1ados por Nora Corti\u00f1as, Madres de Plaza de Mayo \u2013 L\u00ednea Fundadora, participaron de la reuni\u00f3n con la m\u00e1xima autoridad de la AFTIC. El organismo estatal se comprometi\u00f3 verbalmente a:<\/div>\n<div style=\"text-align: justify\"><a name='more'><\/a><\/div>\n<div style=\"text-align: justify\">*Realizar una reuni\u00f3n con Guillermo Montenegro, Director Nacional de Planificaci\u00f3n Tecnol\u00f3gica TIC, para encontrar un espacio disponible en el espectro en el cual el canal de TV pueda emitir hasta tanto se regularice la situaci\u00f3n.<\/div>\n<div style=\"text-align: justify\"><\/div>\n<div style=\"text-align: justify\">*Acompa\u00f1ar la solicitud de Antena Negra TV ante la Justicia para la devoluci\u00f3n de los equipos y declarar que el canal no genera interferencias.<\/div>\n<div style=\"text-align: justify\"><\/div>\n<div style=\"text-align: justify\">*Crear un protocolo de acci\u00f3n administrativa  para que nunca m\u00e1s un medio comunitario sea criminalizado. En este sentido se acordar\u00eda con los medios comunitarios, populares y alternativos un nuevo procedimiento frente a futuros conflictos de este tipo o por interferencias.<\/div>\n<div style=\"text-align: justify\"><\/div>\n<div style=\"text-align: justify\">La movilizaci\u00f3n finaliz\u00f3 en las puertas de la Autoridad Federal de Servicios de Comunicaci\u00f3n Audiovisual (AFSCA) con todas las organizaciones. El organismo estatal no dio respuestas.<\/div>\n<div style=\"text-align: justify\"><\/div>\n<div style=\"text-align: justify\">El viernes 4 de septiembre la Polic\u00eda Federal (PFA) junto con la AFTIC realiz\u00f3 un allanamiento en el canal de televisi\u00f3n comunitario Antena Negra TV. Se llevaron todos los equipos de transmisi\u00f3n y dejaron el espacio destruido.  La orden  fue  emitida por el magistrado Mart\u00ednez de Giorgi en el marco de una causa donde se imputa a un integrante de la cooperativa Antena Negra TV LTDA por INTERFERENCIA DE LAS COMUNICACIONES, en la cual el demandante es la empresa multinacional GIASA- PROSEGUR.<\/div>\n<div style=\"text-align: justify\"><\/div>\n<div style=\"text-align: justify\">AFTIC declar\u00f3 la interferencia de Antena Negra TV, mientras que AFSCA declar\u00f3 que  Antena Negra TV no era ilegal pero que ning\u00fan derecho los ampara. Al mismo tiempo cuestion\u00f3 la falta de participaci\u00f3n del canal en los concursos. Sin embargo, nunca se abrieron para la categor\u00eda \u201cLicenciatario Operador de Medios sin fin de lucro, con cobertura en toda Capital Federal\u201d que es la requerida por el medio comunitario.<\/div>\n<div style=\"text-align: justify\"><\/div>\n<div style=\"text-align: justify\">El \u00fanico recurso que amparaba a PROSEGUR para usufructuar la frecuencia fue cedido inconstitucionalmente a la empresa durante la presidencia de Carlos Menem. Sin embargo, en el Decreto 2456 del 15 de diciembre del 2014, el propio Poder Ejecutivo de la Naci\u00f3n orden\u00f3 la inmediata liberaci\u00f3n de la frecuencia correspondiente a la se\u00f1al 20 por parte de cualquier servicio que no sea radiodifusi\u00f3n, entreg\u00e1ndola al exclusivo uso de Televisi\u00f3n Digital Terrestre Abierta.<\/div>\n<div style=\"text-align: justify\"><\/div>\n<div style=\"text-align: justify\">Ante la ilegalidad del uso de la se\u00f1al por parte de PROSEGUR y Antena Negra TV, este \u00faltimo en su car\u00e1cter de medio de comunicaci\u00f3n tiene la legitimidad del uso. Sin embargo la decisi\u00f3n pol\u00edtica, que responde a intereses econ\u00f3micos, fue secuestrar los equipos del canal comunitario beneficiando a la empresa privada.<\/div>\n<div style=\"text-align: justify\"><\/div>\n<div style=\"text-align: justify\">A diez d\u00edas del allanamiento y secuestro de equ<br \/>\nipos del canal, Antena Negra TV contin\u00faa trabajando para volver al aire porque creemos que la comunicaci\u00f3n no es una mercanc\u00eda y no se puede seguir beneficiando a quienes lucra con la informaci\u00f3n.<\/div>\n<div style=\"text-align: justify\"><\/div>\n<div style=\"text-align: justify\">ANTENA NEGRA TV<\/div>\n<div style=\"text-align: justify\">LUCHAR PARA TRANSMITIR, TRANSMITIR PARA TRANSFORMAR<\/div>\n<p>Contactos:<br \/>PRENSA ANTENA NEGRA TV <br \/>116 027 5123 &#8211; 116 006 7324<\/span><\/p>\n<div><span style=\"font-family: Verdana, sans-serif\"><br \/><\/span><\/div>\n<div><span style=\"color: blue;font-family: Verdana, sans-serif\">Antena Negra\/Producci\u00f3n Riachuelo<\/span><\/div>\n","protected":false},"excerpt":{"rendered":"<p>DERECHO A LA COMUNICACI\u00d3N: EN DISPUTA [FMR martes 15\/9\/15] Durante el programa Romp\u00e9 el Cerco Informativo conversamos con Germ\u00e1n Dar\u00edo de los Santos, integrante de Antena Negra TV, que nos relat\u00f3 como las fuerzas encargadas de garantizar la seguridad p\u00fablica, Polic\u00eda Federal, &nbsp;entraron con la orden judicial y luego de causar destrozos malintencionados en el [&hellip;]<\/p>\n","protected":false},"author":4,"featured_media":0,"comment_status":"open","ping_status":"open","sticky":false,"template":"","format":"standard","meta":{"_monsterinsights_skip_tracking":false,"_monsterinsights_sitenote_active":false,"_monsterinsights_sitenote_note":"","_monsterinsights_sitenote_category":0,"jnews-multi-image_gallery":[],"jnews_single_post":{"format":"standard"},"jnews_primary_category":[],"_joinchat":[],"footnotes":""},"categories":[58],"tags":[108,157],"class_list":["post-18400","post","type-post","status-publish","format-standard","hentry","category-noticiariachuelo","tag-comunicacion-popular","tag-nadie-se-salva-solo"],"_links":{"self":[{"href":"http:\/\/fmriachuelo.it10.com.ar\/index.php\/wp-json\/wp\/v2\/posts\/18400","targetHints":{"allow":["GET"]}}],"collection":[{"href":"http:\/\/fmriachuelo.it10.com.ar\/index.php\/wp-json\/wp\/v2\/posts"}],"about":[{"href":"http:\/\/fmriachuelo.it10.com.ar\/index.php\/wp-json\/wp\/v2\/types\/post"}],"author":[{"embeddable":true,"href":"http:\/\/fmriachuelo.it10.com.ar\/index.php\/wp-json\/wp\/v2\/users\/4"}],"replies":[{"embeddable":true,"href":"http:\/\/fmriachuelo.it10.com.ar\/index.php\/wp-json\/wp\/v2\/comments?post=18400"}],"version-history":[{"count":1,"href":"http:\/\/fmriachuelo.it10.com.ar\/index.php\/wp-json\/wp\/v2\/posts\/18400\/revisions"}],"predecessor-version":[{"id":24089,"href":"http:\/\/fmriachuelo.it10.com.ar\/index.php\/wp-json\/wp\/v2\/posts\/18400\/revisions\/24089"}],"wp:attachment":[{"href":"http:\/\/fmriachuelo.it10.com.ar\/index.php\/wp-json\/wp\/v2\/media?parent=18400"}],"wp:term":[{"taxonomy":"category","embeddable":true,"href":"http:\/\/fmriachuelo.it10.com.ar\/index.php\/wp-json\/wp\/v2\/categories?post=18400"},{"taxonomy":"post_tag","embeddable":true,"href":"http:\/\/fmriachuelo.it10.com.ar\/index.php\/wp-json\/wp\/v2\/tags?post=18400"}],"curies":[{"name":"wp","href":"https:\/\/api.w.org\/{rel}","templated":true}]}}