{"id":18395,"date":"2015-09-03T13:36:00","date_gmt":"2015-09-03T13:36:00","guid":{"rendered":"http:\/\/fmriachuelo.observatorioess.org.ar\/index.php\/2015\/09\/03\/ctep-el-gobierno-de-la-ciudad-de-buenos-aires-refuerza-la-persecusion-a-los-trabajadores-de-la-via-publica\/"},"modified":"2025-05-13T16:50:28","modified_gmt":"2025-05-13T19:50:28","slug":"ctep-el-gobierno-de-la-ciudad-de-buenos-aires-refuerza-la-persecusion-a-los-trabajadores-de-la-via-publica","status":"publish","type":"post","link":"http:\/\/fmriachuelo.it10.com.ar\/index.php\/2015\/09\/03\/ctep-el-gobierno-de-la-ciudad-de-buenos-aires-refuerza-la-persecusion-a-los-trabajadores-de-la-via-publica\/","title":{"rendered":"CTEP: EL GOBIERNO DE LA CIUDAD DE BUENOS AIRES REFUERZA LA PERSECUSI\u00d3N A LOS TRABAJADORES DE LA V\u00cdA P\u00daBLICA"},"content":{"rendered":"<div style=\"clear: both;text-align: justify\"><span style=\"color: red;font-family: Verdana, sans-serif;font-size: large\"><b>TRABAJADORES DE LA ECONOM\u00cdA POPULAR: EN LUCHA POR UNA VIDA DIGNA<\/b><\/span><\/div>\n<div style=\"clear: both;text-align: center\"><\/div>\n<div style=\"clear: both;text-align: center\"><a href=\"http:\/\/3.bp.blogspot.com\/-uNMmkeUe4b8\/VehKomJfkGI\/AAAAAAAAGQM\/g_595TquUdg\/s1600\/Vendedores%2BLibres%2B%25281%2529.jpg\" style=\"clear: left;float: left;margin-bottom: 1em;margin-right: 1em\"><img loading=\"lazy\" decoding=\"async\" border=\"0\" height=\"640\" src=\"http:\/\/3.bp.blogspot.com\/-uNMmkeUe4b8\/VehKomJfkGI\/AAAAAAAAGQM\/g_595TquUdg\/s640\/Vendedores%2BLibres%2B%25281%2529.jpg\" width=\"384\" \/><\/a><\/div>\n<div style=\"text-align: left\"><span style=\"font-family: Verdana, sans-serif\">[FMR Jueves 03\/09\/15]<\/span><\/div>\n<div style=\"text-align: left\"><span style=\"font-family: Verdana, sans-serif\">Nuevamente el Gobierno de la Ciudad ha incrementado la persecusi\u00f3n a los trabajadores de la econom\u00eda popular que todos los d\u00edas salen a la via p\u00fablica &nbsp;para poder sostener a sus familias con un trabajo digno, que les permite condiciones m\u00ednimas de subsistencia.&nbsp;<\/span><\/div>\n<div style=\"text-align: justify\"><span style=\"font-family: Verdana, sans-serif\">Frente a la falta de pol\u00edticas p\u00fablicas de acceso al trabajo, este Gobierno de la Ciudad busca estigmatizar a las personas de menores recursos, como viene siendo habitual, y perseguirlas.<\/span><\/div>\n<div style=\"text-align: justify\"><span style=\"font-family: Verdana, sans-serif\">Nos solidarizamos con los compa\u00f1eros que son perseguidos injustamente, frente a la necesidad de trabajo digno y a la falta de alternativas por parte del estado de la Ciudad de Buenos Aires, que casualmente favorece con negocios a sus candidatos y no responde a las necesidades populares y a los derechos escenciales como:trabajo, vivienda, salud y educaci\u00f3n.<\/span><\/div>\n","protected":false},"excerpt":{"rendered":"<p>TRABAJADORES DE LA ECONOM\u00cdA POPULAR: EN LUCHA POR UNA VIDA DIGNA [FMR Jueves 03\/09\/15] Nuevamente el Gobierno de la Ciudad ha incrementado la persecusi\u00f3n a los trabajadores de la econom\u00eda popular que todos los d\u00edas salen a la via p\u00fablica &nbsp;para poder sostener a sus familias con un trabajo digno, que les permite condiciones m\u00ednimas [&hellip;]<\/p>\n","protected":false},"author":4,"featured_media":0,"comment_status":"open","ping_status":"open","sticky":false,"template":"","format":"standard","meta":{"_monsterinsights_skip_tracking":false,"_monsterinsights_sitenote_active":false,"_monsterinsights_sitenote_note":"","_monsterinsights_sitenote_category":0,"jnews-multi-image_gallery":[],"jnews_single_post":{"format":"standard"},"jnews_primary_category":[],"_joinchat":[],"footnotes":""},"categories":[58],"tags":[64,148,89],"class_list":["post-18395","post","type-post","status-publish","format-standard","hentry","category-noticiariachuelo","tag-economia-popular","tag-trabajo","tag-violencia-institucional"],"_links":{"self":[{"href":"http:\/\/fmriachuelo.it10.com.ar\/index.php\/wp-json\/wp\/v2\/posts\/18395","targetHints":{"allow":["GET"]}}],"collection":[{"href":"http:\/\/fmriachuelo.it10.com.ar\/index.php\/wp-json\/wp\/v2\/posts"}],"about":[{"href":"http:\/\/fmriachuelo.it10.com.ar\/index.php\/wp-json\/wp\/v2\/types\/post"}],"author":[{"embeddable":true,"href":"http:\/\/fmriachuelo.it10.com.ar\/index.php\/wp-json\/wp\/v2\/users\/4"}],"replies":[{"embeddable":true,"href":"http:\/\/fmriachuelo.it10.com.ar\/index.php\/wp-json\/wp\/v2\/comments?post=18395"}],"version-history":[{"count":1,"href":"http:\/\/fmriachuelo.it10.com.ar\/index.php\/wp-json\/wp\/v2\/posts\/18395\/revisions"}],"predecessor-version":[{"id":24033,"href":"http:\/\/fmriachuelo.it10.com.ar\/index.php\/wp-json\/wp\/v2\/posts\/18395\/revisions\/24033"}],"wp:attachment":[{"href":"http:\/\/fmriachuelo.it10.com.ar\/index.php\/wp-json\/wp\/v2\/media?parent=18395"}],"wp:term":[{"taxonomy":"category","embeddable":true,"href":"http:\/\/fmriachuelo.it10.com.ar\/index.php\/wp-json\/wp\/v2\/categories?post=18395"},{"taxonomy":"post_tag","embeddable":true,"href":"http:\/\/fmriachuelo.it10.com.ar\/index.php\/wp-json\/wp\/v2\/tags?post=18395"}],"curies":[{"name":"wp","href":"https:\/\/api.w.org\/{rel}","templated":true}]}}