{"id":18394,"date":"2015-09-04T12:30:00","date_gmt":"2015-09-04T12:30:00","guid":{"rendered":"http:\/\/fmriachuelo.observatorioess.org.ar\/index.php\/2015\/09\/04\/caba-hacia-el-primer-encuentro-nacional-de-ninez\/"},"modified":"2025-05-13T16:54:19","modified_gmt":"2025-05-13T19:54:19","slug":"caba-hacia-el-primer-encuentro-nacional-de-ninez","status":"publish","type":"post","link":"http:\/\/fmriachuelo.it10.com.ar\/index.php\/2015\/09\/04\/caba-hacia-el-primer-encuentro-nacional-de-ninez\/","title":{"rendered":"CABA: HACIA EL PRIMER ENCUENTRO NACIONAL DE NI\u00d1EZ"},"content":{"rendered":"<div style=\"clear: both;text-align: justify\"><b style=\"color: red;font-family: Verdana, sans-serif;font-size: x-large;text-align: start\"><span style=\"color: red;font-family: Verdana, sans-serif;font-size: large\">\u00a1NI UN PIBE MENOS!<\/span><\/b><\/div>\n<div style=\"clear: both;text-align: center\"><a href=\"http:\/\/2.bp.blogspot.com\/-5piQfrOxkW8\/VeevDmEnhqI\/AAAAAAAAGPU\/dQ5HrLBWX3w\/s1600\/encuentro-ninez2.jpg\" style=\"clear: left;float: left;margin-bottom: 1em;margin-right: 1em\"><img loading=\"lazy\" decoding=\"async\" border=\"0\" height=\"280\" src=\"http:\/\/2.bp.blogspot.com\/-5piQfrOxkW8\/VeevDmEnhqI\/AAAAAAAAGPU\/dQ5HrLBWX3w\/s320\/encuentro-ninez2.jpg\" width=\"320\" \/><\/a><\/div>\n<p><span style=\"font-family: Verdana, sans-serif\">Escuch\u00e1<span style=\"color: #0b5394;font-weight: bold\">&nbsp;<\/span><a href=\"http:\/\/www.mediafire.com\/listen\/f3g970h89t8kzrg\/09-03-2015_-_FRANCISCO_FARINA_-_Encuentro_de_Ni%C3%B1ez_y_Adolescencia_-_Hacer_escuchar_la_voz_de_los_pibes_en_la_agenda_nacional.mp3\" style=\"color: #0b5394;font-weight: bold\" target=\"_blank\" rel=\"noopener\">AQU\u00cd<\/a><span style=\"color: #0b5394;font-weight: bold\">&nbsp;<\/span>el testimonio de la organizaci\u00f3n del Encuentro, Francisco Farina en el programa<span style=\"font-weight: bold\"> <span style=\"color: red\">Romp\u00e9 el Cerco Informtivo<\/span><\/span><\/span><\/p>\n<div style=\"text-align: justify\"><span style=\"font-family: Verdana, sans-serif\">Agenda:&nbsp;<\/span><\/div>\n<p><span style=\"font-family: Verdana, sans-serif\"><\/span><\/p>\n<div style=\"text-align: justify\"><span style=\"font-family: Verdana, sans-serif\">S\u00e1bado 5\/9 de 9 a 17 horas.  Encuentro de Educadorxs y Trabajadorxs de Ni\u00f1ez Hacia el Primer Encuentro Nacional de Ni\u00f1ez  -Auditorio de ATE Nacional en Belgrano 2527&nbsp;<\/span><\/div>\n<p><span style=\"font-family: Verdana, sans-serif\"><\/p>\n<div style=\"text-align: justify\"><\/div>\n<div style=\"text-align: justify\">26 y 27 de Noviembre. Primer Encuentro Nacional de Ni\u00f1ez -Ciudad de Buenos Aires (Lugar a designar)<\/div>\n<div style=\"text-align: justify\"><\/div>\n<div style=\"text-align: justify\">Quienes conformamos Ni\u00f1ez y Territorio  sabemos que hay cientos de organizaciones que d\u00eda a d\u00eda construyen en sus territorios una ni\u00f1ez m\u00e1s digna, pero nos cuesta mucho encontrarnos en la fragmentaci\u00f3n y dispersi\u00f3n existente . Por  eso nos convocamos, las\/los convocamos y abrimos esta invitaci\u00f3n a construir colectivamente.<\/div>\n<p><a name='more'><\/a><br \/>Nuestra apuesta es por el encuentro, un encuentro en el que podamos confluir, sumar nuestras voces y experiencias de lucha. Un encuentro nacional que se pone en marcha, humildemente, para que pueda ser construido por muchos y muchas m\u00e1s. Un  primer espacio de encuentro entre los pibes y las pibas y los laburantes de la ni\u00f1ez, de las organizaciones y organismos que construyen en cada territorio. <\/p>\n<p>Un Encuentro Nacional de Ni\u00f1ez que buscar\u00e1 trabajar con las y los j\u00f3venes las diversas problem\u00e1ticas que atraviesan, compartir las posibles salidas y soluciones de forma propositiva. <\/span><\/p>\n<div>\n<div style=\"background: white;text-align: center\"><\/div>\n<div style=\"background: white;text-align: left\"><span style=\"font-family: Verdana, sans-serif\">Contacto: Francisco Farina 15-55614602<\/span><\/div>\n<div style=\"background: white;text-align: left\"><span style=\"font-family: Verdana, sans-serif\"><br \/><\/span><\/div>\n<div style=\"background: white;text-align: left\"><span style=\"color: blue;font-family: Verdana, sans-serif\">Fuente: Ni\u00f1ez y Territorio, Producci\u00f3n Riachuelo<\/span><\/div>\n<ul type=\"disc\"><\/ul>\n<\/div>\n","protected":false},"excerpt":{"rendered":"<p>\u00a1NI UN PIBE MENOS! Escuch\u00e1&nbsp;AQU\u00cd&nbsp;el testimonio de la organizaci\u00f3n del Encuentro, Francisco Farina en el programa Romp\u00e9 el Cerco Informtivo Agenda:&nbsp; S\u00e1bado 5\/9 de 9 a 17 horas. Encuentro de Educadorxs y Trabajadorxs de Ni\u00f1ez Hacia el Primer Encuentro Nacional de Ni\u00f1ez -Auditorio de ATE Nacional en Belgrano 2527&nbsp; 26 y 27 de Noviembre. Primer [&hellip;]<\/p>\n","protected":false},"author":4,"featured_media":0,"comment_status":"open","ping_status":"open","sticky":false,"template":"","format":"standard","meta":{"_monsterinsights_skip_tracking":false,"_monsterinsights_sitenote_active":false,"_monsterinsights_sitenote_note":"","_monsterinsights_sitenote_category":0,"jnews-multi-image_gallery":[],"jnews_single_post":{"format":"standard"},"jnews_primary_category":[],"_joinchat":[],"footnotes":""},"categories":[58],"tags":[101],"class_list":["post-18394","post","type-post","status-publish","format-standard","hentry","category-noticiariachuelo","tag-educacion"],"_links":{"self":[{"href":"http:\/\/fmriachuelo.it10.com.ar\/index.php\/wp-json\/wp\/v2\/posts\/18394","targetHints":{"allow":["GET"]}}],"collection":[{"href":"http:\/\/fmriachuelo.it10.com.ar\/index.php\/wp-json\/wp\/v2\/posts"}],"about":[{"href":"http:\/\/fmriachuelo.it10.com.ar\/index.php\/wp-json\/wp\/v2\/types\/post"}],"author":[{"embeddable":true,"href":"http:\/\/fmriachuelo.it10.com.ar\/index.php\/wp-json\/wp\/v2\/users\/4"}],"replies":[{"embeddable":true,"href":"http:\/\/fmriachuelo.it10.com.ar\/index.php\/wp-json\/wp\/v2\/comments?post=18394"}],"version-history":[{"count":1,"href":"http:\/\/fmriachuelo.it10.com.ar\/index.php\/wp-json\/wp\/v2\/posts\/18394\/revisions"}],"predecessor-version":[{"id":24035,"href":"http:\/\/fmriachuelo.it10.com.ar\/index.php\/wp-json\/wp\/v2\/posts\/18394\/revisions\/24035"}],"wp:attachment":[{"href":"http:\/\/fmriachuelo.it10.com.ar\/index.php\/wp-json\/wp\/v2\/media?parent=18394"}],"wp:term":[{"taxonomy":"category","embeddable":true,"href":"http:\/\/fmriachuelo.it10.com.ar\/index.php\/wp-json\/wp\/v2\/categories?post=18394"},{"taxonomy":"post_tag","embeddable":true,"href":"http:\/\/fmriachuelo.it10.com.ar\/index.php\/wp-json\/wp\/v2\/tags?post=18394"}],"curies":[{"name":"wp","href":"https:\/\/api.w.org\/{rel}","templated":true}]}}