{"id":18393,"date":"2015-09-04T14:26:00","date_gmt":"2015-09-04T14:26:00","guid":{"rendered":"http:\/\/fmriachuelo.observatorioess.org.ar\/index.php\/2015\/09\/04\/mendoza-la-comunidad-organizada-se-resiste-a-la-decision-injusta-de-la-corte\/"},"modified":"2025-05-13T16:57:54","modified_gmt":"2025-05-13T19:57:54","slug":"mendoza-la-comunidad-organizada-se-resiste-a-la-decision-injusta-de-la-corte","status":"publish","type":"post","link":"http:\/\/fmriachuelo.it10.com.ar\/index.php\/2015\/09\/04\/mendoza-la-comunidad-organizada-se-resiste-a-la-decision-injusta-de-la-corte\/","title":{"rendered":"MENDOZA: LA COMUNIDAD ORGANIZADA SE RESISTE A LA DECISI\u00d3N INJUSTA DE LA CORTE"},"content":{"rendered":"<p><span style=\"font-family: Verdana, sans-serif\"><span style=\"color: red;font-size: large\"><b>EL AGUA DE MENDOZA NO SE NEGOCIA<\/b><\/span><br \/>Marcha en rechazo a la decisi\u00f3n de la Corte de no llamar a audiencia p\u00fablica por la ley antiminera<\/p>\n<div style=\"clear: both;text-align: center\"><a href=\"http:\/\/2.bp.blogspot.com\/-6uwPlnShUSQ\/VempAwKUrSI\/AAAAAAAAGQc\/weyJ8Z0G6ME\/s1600\/antiminera.jpg\" style=\"clear: left;float: left;margin-bottom: 1em;margin-right: 1em\"><img loading=\"lazy\" decoding=\"async\" border=\"0\" height=\"207\" src=\"http:\/\/2.bp.blogspot.com\/-6uwPlnShUSQ\/VempAwKUrSI\/AAAAAAAAGQc\/weyJ8Z0G6ME\/s320\/antiminera.jpg\" width=\"320\" \/><\/a><\/div>\n<div style=\"text-align: justify\">Despu\u00e9s del rechazo de la Corte a una audiencia p\u00fablica, volvieron con su reclamo: \u00abEl agua de Mendoza no se negocia\u00bb.&nbsp;<\/div>\n<div style=\"text-align: justify\"><\/div>\n<div style=\"text-align: justify\">Ambientalistas que conforman las distintas asambleas populares por el agua, acompa\u00f1ados de muchos mendocinos, volvieron con su reclamo p\u00fablico en defensa de la ley 7.722, conocida como &#8216;antiminera&#8217;.<\/div>\n<p><a name='more'><\/a><br \/>Si bien su reclamo \u00aben defensa del agua\u00bb es continuo, eta vez volvieron a la calle para protestar contra la Suprema Corte de Justicia local quien rechaz\u00f3 realizar una audiencia p\u00fablica en medio del tratamiento de la constitucionalidad o no de esta norma que ya est\u00e1 llegando a instancias finales. Empresas mineras llevaron hasta las \u00faltimas instancias judiciales su rechazo a esta ley.<\/p>\n<p>Unas 500 personas llegaron en la tarde de ayer hasta la Plaza Independencia, donde gritaron: \u00abEl agua de Mendoza no se negocia\u00bb. Arribaron desde distintos puntos del Gran Mendoza y desde otras localidades de la provincia, como en San Rafael, Uspallata y San Carlos, donde tambi\u00e9n hubo reclamos en simult\u00e1neo.<\/p>\n<p>Desde antes de la sanci\u00f3n de la ley, hace 8 a\u00f1os, han manifestado su rechazo ac\u00e9rrimo a la miner\u00eda contra la miner\u00eda contaminante en distintos actos, incluso han marchado en algunos carruseles vend\u00edmiales. Pero ahora su lucha cobra m\u00e1s fuerza porque est\u00e1 en manos de la Corte Suprema de Justicia el fallo final sobre la constitucionalidad de la ley que tanto defienden y que rechazan las empresas mineras.<\/p>\n<p>\u201cLa Suprema Corte cerr\u00f3 las puertas a la posibilidad hist\u00f3rica de democratizar la Justicia, desconoci\u00f3 las m\u00e1s de 70.000 firmas recolectadas por las asambleas\u201d, denunciaron desde la Asamblea Popular por el Agua.<\/p>\n<p>En esta marcha en particular fue fuerte el acompa\u00f1amiento de distintas agrupaciones pol\u00edticas juveniles.Marcharon dirigentes y j\u00f3venes del Frente de Izquierda, de Libres del Sur y de La Cantera Popular de la Uni\u00f3n C\u00edvica Radical.<\/p>\n<p>El martes pasado fue la segunda votaci\u00f3n por parte de los ministros de la Corte respecto a la audiencia p\u00fablica para tratar la inconstitucionalidad de la ley. La primera sobre el tema fue en agosto, oportunidad en la que el presidente de la Corte, Jorge Nanclares, fue por el s\u00ed.<\/p>\n<p>En cambio, el resultado de la votaci\u00f3n de hace tres d\u00edas fue de 5 por el no y 2 por el s\u00ed. Es que Nanclares cambi\u00f3 su punto de vista y se sum\u00f3 a la postura de sus pares Alejandro P\u00e9rez Hualde, Herman Salvini, Julio G\u00f3mez y Pedro Llorente. Mientras que Mario Adaro y Omar Palermo se mantuvieron firmes en el s\u00ed al foro p\u00fablico.<\/p>\n<p>Ahora, quien debe pronunciarse sobre la inconstitucionalidad de la ley es el procurador general de la Corte, Rodolfo Gonz\u00e1lez. Luego de los 8 d\u00edas h\u00e1biles de plazo para que Gonz\u00e1lez se expida, ser\u00e1 el turno de que cada sala haga lo propio, para lo cual los ministros tendr\u00e1n no menos de una semana. En general, el t\u00e9rmino para una sentencia definitiva es de 60 d\u00edas h\u00e1biles pero, al decir de P\u00e9rez Hualde ,\u201cla idea es que luego de ocho a\u00f1os de espera la resoluci\u00f3n est\u00e9 mucho antes\u201d.<\/span><\/p>\n<div><\/div>\n<div><span style=\"color: blue;font-family: Verdana, sans-serif\">Los Andes, Producci\u00f3n Riachuelo<\/span><\/div>\n","protected":false},"excerpt":{"rendered":"<p>EL AGUA DE MENDOZA NO SE NEGOCIAMarcha en rechazo a la decisi\u00f3n de la Corte de no llamar a audiencia p\u00fablica por la ley antiminera Despu\u00e9s del rechazo de la Corte a una audiencia p\u00fablica, volvieron con su reclamo: \u00abEl agua de Mendoza no se negocia\u00bb.&nbsp; Ambientalistas que conforman las distintas asambleas populares por el [&hellip;]<\/p>\n","protected":false},"author":4,"featured_media":0,"comment_status":"open","ping_status":"open","sticky":false,"template":"","format":"standard","meta":{"_monsterinsights_skip_tracking":false,"_monsterinsights_sitenote_active":false,"_monsterinsights_sitenote_note":"","_monsterinsights_sitenote_category":0,"jnews-multi-image_gallery":[],"jnews_single_post":{"format":"standard"},"jnews_primary_category":[],"_joinchat":[],"footnotes":""},"categories":[58],"tags":[71,147,69],"class_list":["post-18393","post","type-post","status-publish","format-standard","hentry","category-noticiariachuelo","tag-de-la-tierra","tag-habitat","tag-salud"],"_links":{"self":[{"href":"http:\/\/fmriachuelo.it10.com.ar\/index.php\/wp-json\/wp\/v2\/posts\/18393","targetHints":{"allow":["GET"]}}],"collection":[{"href":"http:\/\/fmriachuelo.it10.com.ar\/index.php\/wp-json\/wp\/v2\/posts"}],"about":[{"href":"http:\/\/fmriachuelo.it10.com.ar\/index.php\/wp-json\/wp\/v2\/types\/post"}],"author":[{"embeddable":true,"href":"http:\/\/fmriachuelo.it10.com.ar\/index.php\/wp-json\/wp\/v2\/users\/4"}],"replies":[{"embeddable":true,"href":"http:\/\/fmriachuelo.it10.com.ar\/index.php\/wp-json\/wp\/v2\/comments?post=18393"}],"version-history":[{"count":1,"href":"http:\/\/fmriachuelo.it10.com.ar\/index.php\/wp-json\/wp\/v2\/posts\/18393\/revisions"}],"predecessor-version":[{"id":24037,"href":"http:\/\/fmriachuelo.it10.com.ar\/index.php\/wp-json\/wp\/v2\/posts\/18393\/revisions\/24037"}],"wp:attachment":[{"href":"http:\/\/fmriachuelo.it10.com.ar\/index.php\/wp-json\/wp\/v2\/media?parent=18393"}],"wp:term":[{"taxonomy":"category","embeddable":true,"href":"http:\/\/fmriachuelo.it10.com.ar\/index.php\/wp-json\/wp\/v2\/categories?post=18393"},{"taxonomy":"post_tag","embeddable":true,"href":"http:\/\/fmriachuelo.it10.com.ar\/index.php\/wp-json\/wp\/v2\/tags?post=18393"}],"curies":[{"name":"wp","href":"https:\/\/api.w.org\/{rel}","templated":true}]}}