{"id":18392,"date":"2015-09-04T21:32:00","date_gmt":"2015-09-04T21:32:00","guid":{"rendered":"http:\/\/fmriachuelo.observatorioess.org.ar\/index.php\/2015\/09\/04\/antena-negra-tv-convoca-a-conferencia-de-prensa\/"},"modified":"2025-05-13T17:00:48","modified_gmt":"2025-05-13T20:00:48","slug":"antena-negra-tv-convoca-a-conferencia-de-prensa","status":"publish","type":"post","link":"http:\/\/fmriachuelo.it10.com.ar\/index.php\/2015\/09\/04\/antena-negra-tv-convoca-a-conferencia-de-prensa\/","title":{"rendered":"ANTENA NEGRA TV CONVOCA A CONFERENCIA DE PRENSA"},"content":{"rendered":"<div style=\"clear: both;text-align: center\"><a href=\"http:\/\/4.bp.blogspot.com\/-2au4vQa_NK0\/VeoI1760fUI\/AAAAAAAAGRU\/KJTPH-FvVnc\/s1600\/logo.png\" style=\"clear: left;float: left;margin-bottom: 1em;margin-right: 1em\"><img loading=\"lazy\" decoding=\"async\" border=\"0\" height=\"200\" src=\"http:\/\/4.bp.blogspot.com\/-2au4vQa_NK0\/VeoI1760fUI\/AAAAAAAAGRU\/KJTPH-FvVnc\/s200\/logo.png\" width=\"183\" \/><\/a><\/div>\n<p><span style=\"font-family: Verdana, sans-serif\"><\/p>\n<div style=\"text-align: justify\"><b>Reproducimos:<\/b><\/div>\n<div style=\"text-align: justify\">Ciudad de Buenos Aires vienes 4 de septiembre de 2015<\/div>\n<div style=\"text-align: justify\">Comunicado de prensa Situaci\u00f3n <b>Antena Negra TV<\/b><\/div>\n<div style=\"text-align: justify\"><\/div>\n<div style=\"text-align: justify\">Convocamos a todos medios a una conferencia de prensa hoy a las 18 en las puertas del canal Antena Negra TV &#8211; \u00c1ngel Gallardo 752 2\u00b0 piso, esquina Acoyte- para informar como contin\u00faa el conflicto y que puedan ver los destrozos realizados en el canal.&nbsp;<\/div>\n<div style=\"text-align: justify\"><\/div>\n<div style=\"text-align: justify\">En el d\u00eda de hoy a partir de  las 11  personal de la Polic\u00eda Federal (PFA), junto con la Comisi\u00f3n Nacional de Comunicaciones (CNC)  y la Autoridad Federal de Tecnolog\u00edas de la Informaci\u00f3n (AFTIC)  se presentaron al espacio  cultural el CID, donde trasmite desde el a\u00f1o 2009 el canal de tv comunitaria Antena Negra TV (canal 20 TDA). Alrededor de las 14hs la Polic\u00eda Federal se llev\u00f3 los equipos de transmisi\u00f3n (transmisior, potencia, computadoras) y dej\u00f3 el espacio destruido (roturas de puertas, computadoras, c\u00e1maras y todo lo que encontraron).&nbsp;<\/div>\n<p><a name='more'><\/a><br \/>La PFA act\u00faa por una orden de allanamiento emitida por el Juzgado Nacional n\u00b0 5, secretaria 8 a cargo de Martinez de Giorgi en lo Criminal y Correccional contra un integrante de la cooperativa que lleva el canal adelante. El objetivo de la medida judicial era decomisar los equipos de transimisi\u00f3n. <br \/>Este procedimiento fue impulsado por la CNC en connivencia con la PFA salt\u00e9andose a la AFSCA, quien es la autoridad encargada de regular el uso del espectro en relaci\u00f3n a la readiodifusi\u00f3n. Es decir, radio y televisi\u00f3n.<\/p>\n<p>Desde que comenzamos a transmitir por el canal 20 de Televisi\u00f3n Digital Abierta (506 a 512 Mhz)  nos vimos presionados por la empresa de seguridad privada PROSEGUR para que salgamos del aire aduciendo tener permiso para utilizar la frecuencia 511 mhz para radioenlaces entre la empresa y la Polic\u00eda Federal Argentina. Dicho uso del canal se encuentra en clara violaci\u00f3n de lo dictaminado tanto por leyes internacionales como nacionales. <\/p>\n<p>El usufructo de ese espacio fue cedido inconstitucionalmente a esta empresa privada durante la presidencia de Carlos Menem, ya que Argentina mediante ley constitucional 23.478, (que refrenda el convenio internacional de Nairobi) asignaba esas frecuencias a radiodifusi\u00f3n, es decir, radio y televisi\u00f3n abierta. Hoy en d\u00eda, a pesar de la sanci\u00f3n de la Ley de Servicios de Comunicaci\u00f3n Audiovisual en octubre del 2009, la situaci\u00f3n sigue siendo la misma. <\/p>\n<p>Es m\u00e1s, en el decreto 2456 con fecha 15 de diciembre del 2014, el propio Poder Ejecutivo de la Naci\u00f3n ordena la inmediata liberaci\u00f3n de la frecuencia correspondiente a la se\u00f1al 20 por parte de cualquier servicio que no sea radiodifusi\u00f3n, entreg\u00e1ndola al exclusivo uso de Televisi\u00f3n Digital Terrestre Abierta. Aun as\u00ed, nada de esto se cumple en la realidad.<\/p>\n<p>Desde la Red Nacional de Medios Alternativos (RNMA) creemos que la comunicaci\u00f3n no puede seguir siendo un negocio al que acceden unos pocos porque la comunicaci\u00f3n no es una mercanc\u00eda. Entendemos la comunicaci\u00f3n como un derecho: derecho a estar comunicados y a comunicar, como as\u00ed tambi\u00e9n al acceso libre a las tecnolog\u00edas que lo permiten.<\/p>\n<p>contactos de presa:<br \/>iru:1150334035<br \/>anto:1163595791<br \/>flor:1160067324<\/span><\/p>\n<div style=\"background-color: white;line-height: 18.46px\"><span style=\"font-family: Verdana, sans-serif\">male:1169788114<\/span><\/div>\n<div style=\"background-color: white;line-height: 18.46px\"><span style=\"font-family: Verdana, sans-serif\"><br \/><\/span><\/div>\n<div style=\"background-color: white;line-height: 18.46px\"><span style=\"color: blue;font-family: Verdana, sans-serif\">Producci\u00f3n Riachuelo<\/span><\/div>\n","protected":false},"excerpt":{"rendered":"<p>Reproducimos: Ciudad de Buenos Aires vienes 4 de septiembre de 2015 Comunicado de prensa Situaci\u00f3n Antena Negra TV Convocamos a todos medios a una conferencia de prensa hoy a las 18 en las puertas del canal Antena Negra TV &#8211; \u00c1ngel Gallardo 752 2\u00b0 piso, esquina Acoyte- para informar como contin\u00faa el conflicto y que [&hellip;]<\/p>\n","protected":false},"author":4,"featured_media":0,"comment_status":"open","ping_status":"open","sticky":false,"template":"","format":"standard","meta":{"_monsterinsights_skip_tracking":false,"_monsterinsights_sitenote_active":false,"_monsterinsights_sitenote_note":"","_monsterinsights_sitenote_category":0,"jnews-multi-image_gallery":[],"jnews_single_post":{"format":"standard"},"jnews_primary_category":[],"_joinchat":[],"footnotes":""},"categories":[58],"tags":[108,89],"class_list":["post-18392","post","type-post","status-publish","format-standard","hentry","category-noticiariachuelo","tag-comunicacion-popular","tag-violencia-institucional"],"_links":{"self":[{"href":"http:\/\/fmriachuelo.it10.com.ar\/index.php\/wp-json\/wp\/v2\/posts\/18392","targetHints":{"allow":["GET"]}}],"collection":[{"href":"http:\/\/fmriachuelo.it10.com.ar\/index.php\/wp-json\/wp\/v2\/posts"}],"about":[{"href":"http:\/\/fmriachuelo.it10.com.ar\/index.php\/wp-json\/wp\/v2\/types\/post"}],"author":[{"embeddable":true,"href":"http:\/\/fmriachuelo.it10.com.ar\/index.php\/wp-json\/wp\/v2\/users\/4"}],"replies":[{"embeddable":true,"href":"http:\/\/fmriachuelo.it10.com.ar\/index.php\/wp-json\/wp\/v2\/comments?post=18392"}],"version-history":[{"count":1,"href":"http:\/\/fmriachuelo.it10.com.ar\/index.php\/wp-json\/wp\/v2\/posts\/18392\/revisions"}],"predecessor-version":[{"id":24039,"href":"http:\/\/fmriachuelo.it10.com.ar\/index.php\/wp-json\/wp\/v2\/posts\/18392\/revisions\/24039"}],"wp:attachment":[{"href":"http:\/\/fmriachuelo.it10.com.ar\/index.php\/wp-json\/wp\/v2\/media?parent=18392"}],"wp:term":[{"taxonomy":"category","embeddable":true,"href":"http:\/\/fmriachuelo.it10.com.ar\/index.php\/wp-json\/wp\/v2\/categories?post=18392"},{"taxonomy":"post_tag","embeddable":true,"href":"http:\/\/fmriachuelo.it10.com.ar\/index.php\/wp-json\/wp\/v2\/tags?post=18392"}],"curies":[{"name":"wp","href":"https:\/\/api.w.org\/{rel}","templated":true}]}}