{"id":18391,"date":"2015-09-04T22:00:00","date_gmt":"2015-09-04T22:00:00","guid":{"rendered":"http:\/\/fmriachuelo.observatorioess.org.ar\/index.php\/2015\/09\/04\/preocupacion-e-inquietud-entre-los-medios-comunitarios-y-populares-peligro\/"},"modified":"2025-05-13T17:04:01","modified_gmt":"2025-05-13T20:04:01","slug":"preocupacion-e-inquietud-entre-los-medios-comunitarios-y-populares-peligro","status":"publish","type":"post","link":"http:\/\/fmriachuelo.it10.com.ar\/index.php\/2015\/09\/04\/preocupacion-e-inquietud-entre-los-medios-comunitarios-y-populares-peligro\/","title":{"rendered":"PREOCUPACI\u00d3N  E INQUIETUD ENTRE  LOS MEDIOS COMUNITARIOS Y POPULARES: \u00a1PELIGRO!"},"content":{"rendered":"<div style=\"text-align: center\"><b style=\"font-family: Verdana, sans-serif\">LA POLIC\u00cdA FEDERAL Y LA C.N.C. EN UN PROCEDIMIENTO CONJUNTO&nbsp;<\/b><\/div>\n<p><span style=\"font-family: Verdana, sans-serif\"><\/span><\/p>\n<div style=\"text-align: center\"><b style=\"color: red;font-family: Verdana, sans-serif;font-size: x-large\">ALLANAN Y DECOMISAN MEDIO COMUNITARIO DE LA CIUDAD DE BUENOS AIRES<\/b><br \/><span style=\"font-family: Verdana, sans-serif;font-size: large\">Escuch\u00e1 el<\/span><b style=\"color: red;font-family: Verdana, sans-serif;font-size: x-large\">&nbsp;<a href=\"http:\/\/www.mediafire.com\/listen\/686wqhp42g1cgaf\/CRUDO_VELOZ_POLACO_ANTENA_NEGRA_TV.mp3\" target=\"_blank\" rel=\"noopener\">AUDIO CON EL COMPA\u00d1ERO DE ANTENA NEGRA DE LA SITUACI\u00d3N<\/a>&nbsp;&nbsp;<\/b><span style=\"font-family: Verdana, sans-serif;font-size: large\">que sucedi\u00f3, para los micr\u00f3fonos de <span style=\"color: red\"><b>Fm Riachuelo<\/b><\/span><\/span><br \/><span style=\"font-family: Verdana, sans-serif;font-size: large\"><br \/><\/span><\/div>\n<p><span style=\"font-family: Verdana, sans-serif\"><span style=\"color: red;font-size: large\"><\/span><\/span><span style=\"font-family: Verdana, sans-serif\">Esta situaci\u00f3n preocupa profundamente a los Medios Comunitarios y a todos los involucrados en la lucha por una Comunicaci\u00f3n Popular libre y diversa, adem\u00e1s de encender una grave alarma por la reincidencia en el uso de m\u00e9todos represivos, violentos y de decomiso de bienes del pueblo, como era habitual en los a\u00f1os de la dictadura.<\/p>\n<p>La confiscaci\u00f3n que llev\u00f3 adelante la Polic\u00eda Federal y la flamante Autoridad Federal de Tecnolog\u00edas de la Informaci\u00f3n y las Comunicaciones (AFTIC) muestra el verdadero objetivo del proyecto desestabilizador en marcha en toda la regi\u00f3n. No son las instituciones de la democracia las destinatarias \u00faltimas de la embestida neoliberal. Se trata lisa y llanamente de la eliminaci\u00f3n de los sectores populares. La restauraci\u00f3n neoconservadora, instalada ahora en la burocracia estatal, con las viejas pr\u00e1cticas confiscatorias de la dictadura avanzan, sobre los medios de la comunicaci\u00f3n popular.<span style=\"color: red;font-size: large\"><\/p>\n<div style=\"clear: both;text-align: center\"><\/div>\n<div style=\"clear: both;text-align: center\"><a href=\"http:\/\/1.bp.blogspot.com\/-fhx2k3Yc6jo\/VeoFh5gxKRI\/AAAAAAAAGRI\/LydoPvtqFn0\/s1600\/antena3.jpg\" style=\"clear: left;float: left;margin-bottom: 1em;margin-right: 1em\"><img loading=\"lazy\" decoding=\"async\" border=\"0\" height=\"111\" src=\"http:\/\/1.bp.blogspot.com\/-fhx2k3Yc6jo\/VeoFh5gxKRI\/AAAAAAAAGRI\/LydoPvtqFn0\/s200\/antena3.jpg\" width=\"200\" \/><\/a><\/div>\n<p><a href=\"http:\/\/1.bp.blogspot.com\/-xZdsIRj_r0M\/VeoFaeqqhYI\/AAAAAAAAGQ0\/QU4CQpyNQpM\/s1600\/antena%2B1.jpg\" style=\"clear: left;float: left;margin-bottom: 1em;margin-right: 1em\"><img loading=\"lazy\" decoding=\"async\" border=\"0\" height=\"111\" src=\"http:\/\/1.bp.blogspot.com\/-xZdsIRj_r0M\/VeoFaeqqhYI\/AAAAAAAAGQ0\/QU4CQpyNQpM\/s200\/antena%2B1.jpg\" width=\"200\" \/><\/a><\/span><b><\/p>\n<div style=\"text-align: justify\"><b>[FMR Viernes 4\/9\/15] En un operativo conjunto, la Autoridad Federal de Tecnolog\u00edas de la Informaci\u00f3n y las Comunicaciones- AFTIC y la Polic\u00eda Federal allanaron y decomisaron hoy el espacio y equipos de la emisora comunitaria Antena Negra TV \u2013 Canal 20 Digital \u2013 Canal 4 anal\u00f3gico. El mismo se lleva a cabo en la sede del canal sito en Avenida \u00c1ngel Gallardo 752 de esta Ciudad de Buenos Aires.<\/b><\/div>\n<p><\/b><\/p>\n<div style=\"text-align: justify\"><\/div>\n<p>El ingreso al local se produjo de forma violenta sin exhibir ning\u00fan tipo de documentaci\u00f3n; &nbsp;luego una \u00fanica persona de la emisora fue autorizada a acompa\u00f1arl a los funcionarios y no permitieron que fuera grabado el procedimiento. Una vez que ingresaron se exhibi\u00f3 la orden de allanamiento y decomiso en una causa en donde se los acusa de interferir una se\u00f1al  &#8211; Canal 20 &#8211; de la empresa PROSEGUR por medio de la cual se conectar\u00eda con la Polic\u00eda Federal. Referentes del medio opinaron que no solo es muy extra\u00f1o la ausencia de la Autoridad Federal sino mas extra\u00f1o a\u00fan resulta que, siendo un conflicto en el que la Polic\u00eda Federal es parte involucrada, tenga a cargo el procedimiento. Pasado el mediod\u00eda se hicieron presentes en el lugar representantes de la Autoridad Federal de S.C.A. \u2013 A.F.S.C.A \u2013 y de la Defensor\u00eda del P\u00fablico de S.C.A, quienes se encuentran en el lugar.<\/span><\/p>\n<div style=\"background-color: white;color: #444444;font-family: Calibri, sans-serif;font-size: 15px;line-height: 21.3px\"><\/div>\n<div style=\"clear: both;text-align: center\"><a href=\"http:\/\/2.bp.blogspot.com\/-2au4vQa_NK0\/VeoI1760fUI\/AAAAAAAAGRQ\/XqP704-Z6QE\/s1600\/logo.png\" style=\"clear: left;float: left;margin-bottom: 1em;margin-right: 1em\"><img loading=\"lazy\" decoding=\"async\" border=\"0\" height=\"200\" src=\"http:\/\/2.bp.blogspot.com\/-2au4vQa_NK0\/VeoI1760fUI\/AAAAAAAAGRQ\/XqP704-Z6QE\/s200\/logo.png\" width=\"183\" \/><\/a><\/div>\n<p><span style=\"font-family: Verdana, sans-serif\"><br \/>Cabe destacar que el Canal 20 es una se\u00f1al otorgada en los a\u00f1os `90 a la empresa de seguridad \u2013 que por entonces pertenec\u00eda al grupo Yabr\u00e1n \u2013 y que en los \u00faltimos tiempos y por denuncias realizada por los medios comunitarios la legislaci\u00f3n internacional exige que la se\u00f1al sea liberada y otorgada para radio difusi\u00f3n. Si existiese conflicto entre se\u00f1ales deber\u00edan ser resueltos con la competencia de la Autoridad Federal, es decir la A.F.S.C.A.. <br \/><\/span><\/p>\n<div style=\"background-color: white;color: #444444;font-family: Calibri, sans-serif;font-size: 15px;line-height: 21.3px\"><\/div>\n","protected":false},"excerpt":{"rendered":"<p>LA POLIC\u00cdA FEDERAL Y LA C.N.C. EN UN PROCEDIMIENTO CONJUNTO&nbsp; ALLANAN Y DECOMISAN MEDIO COMUNITARIO DE LA CIUDAD DE BUENOS AIRESEscuch\u00e1 el&nbsp;AUDIO CON EL COMPA\u00d1ERO DE ANTENA NEGRA DE LA SITUACI\u00d3N&nbsp;&nbsp;que sucedi\u00f3, para los micr\u00f3fonos de Fm Riachuelo Esta situaci\u00f3n preocupa profundamente a los Medios Comunitarios y a todos los involucrados en la lucha por [&hellip;]<\/p>\n","protected":false},"author":4,"featured_media":0,"comment_status":"open","ping_status":"open","sticky":false,"template":"","format":"standard","meta":{"_monsterinsights_skip_tracking":false,"_monsterinsights_sitenote_active":false,"_monsterinsights_sitenote_note":"","_monsterinsights_sitenote_category":0,"jnews-multi-image_gallery":[],"jnews_single_post":{"format":"standard"},"jnews_primary_category":[],"_joinchat":[],"footnotes":""},"categories":[58],"tags":[108,157,89],"class_list":["post-18391","post","type-post","status-publish","format-standard","hentry","category-noticiariachuelo","tag-comunicacion-popular","tag-nadie-se-salva-solo","tag-violencia-institucional"],"_links":{"self":[{"href":"http:\/\/fmriachuelo.it10.com.ar\/index.php\/wp-json\/wp\/v2\/posts\/18391","targetHints":{"allow":["GET"]}}],"collection":[{"href":"http:\/\/fmriachuelo.it10.com.ar\/index.php\/wp-json\/wp\/v2\/posts"}],"about":[{"href":"http:\/\/fmriachuelo.it10.com.ar\/index.php\/wp-json\/wp\/v2\/types\/post"}],"author":[{"embeddable":true,"href":"http:\/\/fmriachuelo.it10.com.ar\/index.php\/wp-json\/wp\/v2\/users\/4"}],"replies":[{"embeddable":true,"href":"http:\/\/fmriachuelo.it10.com.ar\/index.php\/wp-json\/wp\/v2\/comments?post=18391"}],"version-history":[{"count":1,"href":"http:\/\/fmriachuelo.it10.com.ar\/index.php\/wp-json\/wp\/v2\/posts\/18391\/revisions"}],"predecessor-version":[{"id":24041,"href":"http:\/\/fmriachuelo.it10.com.ar\/index.php\/wp-json\/wp\/v2\/posts\/18391\/revisions\/24041"}],"wp:attachment":[{"href":"http:\/\/fmriachuelo.it10.com.ar\/index.php\/wp-json\/wp\/v2\/media?parent=18391"}],"wp:term":[{"taxonomy":"category","embeddable":true,"href":"http:\/\/fmriachuelo.it10.com.ar\/index.php\/wp-json\/wp\/v2\/categories?post=18391"},{"taxonomy":"post_tag","embeddable":true,"href":"http:\/\/fmriachuelo.it10.com.ar\/index.php\/wp-json\/wp\/v2\/tags?post=18391"}],"curies":[{"name":"wp","href":"https:\/\/api.w.org\/{rel}","templated":true}]}}