{"id":18390,"date":"2015-09-06T17:12:00","date_gmt":"2015-09-06T17:12:00","guid":{"rendered":"http:\/\/fmriachuelo.observatorioess.org.ar\/index.php\/2015\/09\/06\/repudios-al-allanamiento-y-confiscacion-a-un-medio-comunitario-y-popular-antena-negra-tv\/"},"modified":"2025-05-13T17:05:57","modified_gmt":"2025-05-13T20:05:57","slug":"repudios-al-allanamiento-y-confiscacion-a-un-medio-comunitario-y-popular-antena-negra-tv","status":"publish","type":"post","link":"http:\/\/fmriachuelo.it10.com.ar\/index.php\/2015\/09\/06\/repudios-al-allanamiento-y-confiscacion-a-un-medio-comunitario-y-popular-antena-negra-tv\/","title":{"rendered":"REPUDIOS AL ALLANAMIENTO Y CONFISCACI\u00d3N A UN MEDIO COMUNITARIO Y POPULAR: ANTENA NEGRA TV"},"content":{"rendered":"<div style=\"clear: both;text-align: justify\"><b style=\"color: red;font-family: Verdana, sans-serif;font-size: x-large;text-align: start\">Decomiso a <\/b><b style=\"font-family: Verdana, sans-serif;font-size: x-large;text-align: start\">ANTENA NEGRA<\/b><b style=\"color: red;font-family: Verdana, sans-serif;font-size: x-large;text-align: start\"> <\/b><b style=\"font-family: Verdana, sans-serif;font-size: x-large;text-align: start\">TV<\/b><\/div>\n<div style=\"clear: both;text-align: center\"><a href=\"http:\/\/3.bp.blogspot.com\/-IAYkAAxIjuE\/VexzS23nBzI\/AAAAAAAAGS4\/qPQS4MVXORQ\/s1600\/Anita_ANTV-2556-810x540.jpg\" style=\"margin-left: 1em;margin-right: 1em\"><img loading=\"lazy\" decoding=\"async\" border=\"0\" height=\"213\" src=\"http:\/\/3.bp.blogspot.com\/-IAYkAAxIjuE\/VexzS23nBzI\/AAAAAAAAGS4\/qPQS4MVXORQ\/s320\/Anita_ANTV-2556-810x540.jpg\" width=\"320\" \/><\/a><\/div>\n<div style=\"clear: both;text-align: center\"><\/div>\n<p><span style=\"font-family: Verdana, sans-serif\"><\/p>\n<div style=\"text-align: justify\">[5 septiembre, 2015&nbsp;Fotos por Los ojos de Anita \/ Texto por Antena Negra TV]<\/div>\n<p><\/p>\n<div style=\"text-align: justify\">Creemos, a diferencia de la l\u00f3gica de los monopolios de las ideas, en que al autogesti\u00f3n no es una utop\u00eda. Hacemos pol\u00edtica a trav\u00e9s de la comunicaci\u00f3n. O sea que tenemos objetivos generales que esperamos realizar a trav\u00e9s de la herramienta que elegimos que es el medio audiovisual.<\/div>\n<div style=\"text-align: justify\">Vemos a nuestra sociedad regida por relaciones de explotaci\u00f3n, de alienaci\u00f3n, de discriminaci\u00f3n, una sociedad regida por la desigualdad y la dominaci\u00f3n, por la impunidad y la represi\u00f3n. Donde reina la pobreza material y cultural. Estas no son condiciones casuales, son los resultados de la sociedad capitalista que padecemos.<\/div>\n<div style=\"text-align: justify\">El escenario en el que vivimos no va a modificarse dentro de estas relaciones, porque hay sectores sociales que se privilegian dentro del capitalismo y utilizan a los medios de comunicaci\u00f3n como difusora de un \u00fanico pensamiento regido por la mezquindad, la mentira y la conveniencia de unos pocos. Contra ellos peleamos.<\/div>\n<div style=\"text-align: justify\"><\/div>\n<div style=\"text-align: justify\">En el d\u00eda de ayer, 4 de Septiembre, la Polic\u00eda Federal (PFA), junto con la Comisi\u00f3n Nacional de Comunicaciones (CNC) y la Autoridad Federal de Tecnolog\u00edas de la Informaci\u00f3n (AFTIC) allanaron el Canal Antena Negra TV (Canal 20 Digital \u2013 Canal 4 Analogico), llevandose equipos y destrozando el lugar.<\/div>\n<div style=\"text-align: justify\"><\/div>\n<div style=\"text-align: justify\"><span style=\"color: blue\">Fuente: Marcha, Producci\u00f3n Riachuelo<\/span><\/div>\n<p><\/span><\/p>\n","protected":false},"excerpt":{"rendered":"<p>Decomiso a ANTENA NEGRA TV [5 septiembre, 2015&nbsp;Fotos por Los ojos de Anita \/ Texto por Antena Negra TV] Creemos, a diferencia de la l\u00f3gica de los monopolios de las ideas, en que al autogesti\u00f3n no es una utop\u00eda. Hacemos pol\u00edtica a trav\u00e9s de la comunicaci\u00f3n. O sea que tenemos objetivos generales que esperamos realizar [&hellip;]<\/p>\n","protected":false},"author":4,"featured_media":0,"comment_status":"open","ping_status":"open","sticky":false,"template":"","format":"standard","meta":{"_monsterinsights_skip_tracking":false,"_monsterinsights_sitenote_active":false,"_monsterinsights_sitenote_note":"","_monsterinsights_sitenote_category":0,"jnews-multi-image_gallery":[],"jnews_single_post":{"format":"standard"},"jnews_primary_category":[],"_joinchat":[],"footnotes":""},"categories":[58],"tags":[108,89],"class_list":["post-18390","post","type-post","status-publish","format-standard","hentry","category-noticiariachuelo","tag-comunicacion-popular","tag-violencia-institucional"],"_links":{"self":[{"href":"http:\/\/fmriachuelo.it10.com.ar\/index.php\/wp-json\/wp\/v2\/posts\/18390","targetHints":{"allow":["GET"]}}],"collection":[{"href":"http:\/\/fmriachuelo.it10.com.ar\/index.php\/wp-json\/wp\/v2\/posts"}],"about":[{"href":"http:\/\/fmriachuelo.it10.com.ar\/index.php\/wp-json\/wp\/v2\/types\/post"}],"author":[{"embeddable":true,"href":"http:\/\/fmriachuelo.it10.com.ar\/index.php\/wp-json\/wp\/v2\/users\/4"}],"replies":[{"embeddable":true,"href":"http:\/\/fmriachuelo.it10.com.ar\/index.php\/wp-json\/wp\/v2\/comments?post=18390"}],"version-history":[{"count":1,"href":"http:\/\/fmriachuelo.it10.com.ar\/index.php\/wp-json\/wp\/v2\/posts\/18390\/revisions"}],"predecessor-version":[{"id":24043,"href":"http:\/\/fmriachuelo.it10.com.ar\/index.php\/wp-json\/wp\/v2\/posts\/18390\/revisions\/24043"}],"wp:attachment":[{"href":"http:\/\/fmriachuelo.it10.com.ar\/index.php\/wp-json\/wp\/v2\/media?parent=18390"}],"wp:term":[{"taxonomy":"category","embeddable":true,"href":"http:\/\/fmriachuelo.it10.com.ar\/index.php\/wp-json\/wp\/v2\/categories?post=18390"},{"taxonomy":"post_tag","embeddable":true,"href":"http:\/\/fmriachuelo.it10.com.ar\/index.php\/wp-json\/wp\/v2\/tags?post=18390"}],"curies":[{"name":"wp","href":"https:\/\/api.w.org\/{rel}","templated":true}]}}