{"id":18381,"date":"2015-08-30T15:32:00","date_gmt":"2015-08-30T15:32:00","guid":{"rendered":"http:\/\/fmriachuelo.observatorioess.org.ar\/index.php\/2015\/08\/30\/celac-pronunciamiento-sobre-guantanamo\/"},"modified":"2025-05-13T15:31:10","modified_gmt":"2025-05-13T18:31:10","slug":"celac-pronunciamiento-sobre-guantanamo","status":"publish","type":"post","link":"http:\/\/fmriachuelo.it10.com.ar\/index.php\/2015\/08\/30\/celac-pronunciamiento-sobre-guantanamo\/","title":{"rendered":"CELAC: PRONUNCIAMIENTO SOBRE GUANT\u00c1NAMO"},"content":{"rendered":"<div><span style=\"color: red;font-family: Verdana, sans-serif;font-size: large\"><b>TERRITORIO SOBERANO<\/b><\/span><\/div>\n<p><span style=\"font-family: Verdana, sans-serif\">La Celac afirma que Estados Unidos debe devolver el territorio de Guant\u00e1namo a Cuba<\/span><\/p>\n<div style=\"clear: both;text-align: center\"><a href=\"http:\/\/2.bp.blogspot.com\/-B5m6XliaYPI\/VeMhihLvZFI\/AAAAAAAAGKc\/HdBrsTeBQnM\/s1600\/celac.jpg\" style=\"clear: left;float: left;margin-bottom: 1em;margin-right: 1em\"><img decoding=\"async\" border=\"0\" src=\"http:\/\/2.bp.blogspot.com\/-B5m6XliaYPI\/VeMhihLvZFI\/AAAAAAAAGKc\/HdBrsTeBQnM\/s1600\/celac.jpg\" \/><\/a><\/div>\n<p><span style=\"font-family: Verdana, sans-serif\"><\/p>\n<div style=\"text-align: justify\">La Comunidad de Estados Latinoame\u00adricanos y Caribe\u00f1os (Celac) ha considerado que la devoluci\u00f3n a Cuba del territorio que ocupa la Base Naval de los Estados Unidos en Guant\u00e1namo, ser\u00eda un elemento relevante en el proceso hacia la normalizaci\u00f3n de relaciones entre la Rep\u00fablica de Cuba y los Estados Unidos.<\/div>\n<div style=\"text-align: justify\"><\/div>\n<div style=\"text-align: justify\">As\u00ed lo dio a conocer en un comunicado, durante la XIII Reuni\u00f3n de Coordinadores Nacionales de la Celac, que sesion\u00f3 en Quito, Ecuador, desde el pasado d\u00eda 26 hasta ayer, y en la cual la delegaci\u00f3n cubana estuvo presidida por Abelardo Moreno, viceministro de Relaciones Exteriores.<\/div>\n<div style=\"text-align: justify\"><\/div>\n<div style=\"text-align: justify\"><span style=\"color: blue\">Nodal, Producci\u00f3n Riachuelo<\/span><\/div>\n<p><\/span><\/p>\n","protected":false},"excerpt":{"rendered":"<p>TERRITORIO SOBERANO La Celac afirma que Estados Unidos debe devolver el territorio de Guant\u00e1namo a Cuba La Comunidad de Estados Latinoame\u00adricanos y Caribe\u00f1os (Celac) ha considerado que la devoluci\u00f3n a Cuba del territorio que ocupa la Base Naval de los Estados Unidos en Guant\u00e1namo, ser\u00eda un elemento relevante en el proceso hacia la normalizaci\u00f3n de [&hellip;]<\/p>\n","protected":false},"author":4,"featured_media":0,"comment_status":"open","ping_status":"open","sticky":false,"template":"","format":"standard","meta":{"_monsterinsights_skip_tracking":false,"_monsterinsights_sitenote_active":false,"_monsterinsights_sitenote_note":"","_monsterinsights_sitenote_category":0,"jnews-multi-image_gallery":[],"jnews_single_post":{"format":"standard"},"jnews_primary_category":[],"_joinchat":[],"footnotes":""},"categories":[58],"tags":[70,167],"class_list":["post-18381","post","type-post","status-publish","format-standard","hentry","category-noticiariachuelo","tag-de-la-patria-grande","tag-politica-internacional"],"_links":{"self":[{"href":"http:\/\/fmriachuelo.it10.com.ar\/index.php\/wp-json\/wp\/v2\/posts\/18381","targetHints":{"allow":["GET"]}}],"collection":[{"href":"http:\/\/fmriachuelo.it10.com.ar\/index.php\/wp-json\/wp\/v2\/posts"}],"about":[{"href":"http:\/\/fmriachuelo.it10.com.ar\/index.php\/wp-json\/wp\/v2\/types\/post"}],"author":[{"embeddable":true,"href":"http:\/\/fmriachuelo.it10.com.ar\/index.php\/wp-json\/wp\/v2\/users\/4"}],"replies":[{"embeddable":true,"href":"http:\/\/fmriachuelo.it10.com.ar\/index.php\/wp-json\/wp\/v2\/comments?post=18381"}],"version-history":[{"count":1,"href":"http:\/\/fmriachuelo.it10.com.ar\/index.php\/wp-json\/wp\/v2\/posts\/18381\/revisions"}],"predecessor-version":[{"id":23994,"href":"http:\/\/fmriachuelo.it10.com.ar\/index.php\/wp-json\/wp\/v2\/posts\/18381\/revisions\/23994"}],"wp:attachment":[{"href":"http:\/\/fmriachuelo.it10.com.ar\/index.php\/wp-json\/wp\/v2\/media?parent=18381"}],"wp:term":[{"taxonomy":"category","embeddable":true,"href":"http:\/\/fmriachuelo.it10.com.ar\/index.php\/wp-json\/wp\/v2\/categories?post=18381"},{"taxonomy":"post_tag","embeddable":true,"href":"http:\/\/fmriachuelo.it10.com.ar\/index.php\/wp-json\/wp\/v2\/tags?post=18381"}],"curies":[{"name":"wp","href":"https:\/\/api.w.org\/{rel}","templated":true}]}}