{"id":1838,"date":"2016-05-17T19:32:45","date_gmt":"2016-05-17T19:32:45","guid":{"rendered":"http:\/\/fmriachuelo.com.ar\/ljkjklj\/?p=1838"},"modified":"2016-05-17T19:32:45","modified_gmt":"2016-05-17T19:32:45","slug":"caba-trabajadores-cooperativistas-ocupan-pacificamente-ministerio-de-desarrollo-social","status":"publish","type":"post","link":"http:\/\/fmriachuelo.it10.com.ar\/index.php\/2016\/05\/17\/caba-trabajadores-cooperativistas-ocupan-pacificamente-ministerio-de-desarrollo-social\/","title":{"rendered":"CABA: TRABAJADORES COOPERATIVISTAS OCUPAN PAC\u00cdFICAMENTE MINISTERIO DE DESARROLLO SOCIAL"},"content":{"rendered":"<p style=\"text-align: justify\"><img loading=\"lazy\" decoding=\"async\" class=\"alignleft wp-image-1839 size-medium\" src=\"http:\/\/fmriachuelo.com.ar\/ljkjklj\/wp-content\/uploads\/2016\/05\/coop-1-300x225.jpg\" alt=\"coop\" width=\"300\" height=\"225\" \/><\/p>\n<p style=\"text-align: justify\">Reproducimos\u00a0Comunicado de prensa<\/p>\n<p style=\"text-align: justify\">Larreta miente y rompe el di\u00e1logo con los trabajadores de las cooperativas<\/p>\n<p style=\"text-align: justify\">En estos momentos, las organizaciones que protagonizamos el acampe pac\u00edfico en la jefatura de Gobierno nos encontramos con que los funcionarios niega el compromiso asumido de aumento salarial cercano a nuestro reclamo del 40% y 250 nuevos puestos de trabajo para los compa\u00f1eros desocupados por el cual se levant\u00f3 la medida el jueves por la madrugada. En linea con las mentiras y ataques de Larreta a los miles de compa\u00f1eros que luchan por sus condiciones de vida, ahora desconocen el acuerdo.<!--more--><\/p>\n<p style=\"text-align: justify\">Los referentes y delegados de las organizaciones nos mantendremos en el Ministerio de Desarrollo Social del GCBA (Pavon y Entre Rios) ocupando la Subsecretaria de Econom\u00eda Social hasta que los funcionarios den respuesta a nuestros reclamos.<\/p>\n<p style=\"text-align: justify\">Contactos:<br \/>\nAGTCAP\/FOL: \u00a0Matias Pacheco 11-2374-2813<br \/>\nAgrupaci\u00f3n Clasista Lucha y Trabajo: \u00a0Sergio P\u00e1rraga 15-6143-5756<br \/>\nPolo Obrero: \u00a0Maria Tango: 115-896-0311<br \/>\nFrente Popular Dario Santillan: Santiago Ag\u00fcero 15-2319-1899<br \/>\nTendencia Piquetera Revolucionaria: \u00a0Juan Marino 11-6335-9278<br \/>\nAgrupaci\u00f3n Lxs Invisibles: \u00a0Sebasti\u00e1n Zubizarreta 11-3676-8020<br \/>\nFederaci\u00f3n de Organizaciones de Base: \u00a0Leandro 15-5338-9742<br \/>\nMovimiento Resistencia Popular: \u00a0Ezequiel 15-6303-9613<\/p>\n<p>Ma\u00f1ana a las 7 am conf. de prensa y a las 8 corte en Pavon y En Rios<\/p>\n","protected":false},"excerpt":{"rendered":"<p>Reproducimos\u00a0Comunicado de prensa Larreta miente y rompe el di\u00e1logo con los trabajadores de las cooperativas En estos momentos, las organizaciones que protagonizamos el acampe pac\u00edfico en la jefatura de Gobierno nos encontramos con que los funcionarios niega el compromiso asumido de aumento salarial cercano a nuestro reclamo del 40% y 250 nuevos puestos de trabajo [&hellip;]<\/p>\n","protected":false},"author":4,"featured_media":1836,"comment_status":"open","ping_status":"open","sticky":false,"template":"","format":"aside","meta":{"_monsterinsights_skip_tracking":false,"_monsterinsights_sitenote_active":false,"_monsterinsights_sitenote_note":"","_monsterinsights_sitenote_category":0,"jnews-multi-image_gallery":[],"jnews_single_post":[],"jnews_primary_category":[],"_joinchat":[],"footnotes":""},"categories":[78,75],"tags":[],"class_list":["post-1838","post","type-post","status-publish","format-aside","has-post-thumbnail","hentry","category-economia-popular","category-trabajo","post_format-post-format-aside"],"_links":{"self":[{"href":"http:\/\/fmriachuelo.it10.com.ar\/index.php\/wp-json\/wp\/v2\/posts\/1838","targetHints":{"allow":["GET"]}}],"collection":[{"href":"http:\/\/fmriachuelo.it10.com.ar\/index.php\/wp-json\/wp\/v2\/posts"}],"about":[{"href":"http:\/\/fmriachuelo.it10.com.ar\/index.php\/wp-json\/wp\/v2\/types\/post"}],"author":[{"embeddable":true,"href":"http:\/\/fmriachuelo.it10.com.ar\/index.php\/wp-json\/wp\/v2\/users\/4"}],"replies":[{"embeddable":true,"href":"http:\/\/fmriachuelo.it10.com.ar\/index.php\/wp-json\/wp\/v2\/comments?post=1838"}],"version-history":[{"count":0,"href":"http:\/\/fmriachuelo.it10.com.ar\/index.php\/wp-json\/wp\/v2\/posts\/1838\/revisions"}],"wp:featuredmedia":[{"embeddable":true,"href":"http:\/\/fmriachuelo.it10.com.ar\/index.php\/wp-json\/"}],"wp:attachment":[{"href":"http:\/\/fmriachuelo.it10.com.ar\/index.php\/wp-json\/wp\/v2\/media?parent=1838"}],"wp:term":[{"taxonomy":"category","embeddable":true,"href":"http:\/\/fmriachuelo.it10.com.ar\/index.php\/wp-json\/wp\/v2\/categories?post=1838"},{"taxonomy":"post_tag","embeddable":true,"href":"http:\/\/fmriachuelo.it10.com.ar\/index.php\/wp-json\/wp\/v2\/tags?post=1838"}],"curies":[{"name":"wp","href":"https:\/\/api.w.org\/{rel}","templated":true}]}}